{"id":156086,"date":"2013-12-06T00:07:22","date_gmt":"2013-12-06T06:07:22","guid":{"rendered":"http:\/\/www.diarioimagen.net\/?p=156086"},"modified":"2013-12-09T02:12:38","modified_gmt":"2013-12-09T08:12:38","slug":"no-me-eligieron-para-administrar-una-imagen-mancera","status":"publish","type":"post","link":"https:\/\/www.diarioimagen.net\/?p=156086","title":{"rendered":"\u201cNo me eligieron para administrar una imagen\u201d: Mancera"},"content":{"rendered":"<h2>Tras la puerta del poder<\/h2>\n<h5>Roberto Vizca\u00edno<\/h5>\n<p>&nbsp;<\/p>\n<ul>\n<li><strong><i>El jefe de Gobierno afirm\u00f3 que no est\u00e1 en el cargo para ver ah\u00ed por su futuro, sino para cumplirle a sus votantes \u00a0<\/i><\/strong><\/li>\n<li><strong><i>El 1 de enero entra en vigor la facturaci\u00f3n electr\u00f3nica, pero 5 millones no han tramitado su inscripci\u00f3n<\/i><\/strong><\/li>\n<li><strong><i>Este fin de semana se aprobar\u00e1 en lo esencial la reforma energ\u00e9tica en el Senado y C\u00e1mara de Diputados\u00a0<\/i><\/strong><\/li>\n<\/ul>\n<div id=\"attachment_156127\" style=\"width: 250px\" class=\"wp-caption alignleft\"><a href=\"http:\/\/www.diarioimagen.net\/wp-content\/uploads\/2013\/12\/MANDELA-trizas-2245.jpg\"><img loading=\"lazy\" decoding=\"async\" aria-describedby=\"caption-attachment-156127\" class=\"size-medium wp-image-156127\" alt=\"Mandela\u2026 | Trizas\" src=\"http:\/\/www.diarioimagen.net\/wp-content\/uploads\/2013\/12\/MANDELA-trizas-2245-240x222.jpg\" width=\"240\" height=\"222\" srcset=\"https:\/\/www.diarioimagen.net\/wp-content\/uploads\/2013\/12\/MANDELA-trizas-2245-240x222.jpg 240w, https:\/\/www.diarioimagen.net\/wp-content\/uploads\/2013\/12\/MANDELA-trizas-2245-420x390.jpg 420w, https:\/\/www.diarioimagen.net\/wp-content\/uploads\/2013\/12\/MANDELA-trizas-2245.jpg 700w\" sizes=\"auto, (max-width: 240px) 100vw, 240px\" \/><\/a><p id=\"caption-attachment-156127\" class=\"wp-caption-text\">Mandela\u2026 | Trizas<\/p><\/div>\n<p>En respuesta a quienes lo critican por no ejercer la represi\u00f3n contra manifestantes violentos y la toma de espacios p\u00fablicos, lo cual ha repercutido en una ca\u00edda de su popularidad, el jefe de Gobierno, Miguel \u00c1ngel Mancera, afirm\u00f3:<\/p>\n<p>\u201cYo no vengo aqu\u00ed a ver por mi futuro, yo tengo que trabajar por el futuro de ustedes, por el futuro de la ciudad, por el futuro de nuestros hijos.<\/p>\n<p>\u201cNo protest\u00e9 la encomienda que se me dio por esta ciudad para administrar una imagen, la acept\u00e9 para gobernar\u201d, subray\u00f3.<\/p>\n<p>As\u00ed, al cumplir su primer a\u00f1o de gobierno, durante un acto informativo realizado en el Auditorio Nacional ante unos 5 mil capitalinos de las 16 delegaciones, Mancera reconoci\u00f3 que el a\u00f1o que concluye ha sido muy dif\u00edcil para \u00e9l.<\/p>\n<p>En este punto advirti\u00f3 que si bien es un gobernante que respeta las libertades, no permitir\u00e1 que los violentos arrasen con lo alcanzado por los capitalinos.<\/p>\n<p>\u201cNo existe -y lo digo con claridad-, ning\u00fan derecho humano que se sustente en la violencia, la violencia es negaci\u00f3n del derecho, nos lastima a todos\u201d.<\/p>\n<p>A ellos y a todos les indic\u00f3 que continuar\u00e1 gobernando \u201ccon toda responsabilidad y con toda convicci\u00f3n, con pasi\u00f3n, como se tiene que ejercer el gobierno, sintiendo la voz de todas y de todos los mexicanos de esta capital\u2026\u201d.<\/p>\n<p>Y agreg\u00f3:<\/p>\n<p>\u201cEsta es una ciudad de libertad, no podemos permitir que la violencia destruya lo que hemos construido con paciencia y con reflexi\u00f3n. Esta ciudad ha conquistado derechos para todas y para todos\u201d.<\/p>\n<p>En su intervenci\u00f3n Mancera indic\u00f3 que ha intentado construir un gobierno responsable, fiel a los principios y convicciones progresistas, un gobierno que combina el valor de la libertad con el de la justicia social, que concilia, sin menoscabo un ideal de igualdad con un principio de libertad.<\/p>\n<p>Ah\u00ed anunci\u00f3 que en el a\u00f1o que comienza, el segundo de su gesti\u00f3n, lo dedicar\u00e1 a construir lo que denomin\u00f3 \u201cLa Capital Social\u201d y que arrancar\u00e1 a partir de la organicidad de los programas sociales que ya se aplican \u2014pensi\u00f3n a adultos mayores, becas a estudiantes, atenci\u00f3n y ayudas a discapacitados, impulso a emprendedores, acceso universal a la salud, bono de desempleo, etc- para convertir a esta ciudad en la primera en asistencia social del pa\u00eds.<\/p>\n<p>Adicionalmente se impulsar\u00e1n otros programas como el de la pavimentaci\u00f3n, creaci\u00f3n de parques recreativos, ampliaci\u00f3n de rutas para ciclistas, ampliaci\u00f3n de la l\u00ednea 12 del metro hasta Observatorio, m\u00e1s rutas de Metrob\u00fas, la creaci\u00f3n de la ciudad de la salud, etc., en beneficio de los habitantes del Distrito Federal y de los 5 millones de mexicanos que la visitan todos los d\u00edas.<\/p>\n<p>Durante su informe-celebraci\u00f3n del primer a\u00f1o de su gobierno, Mancera estuvo acompa\u00f1ado por los principales l\u00edderes pol\u00edticos, entre ellos Cuauht\u00e9moc C\u00e1rdenas, Porfirio Mu\u00f1oz Ledo, la plana mayor del PRD nacional y capitalino; Jos\u00e9 Narro, rector de la UNAM, las c\u00fapulas de las diferentes iglesias y de la empresa, industria y el capital.<\/p>\n<p align=\"center\">\u00a0<b>ES DE AVANZADA<\/b><\/p>\n<p>En otro \u00e1mbito y ante otras cr\u00edticas, el coordinador de los diputados federales del PRI, el sonorense Manlio Fabio Beltrones, advirti\u00f3 ayer que en San L\u00e1zaro se aprobar\u00e1 conforme a lo pactado la reforma pol\u00edtica, pero que eso se har\u00e1 porque esta es una reforma de avanzada\u2026 \u201cporque propiciar\u00e1 el avance democr\u00e1tico del pa\u00eds\u201d.<\/p>\n<p>Esta reforma, asegur\u00f3, contiene figuras novedosas que vienen de gobiernos de coalici\u00f3n, como la ratificaci\u00f3n de gabinete\u2026 es la b\u00fasqueda de la verdadera transici\u00f3n de un r\u00e9gimen pol\u00edtico a otro, m\u00e1s all\u00e1 de la simple alternancia\u2026 se trata de empoderar m\u00e1s a los ciudadanos que a los partidos pol\u00edticos, o a sus dirigentes.<\/p>\n<p align=\"center\">\u00a0<b>PANISTAS PREOCUPADOS<\/b><\/p>\n<p>En la otra c\u00e1mara, la de Senadores, aliviados luego de haber sacado \u201cfast-track\u201d la reforma pol\u00edtica, los senadores recibieron un exhorto de la bancada panista para pedir que Hacienda dictamine una pr\u00f3rroga en el inicio de la expedici\u00f3n de facturas electr\u00f3nicas prevista para ser expedidas desde el primero de enero.<\/p>\n<p>Los panistas indicaron que hasta el momento, m\u00e1s de 5 millones de contribuyentes no han hecho el tr\u00e1mite para poder facturar de manera electr\u00f3nica y van a caer en incumplimiento.<\/p>\n<p>Para poder cumplir con lo establecido en la nueva Ley Fiscal, esos morosos tendr\u00edan que registrarse de a 200 mil por d\u00eda de aqu\u00ed al 1 de enero lo cual es casi imposible.<\/p>\n<p>Todo eso sin contar con que hay un buen n\u00famero de contribuyentes ajenos al proceso digital&#8230; y otros muchos que viven en zonas rurales, en peque\u00f1os poblados sin servicio de tel\u00e9fono e internet o, por ejemplo en peque\u00f1as comunidades pesqueras que viven en islas.<\/p>\n<p>De tal forma que la pr\u00f3rroga es necesaria, indicaron los blanquiazules.<\/p>\n<p align=\"center\">\u00a0<b>LA ENERG\u00c9TICA, COMO LAS OTRAS<\/b><\/p>\n<p>Senadores y diputados del PRI, PAN, Verde y Panal se preparaban ayer mental y f\u00edsicamente para enfrentar uno de los fines e inicios de semana m\u00e1s agitados y tensos.<\/p>\n<p>Y es que en estos d\u00edas, especialmente a partir del domingo, comenzar\u00e1n a analizar y debatir \u2014cuando menos formalmente-, la reforma energ\u00e9tica que se espera sea aprobada por ambas c\u00e1maras antes del martes pr\u00f3ximo porque el mi\u00e9rcoles inician el puente del 12 de diciembre y regresan s\u00f3lo para declarar concluido el actual periodo de sesiones.<\/p>\n<p>Para quienes ven, creen y piensan que el r\u00e1pido proceso de aprobaci\u00f3n de la reforma energ\u00e9tica es una trasgresi\u00f3n legislativa inaceptable, habr\u00eda que recordarles que as\u00ed de r\u00e1pido se tramitaron la educativa, de telecomunicaciones y la pol\u00edtica.<\/p>\n<p>No hay sorpresas. Adem\u00e1s el que pasen r\u00e1pido por el Senado y la C\u00e1mara de Diputados no significa que no sean reformas ampliamente debatidas. Por el contrario.<\/p>\n<p>Los hechos indican que est\u00e1n debatidas y negociadas en exceso. S\u00f3lo que eso ha ocurrido en la mesa de negociaci\u00f3n del \u201cConsejo Rector del Pacto por M\u00e9xico\u201d donde han estado presentes diputados y senadores de todos los partidos.<\/p>\n<p>As\u00ed que la agenda a que ser\u00e1 sometida esta reforma energ\u00e9tica no es m\u00e1s que una consecuencia de ese proceso.<\/p>\n<p align=\"center\"><b>UNA EXPLICACI\u00d3N CONTROVERTIDA<\/b><\/p>\n<p>Dentro de la reforma energ\u00e9tica en curso, un tema que causa mucho escozor entre algunos mexicanos, es el de la apertura a los contratos de producci\u00f3n compartida.<\/p>\n<p>Pero, \u00bfqu\u00e9 son los contratos de utilidad compartida y de producci\u00f3n compartida?, \u00bfpor qu\u00e9 provocan tanto rechazo?<\/p>\n<p>Ayer el coordinador de los senadores del PAN, el colimense Jorge Luis Preciado, lo explic\u00f3 as\u00ed:<\/p>\n<p>\u201cTe lo explico: La diferencia (entre un tipo de contrato con otro) est\u00e1 en que (los que se aplican ahora, de utilidad compartida, se basan en que) la comercializaci\u00f3n (del petr\u00f3leo) la hace una sola empresa del Estado. Y entonces, si tienes una sola empresa del Estado tienes un monopolio estatal.<\/p>\n<p>Entonces si t\u00fa vas a coinvertir con una empresa, con un monopolio, est\u00e1 sujeto a si esa empresa hace un buen negocio o hace un mal negocio. Si hace un mal negocio y no qued\u00f3 ganancia, pues todo lo que invertiste lo vas a perder.<\/p>\n<p>\u201cPor eso ese modelo s\u00f3lo lo tienen tres pa\u00edses: Irak, que despu\u00e9s de la intervenci\u00f3n norteamericana s\u00f3lo le funcion\u00f3 dos a\u00f1os, Bolivia y Ecuador.<\/p>\n<p>\u201cEl modelo que estamos planteando, de producci\u00f3n compartida, sin renunciar a \u00e9se, si alguien quiere irse en esa modalidad se puede, es el que tiene Noruega o el que tiene la mayor parte de los pa\u00edses que son potencias en hidrocarburos, que son por ejemplo Noruega, te pongo el caso noruego, que tiene contratos de producci\u00f3n compartida en la que se asocian dos empresas, una del Estado y una empresa privada, extraen petr\u00f3leo, un tubo se va para el Estado y el otro tubo se va para la empresa privada, pero a ese tubo que se va para la empresa privada se le pone un contador de barriles, que lo puedes verificar hasta\u00a0 por internet.<\/p>\n<p>\u201cDe cada barril (los privados) pagan un royalty, lo que es la renta petrolera, es decir, les voy a poner el ejemplo noruego: son 100 d\u00f3lares que cuesta un barril, de entrada tienen que darle 50 al Estado porque el petr\u00f3leo no es de ellos, el petr\u00f3leo sigue siendo del Estado noruego, pero adem\u00e1s tiene que pagar 22 d\u00f3lares de impuestos, pero adem\u00e1s tienen que pagar otros 8 d\u00f3lares de Impuesto Sobre la Renta y un impuesto especial, entonces al final del d\u00eda el Estado noruego se queda con 80 d\u00f3lares o m\u00e1s y la empresa que invirti\u00f3 se queda con 20, o sea, quien hace el negocio es el Estado, no la empresa, \u00e9se es el esquema de producci\u00f3n compartida\u201d.<\/p>\n<p>C\u00f3mo la ve Usted\u2026 \u00bfser\u00e1 en realidad tan f\u00e1cil y rosa como lo pinta Preciado?<\/p>\n<p><em><a href=\"mailto:rvizcainoa@gmail.com\">rvizcainoa@gmail.com<\/a><\/em><\/p>\n","protected":false},"excerpt":{"rendered":"<p><span style=\"color: #005497;\"><strong>Roberto Vizca\u00edno<\/strong><\/span><br \/>\n<br \/>\nEn respuesta a quienes lo critican por no ejercer la represi\u00f3n contra manifestantes violentos y la toma de espacios p\u00fablicos, lo cual ha repercutido en una ca\u00edda de su popularidad, el jefe de Gobierno, Miguel \u00c1ngel Mancera, afirm\u00f3:<\/p>\n","protected":false},"author":3,"featured_media":156127,"comment_status":"open","ping_status":"open","sticky":false,"template":"","format":"standard","meta":{"_monsterinsights_skip_tracking":false,"_monsterinsights_sitenote_active":false,"_monsterinsights_sitenote_note":"","_monsterinsights_sitenote_category":0,"footnotes":""},"categories":[136],"tags":[98,43674,93,1409,94],"class_list":["post-156086","post","type-post","status-publish","format-standard","has-post-thumbnail","hentry","category-roberto-vizcaino-opinion","tag-camara-de-diputados","tag-opinion","tag-roberto-vizcaino","tag-senado","tag-tras-la-puerta-del-poder"],"_links":{"self":[{"href":"https:\/\/www.diarioimagen.net\/index.php?rest_route=\/wp\/v2\/posts\/156086","targetHints":{"allow":["GET"]}}],"collection":[{"href":"https:\/\/www.diarioimagen.net\/index.php?rest_route=\/wp\/v2\/posts"}],"about":[{"href":"https:\/\/www.diarioimagen.net\/index.php?rest_route=\/wp\/v2\/types\/post"}],"author":[{"embeddable":true,"href":"https:\/\/www.diarioimagen.net\/index.php?rest_route=\/wp\/v2\/users\/3"}],"replies":[{"embeddable":true,"href":"https:\/\/www.diarioimagen.net\/index.php?rest_route=%2Fwp%2Fv2%2Fcomments&post=156086"}],"version-history":[{"count":0,"href":"https:\/\/www.diarioimagen.net\/index.php?rest_route=\/wp\/v2\/posts\/156086\/revisions"}],"wp:featuredmedia":[{"embeddable":true,"href":"https:\/\/www.diarioimagen.net\/index.php?rest_route=\/wp\/v2\/media\/156127"}],"wp:attachment":[{"href":"https:\/\/www.diarioimagen.net\/index.php?rest_route=%2Fwp%2Fv2%2Fmedia&parent=156086"}],"wp:term":[{"taxonomy":"category","embeddable":true,"href":"https:\/\/www.diarioimagen.net\/index.php?rest_route=%2Fwp%2Fv2%2Fcategories&post=156086"},{"taxonomy":"post_tag","embeddable":true,"href":"https:\/\/www.diarioimagen.net\/index.php?rest_route=%2Fwp%2Fv2%2Ftags&post=156086"}],"curies":[{"name":"wp","href":"https:\/\/api.w.org\/{rel}","templated":true}]}}