{"id":156190,"date":"2013-12-08T12:09:37","date_gmt":"2013-12-08T18:09:37","guid":{"rendered":"http:\/\/www.diarioimagen.net\/?p=156190"},"modified":"2013-12-09T06:10:21","modified_gmt":"2013-12-09T12:10:21","slug":"senado-arranca-discusion-de-reforma-energetica-cercado-por-manifestantes","status":"publish","type":"post","link":"https:\/\/www.diarioimagen.net\/?p=156190","title":{"rendered":"Senado arranca discusi\u00f3n de reforma energ\u00e9tica, cercado por manifestantes"},"content":{"rendered":"<ul>\n<li><em><strong>En la C\u00e1mara Alta arranc\u00f3 la discusi\u00f3n del proyecto de dictamen de la reforma constitucional, ante las protestas de Morena y simpatizantes de izquierda<\/strong><\/em><\/li>\n<\/ul>\n<div id=\"attachment_156191\" style=\"width: 250px\" class=\"wp-caption alignleft\"><img loading=\"lazy\" decoding=\"async\" aria-describedby=\"caption-attachment-156191\" class=\"size-medium wp-image-156191\" alt=\"Del otro lado de la valla, polic\u00edas se niegan a revelar si hay un plan b para establecer el Senado o para el ingreso de los legisladores.\" src=\"http:\/\/www.diarioimagen.net\/wp-content\/uploads\/2013\/12\/SENADO-PORTAL2-240x135.jpg\" width=\"240\" height=\"135\" srcset=\"https:\/\/www.diarioimagen.net\/wp-content\/uploads\/2013\/12\/SENADO-PORTAL2-240x135.jpg 240w, https:\/\/www.diarioimagen.net\/wp-content\/uploads\/2013\/12\/SENADO-PORTAL2-420x236.jpg 420w, https:\/\/www.diarioimagen.net\/wp-content\/uploads\/2013\/12\/SENADO-PORTAL2-235x132.jpg 235w, https:\/\/www.diarioimagen.net\/wp-content\/uploads\/2013\/12\/SENADO-PORTAL2-202x114.jpg 202w, https:\/\/www.diarioimagen.net\/wp-content\/uploads\/2013\/12\/SENADO-PORTAL2-350x196.jpg 350w, https:\/\/www.diarioimagen.net\/wp-content\/uploads\/2013\/12\/SENADO-PORTAL2-220x123.jpg 220w, https:\/\/www.diarioimagen.net\/wp-content\/uploads\/2013\/12\/SENADO-PORTAL2-237x132.jpg 237w, https:\/\/www.diarioimagen.net\/wp-content\/uploads\/2013\/12\/SENADO-PORTAL2.jpg 480w\" sizes=\"auto, (max-width: 240px) 100vw, 240px\" \/><p id=\"caption-attachment-156191\" class=\"wp-caption-text\">Del otro lado de la valla, polic\u00edas se niegan a revelar si hay un plan b para establecer el Senado o para el ingreso de los legisladores.<\/p><\/div>\n<p>En el Senado de la Rep\u00fablica, comisiones unidas iniciaron la sesi\u00f3n extraordinaria en la que comenzar\u00e1 a discutirse el proyecto de dictamen de la reforma energ\u00e9tica.<\/p>\n<p>Las comisiones unidas de Puntos Constitucionales, Energ\u00eda y de Estudios Legislativos Primera sesionan para tal efecto, mientras afuera del recinto senatorial cientos de manifestantes llegaron a las inmediaciones de la C\u00e1mara Alta, desde tempranas horas de este domingo.<\/p>\n<p>Activistas del Movimiento Regeneraci\u00f3n Nacional (Morena) y de otras agrupaciones sindicales, pol\u00edticas y sociales se instalaron en la zona, para protestar por la mencionada reforma constitucional e instalar un cerco en las calles principales de ingreso a la sede del recinto legislativo.<\/p>\n<p>Mientras algunos golpean con cucharas o piedras la valla met\u00e1lica instalada para resguardar las instalaciones, otros lanzan consignas contra lo que llaman la privatizaci\u00f3n del petr\u00f3leo mexicano.<\/p>\n<p>Tras el muro met\u00e1lico permanecen de guardia elementos de la Polic\u00eda Federal.<\/p>\n<p>Minutos despu\u00e9s de las 10:30 horas lleg\u00f3 el presidente del Comit\u00e9 Ejecutivo Nacional de Morena, Mart\u00ed Batres Guadarrama, al cerco que mantienen sus simpatizantes en el punto de Insurgentes y Reforma.<\/p>\n","protected":false},"excerpt":{"rendered":"<p>En el Senado de la Rep\u00fablica, comisiones unidas iniciaron la sesi\u00f3n extraordinaria en la que comenzar\u00e1 a discutirse el proyecto de dictamen de la reforma energ\u00e9tica.<\/p>\n","protected":false},"author":5,"featured_media":156191,"comment_status":"open","ping_status":"open","sticky":false,"template":"","format":"standard","meta":{"_monsterinsights_skip_tracking":false,"_monsterinsights_sitenote_active":false,"_monsterinsights_sitenote_note":"","_monsterinsights_sitenote_category":0,"footnotes":""},"categories":[17,3],"tags":[28222,26447,1409],"class_list":["post-156190","post","type-post","status-publish","format-standard","has-post-thumbnail","hentry","category-especiales","category-nacional","tag-manifestantes","tag-reforma-energetica","tag-senado"],"_links":{"self":[{"href":"https:\/\/www.diarioimagen.net\/index.php?rest_route=\/wp\/v2\/posts\/156190","targetHints":{"allow":["GET"]}}],"collection":[{"href":"https:\/\/www.diarioimagen.net\/index.php?rest_route=\/wp\/v2\/posts"}],"about":[{"href":"https:\/\/www.diarioimagen.net\/index.php?rest_route=\/wp\/v2\/types\/post"}],"author":[{"embeddable":true,"href":"https:\/\/www.diarioimagen.net\/index.php?rest_route=\/wp\/v2\/users\/5"}],"replies":[{"embeddable":true,"href":"https:\/\/www.diarioimagen.net\/index.php?rest_route=%2Fwp%2Fv2%2Fcomments&post=156190"}],"version-history":[{"count":0,"href":"https:\/\/www.diarioimagen.net\/index.php?rest_route=\/wp\/v2\/posts\/156190\/revisions"}],"wp:featuredmedia":[{"embeddable":true,"href":"https:\/\/www.diarioimagen.net\/index.php?rest_route=\/wp\/v2\/media\/156191"}],"wp:attachment":[{"href":"https:\/\/www.diarioimagen.net\/index.php?rest_route=%2Fwp%2Fv2%2Fmedia&parent=156190"}],"wp:term":[{"taxonomy":"category","embeddable":true,"href":"https:\/\/www.diarioimagen.net\/index.php?rest_route=%2Fwp%2Fv2%2Fcategories&post=156190"},{"taxonomy":"post_tag","embeddable":true,"href":"https:\/\/www.diarioimagen.net\/index.php?rest_route=%2Fwp%2Fv2%2Ftags&post=156190"}],"curies":[{"name":"wp","href":"https:\/\/api.w.org\/{rel}","templated":true}]}}