{"id":156370,"date":"2013-12-10T00:07:27","date_gmt":"2013-12-10T06:07:27","guid":{"rendered":"http:\/\/www.diarioimagen.net\/?p=156370"},"modified":"2013-12-11T05:07:36","modified_gmt":"2013-12-11T11:07:36","slug":"ssa-pide-cero-rechazo-a-urgencias-medicas","status":"publish","type":"post","link":"https:\/\/www.diarioimagen.net\/?p=156370","title":{"rendered":"Ssa pide cero rechazo a urgencias m\u00e9dicas"},"content":{"rendered":"<ul>\n<li><em><strong>Mercedes Juan L\u00f3pez, titular de la dependencia, destaca que la obligaci\u00f3n es atender a las personas<\/strong><\/em><\/li>\n<\/ul>\n<h6>Jos\u00e9 Luis Monta\u00f1ez<\/h6>\n<div id=\"attachment_156371\" style=\"width: 250px\" class=\"wp-caption alignleft\"><img loading=\"lazy\" decoding=\"async\" aria-describedby=\"caption-attachment-156371\" class=\"size-medium wp-image-156371 \" alt=\"Mercedes Juan L\u00f3pez, titular de la Secretar\u00eda de Salud del gobierno federal.\" src=\"http:\/\/www.diarioimagen.net\/wp-content\/uploads\/2013\/12\/SALUD-portal-240x135.jpg\" width=\"240\" height=\"135\" srcset=\"https:\/\/www.diarioimagen.net\/wp-content\/uploads\/2013\/12\/SALUD-portal-240x135.jpg 240w, https:\/\/www.diarioimagen.net\/wp-content\/uploads\/2013\/12\/SALUD-portal-420x236.jpg 420w, https:\/\/www.diarioimagen.net\/wp-content\/uploads\/2013\/12\/SALUD-portal-235x132.jpg 235w, https:\/\/www.diarioimagen.net\/wp-content\/uploads\/2013\/12\/SALUD-portal-202x114.jpg 202w, https:\/\/www.diarioimagen.net\/wp-content\/uploads\/2013\/12\/SALUD-portal-350x196.jpg 350w, https:\/\/www.diarioimagen.net\/wp-content\/uploads\/2013\/12\/SALUD-portal-220x123.jpg 220w, https:\/\/www.diarioimagen.net\/wp-content\/uploads\/2013\/12\/SALUD-portal-237x132.jpg 237w, https:\/\/www.diarioimagen.net\/wp-content\/uploads\/2013\/12\/SALUD-portal.jpg 480w\" sizes=\"auto, (max-width: 240px) 100vw, 240px\" \/><p id=\"caption-attachment-156371\" class=\"wp-caption-text\">Mercedes Juan L\u00f3pez, titular de la Secretar\u00eda de Salud del gobierno federal.<\/p><\/div>\n<p>Al inaugurar la Reuni\u00f3n Nacional de Integraci\u00f3n y Desarrollo del Sector Salud hacia el acceso efectivo de los servicios de salud, la titular de la Ssa, Mercedes Juan L\u00f3pez, inst\u00f3 a mantener el cero rechazo en la atenci\u00f3n de las urgencias m\u00e9dicas.<\/p>\n<p>\u201cQuisiera aprovechar esta reuni\u00f3n, de que ya lo hemos llevado a cabo en otras instancias como en el propio Consejo Nacional de Salud que acabamos de tener hace unos d\u00edas, para insistir con ustedes en la Estrategia Nacional de Cero Rechazo a la atenci\u00f3n de las personas en las unidades m\u00e9dicas\u201d, se\u00f1al\u00f3.<\/p>\n<p>\u201cUstedes son las personas, son los directivos que est\u00e1n definiendo la pol\u00edtica en cada una de las unidades y es de la mayor importancia que mantengamos cero rechazo sobre todo en el caso de las urgencias m\u00e9dicas\u201d, asegur\u00f3.<\/p>\n<p>Dijo que por ley tienen la obligaci\u00f3n de atender a cualquier persona que llegue y ya despu\u00e9s de la estabilizaci\u00f3n o de la resoluci\u00f3n inmediata se podr\u00e1 ver a qu\u00e9 instancia le corresponde su afiliaci\u00f3n.<\/p>\n<p>\u201cEs muy importante mantener este cero rechazo porque hay grandes acciones de salud &#8230; pero un \u00fanico problema empa\u00f1a todo lo bueno que se hace en las instituciones, por eso es tan importante mantener esta estrategia de cero rechazo en nuestras unidades m\u00e9dicas en las salas de urgencia\u201d, precis\u00f3.<\/p>\n<p>Mencion\u00f3 que para el sistema de salud debe ser primordial el trato a los pacientes, por lo que es fundamental el cero rechazo. \u201cTenemos que llegar a mejorar la percepci\u00f3n de los usuarios en cuanto a la atenci\u00f3n que reciben\u201d, dijo.<\/p>\n<p>En esta reuni\u00f3n estuvieron presentes autoridades del IMSS, ISSSTE, Seguro Popular, entre otras.<\/p>\n<p>En este acto, la titular de la Ssa, dijo que M\u00e9xico ya tiene un camino recorrido hacia la universalizaci\u00f3n de los servicios de salud.<\/p>\n<p>\u201cYa hay experiencias exitosas (&#8230;) Se ha trabajado y tenemos ya afortunadamente este padr\u00f3n general de salud con CURP de las tres instituciones m\u00e1s grandes, del Seguro Social, del ISSSTE y el Seguro Popular, as\u00ed como IMSS Oportunidades que est\u00e1n validadas precisamente por esta Clave \u00danica de Registro de Poblaci\u00f3n\u201d, expuso.<\/p>\n<p>El otro eje muy importante de la integraci\u00f3n es el Plan Maestro Sectorial tanto de recursos de salud como de infraestructura para este intercambio de informaci\u00f3n, de necesidades, de acuerdo al perfil epidemiol\u00f3gico que se est\u00e1 viviendo en el pa\u00eds.<\/p>\n","protected":false},"excerpt":{"rendered":"<p>Al inaugurar la Reuni\u00f3n Nacional de Integraci\u00f3n y Desarrollo del Sector Salud hacia el acceso efectivo de los servicios de salud, la titular de la Ssa, Mercedes Juan L\u00f3pez, inst\u00f3 a mantener el cero rechazo en la atenci\u00f3n de las urgencias m\u00e9dicas.<\/p>\n","protected":false},"author":5,"featured_media":156371,"comment_status":"open","ping_status":"open","sticky":false,"template":"","format":"standard","meta":{"_monsterinsights_skip_tracking":false,"_monsterinsights_sitenote_active":false,"_monsterinsights_sitenote_note":"","_monsterinsights_sitenote_category":0,"footnotes":""},"categories":[17,3],"tags":[25354,25540,43673,383],"class_list":["post-156370","post","type-post","status-publish","format-standard","has-post-thumbnail","hentry","category-especiales","category-nacional","tag-consejo-nacional-de-salud","tag-mercedes-juan-lopez","tag-nacional","tag-ssa"],"_links":{"self":[{"href":"https:\/\/www.diarioimagen.net\/index.php?rest_route=\/wp\/v2\/posts\/156370","targetHints":{"allow":["GET"]}}],"collection":[{"href":"https:\/\/www.diarioimagen.net\/index.php?rest_route=\/wp\/v2\/posts"}],"about":[{"href":"https:\/\/www.diarioimagen.net\/index.php?rest_route=\/wp\/v2\/types\/post"}],"author":[{"embeddable":true,"href":"https:\/\/www.diarioimagen.net\/index.php?rest_route=\/wp\/v2\/users\/5"}],"replies":[{"embeddable":true,"href":"https:\/\/www.diarioimagen.net\/index.php?rest_route=%2Fwp%2Fv2%2Fcomments&post=156370"}],"version-history":[{"count":0,"href":"https:\/\/www.diarioimagen.net\/index.php?rest_route=\/wp\/v2\/posts\/156370\/revisions"}],"wp:featuredmedia":[{"embeddable":true,"href":"https:\/\/www.diarioimagen.net\/index.php?rest_route=\/wp\/v2\/media\/156371"}],"wp:attachment":[{"href":"https:\/\/www.diarioimagen.net\/index.php?rest_route=%2Fwp%2Fv2%2Fmedia&parent=156370"}],"wp:term":[{"taxonomy":"category","embeddable":true,"href":"https:\/\/www.diarioimagen.net\/index.php?rest_route=%2Fwp%2Fv2%2Fcategories&post=156370"},{"taxonomy":"post_tag","embeddable":true,"href":"https:\/\/www.diarioimagen.net\/index.php?rest_route=%2Fwp%2Fv2%2Ftags&post=156370"}],"curies":[{"name":"wp","href":"https:\/\/api.w.org\/{rel}","templated":true}]}}