{"id":156379,"date":"2013-12-10T00:04:39","date_gmt":"2013-12-10T06:04:39","guid":{"rendered":"http:\/\/www.diarioimagen.net\/?p=156379"},"modified":"2013-12-11T05:07:19","modified_gmt":"2013-12-11T11:07:19","slug":"comisiones-del-senado-aprueban-en-lo-general-reforma-energetica","status":"publish","type":"post","link":"https:\/\/www.diarioimagen.net\/?p=156379","title":{"rendered":"Comisiones del Senado aprueban en lo general reforma energ\u00e9tica"},"content":{"rendered":"<ul>\n<li><em><strong><\/strong><strong><em>Vuelta al porfiriato: C\u00e1rdenas; Morena mantiene cerco; PRD, en caminata de 75 horas de protesta<\/em><\/strong><\/em><\/li>\n<\/ul>\n<div id=\"attachment_156380\" style=\"width: 250px\" class=\"wp-caption alignleft\"><img loading=\"lazy\" decoding=\"async\" aria-describedby=\"caption-attachment-156380\" class=\"size-medium wp-image-156380 \" alt=\"El ex candidato presidencial del PRD advirti\u00f3 que \u201ca las empresas extranjeras no les importa el pa\u00eds, y en breve tiempo habr\u00eda un agotamiento de las reservas\u201d.\" src=\"http:\/\/www.diarioimagen.net\/wp-content\/uploads\/2013\/12\/perredistas-portal-240x135.jpg\" width=\"240\" height=\"135\" srcset=\"https:\/\/www.diarioimagen.net\/wp-content\/uploads\/2013\/12\/perredistas-portal-240x135.jpg 240w, https:\/\/www.diarioimagen.net\/wp-content\/uploads\/2013\/12\/perredistas-portal-420x236.jpg 420w, https:\/\/www.diarioimagen.net\/wp-content\/uploads\/2013\/12\/perredistas-portal-235x132.jpg 235w, https:\/\/www.diarioimagen.net\/wp-content\/uploads\/2013\/12\/perredistas-portal-202x114.jpg 202w, https:\/\/www.diarioimagen.net\/wp-content\/uploads\/2013\/12\/perredistas-portal-350x196.jpg 350w, https:\/\/www.diarioimagen.net\/wp-content\/uploads\/2013\/12\/perredistas-portal-220x123.jpg 220w, https:\/\/www.diarioimagen.net\/wp-content\/uploads\/2013\/12\/perredistas-portal-237x132.jpg 237w, https:\/\/www.diarioimagen.net\/wp-content\/uploads\/2013\/12\/perredistas-portal.jpg 480w\" sizes=\"auto, (max-width: 240px) 100vw, 240px\" \/><p id=\"caption-attachment-156380\" class=\"wp-caption-text\">Finalmente, las Comisiones del Senado que analizaron y dictaminaron la reforma energ\u00e9tica, aprobaron la propuesta con una serie de enmiendas, que ser\u00e1n aprobadas en el pleno para enviarlas a San L\u00e1zaro.<\/p><\/div>\n<p><strong><em><\/em><\/strong>La reforma energ\u00e9tica fue aprobada ayer en lo general por las Comisiones Unidas de Puntos Constitucionales, de Energ\u00eda y de Estudios Legislativos Primera, del Senado, con 24 votos a favor del PRI, PAN y PVEM, y 9 votos en contra de los legisladores del PRD, PT y Movimiento Ciudadano.<\/p>\n<p>Lo anterior, luego de un receso de casi cuatro horas motivado por la toma de tribuna por parte de los legisladores del PRD que mostraban carteles que dec\u00edan \u201cNo a la Privatizaci\u00f3n de Pemex y CFE\u201d. Legisladores como Dolores Padierna, Armando R\u00edos P\u00edter, Manuel Camacho Sol\u00eds, Mario Delgado y Alejandro Encinas, entre otros, se colocaron en la tribuna desde las 11:30 horas, 12 minutos despu\u00e9s de iniciada la sesi\u00f3n de comisiones, para solicitar una moci\u00f3n suspensiva al debate energ\u00e9tico hasta que la propuesta de reforma se lleve a consulta popular.<\/p>\n<p>La propuesta fue rechazada, pero el presidente de la Comisi\u00f3n de Puntos Constitucionales, el pri\u00edsta Enrique Burgos, acept\u00f3 iniciar un receso en los trabajos para tratar de conciliar los puntos discrepantes de los grupos parlamentarios.<\/p>\n<p>Luego de la aprobaci\u00f3n en lo general del dictamen de la reforma energ\u00e9tica, se procedi\u00f3 por la tarde a debatir los art\u00edculos reservados en lo particular durante lo que iba a ser una prolongada sesi\u00f3n de las comisiones unidas. En lo particular se discutir\u00edan las modificaciones a los art\u00edculos constitucionales 25, 27 y 28 y se reservaron para su discusi\u00f3n individual los 21 art\u00edculos transitorios del proyecto de dictamen.<\/p>\n<p>Afuera del Senado, el PRD y el Movimiento de Regeneraci\u00f3n Nacional actuaron en v\u00edas separadas. Morena mantuvo un cerco alrededor de la sede que no impidi\u00f3 el acceso a legisladores, empleados y representantes de los medios de comunicaci\u00f3n. Adem\u00e1s sostuvo un campamento a lo largo de la avenida Paseo de la Reforma, en el tramo entre Insurgentes y Bucareli.<\/p>\n<p>Por su parte, los perredistas iniciaron una caminata de 75 horas en las escalinatas del \u00c1ngel de las Independencia, como medida de protesta para evitar que se apruebe la reforma.<\/p>\n<p>Avanzada la tarde, el ingeniero Cuauht\u00e9moc C\u00e1rdenas acudi\u00f3 al Senado y en conferencia de prensa dijo que \u201cvine a manifestar mi solidaridad a los senadores del PRD, porque de aprobarse esta reforma ser\u00e1 un retroceso, un regreso al porfiriato\u201d.<\/p>\n<p>El ex candidato presidencial del PRD advirti\u00f3 que \u201ca las empresas extranjeras no les importa el pa\u00eds, y en breve tiempo habr\u00eda un agotamiento de las reservas\u201d.<\/p>\n<p>Opin\u00f3 que esta reforma abre la posibilidad para que la riqueza del pa\u00eds se entregue a las grandes empresas transnacionales. Por eso reiter\u00f3 que \u201cen caso de que se apruebe esta reforma persistir\u00e1n en que se realice la consulta popular\u201d.<\/p>\n<p>Sobre el dictamen aprobado coment\u00f3 que licencias y concesiones, es lo mismo, la intenci\u00f3n que persiguen seguramente es dejarle a Pemex y a la CFE los proyectos que no son rentables o que generen p\u00e9rdidas\u201d.<\/p>\n<p>El petr\u00f3leo, consider\u00f3, debe quedarse siempre en manos del Estado, dentro y fuera del pozo\u201d.<\/p>\n<p>Por su parte, el dirigente nacional del PRI, C\u00e9sar Camacho Quiroz, descart\u00f3 desbordamientos sociales a consecuencia del rechazo a la reforma energ\u00e9tica. Por el contrario, existe un \u201capoyo popular\u201da la reforma que impulsan su partido y el PAN en el Senado y que ni Pemex ni los hidrocarburos se privatizar\u00e1n.<\/p>\n<p>\u201cEsta semana es decisiva, y creemos que tanto diputados como senadores est\u00e1n trabajando intensamente, y que finalmente se podr\u00e1n concretar reformas esperadas por lustros y d\u00e9cadas\u201d.<\/p>\n<p>Durante la discusi\u00f3n en lo particular del dictamen, fueron aprobados los cambios al art\u00edculo 25 constitucional, que introduce el concepto de \u201cempresas productivas del Estado\u201d, estatus que ser\u00e1 adquirido por Pemex y CFE.<\/p>\n<p>Empero, la sesi\u00f3n iba para largo con 205 oradores inscritos para el debate.<\/p>\n","protected":false},"excerpt":{"rendered":"<p>La reforma energ\u00e9tica fue aprobada ayer en lo general por las Comisiones Unidas de Puntos Constitucionales, de Energ\u00eda y de Estudios Legislativos Primera, del Senado, con 24 votos a favor del PRI, PAN y PVEM, y 9 votos en contra de los legisladores del PRD, PT y Movimiento Ciudadano.<\/p>\n","protected":false},"author":5,"featured_media":156380,"comment_status":"open","ping_status":"open","sticky":false,"template":"","format":"standard","meta":{"_monsterinsights_skip_tracking":false,"_monsterinsights_sitenote_active":false,"_monsterinsights_sitenote_note":"","_monsterinsights_sitenote_category":0,"footnotes":""},"categories":[17,3],"tags":[6408,43673,91,292,211,362,26447,116],"class_list":["post-156379","post","type-post","status-publish","format-standard","has-post-thumbnail","hentry","category-especiales","category-nacional","tag-manuel-camacho-solis","tag-nacional","tag-pan","tag-pemex","tag-prd","tag-pri","tag-reforma-energetica","tag-senado-de-la-republica"],"_links":{"self":[{"href":"https:\/\/www.diarioimagen.net\/index.php?rest_route=\/wp\/v2\/posts\/156379","targetHints":{"allow":["GET"]}}],"collection":[{"href":"https:\/\/www.diarioimagen.net\/index.php?rest_route=\/wp\/v2\/posts"}],"about":[{"href":"https:\/\/www.diarioimagen.net\/index.php?rest_route=\/wp\/v2\/types\/post"}],"author":[{"embeddable":true,"href":"https:\/\/www.diarioimagen.net\/index.php?rest_route=\/wp\/v2\/users\/5"}],"replies":[{"embeddable":true,"href":"https:\/\/www.diarioimagen.net\/index.php?rest_route=%2Fwp%2Fv2%2Fcomments&post=156379"}],"version-history":[{"count":0,"href":"https:\/\/www.diarioimagen.net\/index.php?rest_route=\/wp\/v2\/posts\/156379\/revisions"}],"wp:featuredmedia":[{"embeddable":true,"href":"https:\/\/www.diarioimagen.net\/index.php?rest_route=\/wp\/v2\/media\/156380"}],"wp:attachment":[{"href":"https:\/\/www.diarioimagen.net\/index.php?rest_route=%2Fwp%2Fv2%2Fmedia&parent=156379"}],"wp:term":[{"taxonomy":"category","embeddable":true,"href":"https:\/\/www.diarioimagen.net\/index.php?rest_route=%2Fwp%2Fv2%2Fcategories&post=156379"},{"taxonomy":"post_tag","embeddable":true,"href":"https:\/\/www.diarioimagen.net\/index.php?rest_route=%2Fwp%2Fv2%2Ftags&post=156379"}],"curies":[{"name":"wp","href":"https:\/\/api.w.org\/{rel}","templated":true}]}}