{"id":156532,"date":"2013-12-11T00:02:55","date_gmt":"2013-12-11T06:02:55","guid":{"rendered":"http:\/\/www.diarioimagen.net\/?p=156532"},"modified":"2013-12-11T22:29:32","modified_gmt":"2013-12-12T04:29:32","slug":"silva-meza-recibe-premio-de-la-onu","status":"publish","type":"post","link":"https:\/\/www.diarioimagen.net\/?p=156532","title":{"rendered":"Silva Meza recibe premio de la ONU"},"content":{"rendered":"<ul>\n<li><em><strong>El presidente de la SCJN afirma que este galard\u00f3n coloca a M\u00e9xico en el liderazgo regional<\/strong><\/em><\/li>\n<\/ul>\n<div id=\"attachment_156533\" style=\"width: 250px\" class=\"wp-caption alignleft\"><img loading=\"lazy\" decoding=\"async\" aria-describedby=\"caption-attachment-156533\" class=\"size-medium wp-image-156533 \" alt=\"Naciones Unidas.- El  presidente de la SCJN, Juan silva Meza, se\u00f1ala que el Premio de Derechos Humanos de la ONU alienta a impartidores de justicia.\" src=\"http:\/\/www.diarioimagen.net\/wp-content\/uploads\/2013\/12\/ONU-portal-240x135.jpg\" width=\"240\" height=\"135\" srcset=\"https:\/\/www.diarioimagen.net\/wp-content\/uploads\/2013\/12\/ONU-portal-240x135.jpg 240w, https:\/\/www.diarioimagen.net\/wp-content\/uploads\/2013\/12\/ONU-portal-420x236.jpg 420w, https:\/\/www.diarioimagen.net\/wp-content\/uploads\/2013\/12\/ONU-portal-235x132.jpg 235w, https:\/\/www.diarioimagen.net\/wp-content\/uploads\/2013\/12\/ONU-portal-202x114.jpg 202w, https:\/\/www.diarioimagen.net\/wp-content\/uploads\/2013\/12\/ONU-portal-350x196.jpg 350w, https:\/\/www.diarioimagen.net\/wp-content\/uploads\/2013\/12\/ONU-portal-220x123.jpg 220w, https:\/\/www.diarioimagen.net\/wp-content\/uploads\/2013\/12\/ONU-portal-237x132.jpg 237w, https:\/\/www.diarioimagen.net\/wp-content\/uploads\/2013\/12\/ONU-portal.jpg 480w\" sizes=\"auto, (max-width: 240px) 100vw, 240px\" \/><p id=\"caption-attachment-156533\" class=\"wp-caption-text\">Naciones Unidas.- El presidente de la SCJN, Juan Silva Meza, se\u00f1ala que el Premio de Derechos Humanos de la ONU alienta a los impartidores de justicia.<\/p><\/div>\n<p><strong>Naciones Unidas<\/strong>.- El presidente de la Suprema Corte de Justicia de la Naci\u00f3n, Juan Silva Meza, se\u00f1al\u00f3 ayer que el Premio de Derechos Humanos que concede la ONU a la SCJN, coloca a M\u00e9xico en una posici\u00f3n de liderazgo regional y hace mayor el compromiso que los impartidores de justicia tienen con la sociedad.<\/p>\n<p>\u201cEl premio es un reconocimiento que nos alienta. Se nos da ahora un liderazgo en la regi\u00f3n jur\u00eddico, sin pretenderlo\u201d, destac\u00f3 el magistrado, para quien el galard\u00f3n tambi\u00e9n reconoce el trabajo en pro de los derechos humanos del poder judicial en cualquier parte del mundo.<\/p>\n<p>\u201cEste no es solo un reconocimiento a la corte mexicana sino a todas las cortes, igual para la corte de Croacia, la de Italia, Colombia o Per\u00fa\u201d, subray\u00f3.<\/p>\n<p>En conferencia de prensa previa a la ceremonia de entrega, Silva Meza consider\u00f3 que el accionar de las cortes en esta materia es un trabajo en consonancia, porque \u201ctodos tratamos de proteger los derechos humanos de las personas de nuestras comunidades\u201d.<\/p>\n<p>En sus consideraciones para otorgar este galard\u00f3n, la ONU destac\u00f3 que la SCJN ha logrado \u201cimportantes progresos\u201d en la promoci\u00f3n de los derechos humanos con sus interpretaciones y sobre la aplicaci\u00f3n de la Constituci\u00f3n mexicana y sus obligaciones bajo el derecho internacional en la materia.<\/p>\n<p>Asimismo, enfatiz\u00f3 que la Suprema Corte de Justicia de la Naci\u00f3n (SCJN) \u201cha fijado importantes est\u00e1ndares de derechos humanos para M\u00e9xico y la regi\u00f3n latinoamericana\u201d.<\/p>\n<p>El presidente de la SCJN apunt\u00f3 que el reconocimiento resulta inusual, independientemente de lo cual \u201cgenera un gran compromiso y debe generarlo\u201d.<\/p>\n<p>\u201cEl premio es un aliciente para fortalecer las instancias (judiciales), decir si se est\u00e1n haciendo las cosas, si estamos caminando y tenemos que atender estos reclamos a fuerza y tenemos que reconocerlos, porque sino los reconocemos no los podemos solucionar\u201d, enfatiz\u00f3 el ministro.<\/p>\n<p>Al referirse al n\u00famero de denuncias sobre presuntas violaciones de los derechos humanos que han ido a parar tanto a la Comisi\u00f3n como a la Corte Interamericana de los Derechos Humanos, estim\u00f3 que ello no implica necesariamente un sistema judicial deficiente.<\/p>\n<p>Hizo notar que muchas de las personas que recurren a estas acciones lo hacen sin agotar los recursos internos y optan por acudir a esas instancias sin que se hayan dictado sentencias definitivas.<\/p>\n<p>Explic\u00f3 que esto se ha convertido en \u201cuna pr\u00e1ctica de litigio\u201d, al hacer alusi\u00f3n a quienes utilizan como amago la posibilidad de acudir al sistema intera\u00admericano para dirimir sus reclamos.<\/p>\n","protected":false},"excerpt":{"rendered":"<p>El presidente de la Suprema Corte de Justicia de la Naci\u00f3n, Juan Silva Meza, se\u00f1al\u00f3 ayer que el Premio de Derechos Humanos que concede la ONU a la SCJN, coloca a M\u00e9xico en una posici\u00f3n de liderazgo regional y hace mayor el compromiso que los impartidores de justicia tienen con la sociedad.<\/p>\n","protected":false},"author":5,"featured_media":156533,"comment_status":"open","ping_status":"open","sticky":false,"template":"","format":"standard","meta":{"_monsterinsights_skip_tracking":false,"_monsterinsights_sitenote_active":false,"_monsterinsights_sitenote_note":"","_monsterinsights_sitenote_category":0,"footnotes":""},"categories":[17,3],"tags":[10639,44,43673,763,617,2852,1584],"class_list":["post-156532","post","type-post","status-publish","format-standard","has-post-thumbnail","hentry","category-especiales","category-nacional","tag-juan-silva-meza","tag-mexico","tag-nacional","tag-naciones-unidas","tag-onu","tag-scjn","tag-suprema-corte-de-justicia-de-la-nacion"],"_links":{"self":[{"href":"https:\/\/www.diarioimagen.net\/index.php?rest_route=\/wp\/v2\/posts\/156532","targetHints":{"allow":["GET"]}}],"collection":[{"href":"https:\/\/www.diarioimagen.net\/index.php?rest_route=\/wp\/v2\/posts"}],"about":[{"href":"https:\/\/www.diarioimagen.net\/index.php?rest_route=\/wp\/v2\/types\/post"}],"author":[{"embeddable":true,"href":"https:\/\/www.diarioimagen.net\/index.php?rest_route=\/wp\/v2\/users\/5"}],"replies":[{"embeddable":true,"href":"https:\/\/www.diarioimagen.net\/index.php?rest_route=%2Fwp%2Fv2%2Fcomments&post=156532"}],"version-history":[{"count":0,"href":"https:\/\/www.diarioimagen.net\/index.php?rest_route=\/wp\/v2\/posts\/156532\/revisions"}],"wp:featuredmedia":[{"embeddable":true,"href":"https:\/\/www.diarioimagen.net\/index.php?rest_route=\/wp\/v2\/media\/156533"}],"wp:attachment":[{"href":"https:\/\/www.diarioimagen.net\/index.php?rest_route=%2Fwp%2Fv2%2Fmedia&parent=156532"}],"wp:term":[{"taxonomy":"category","embeddable":true,"href":"https:\/\/www.diarioimagen.net\/index.php?rest_route=%2Fwp%2Fv2%2Fcategories&post=156532"},{"taxonomy":"post_tag","embeddable":true,"href":"https:\/\/www.diarioimagen.net\/index.php?rest_route=%2Fwp%2Fv2%2Ftags&post=156532"}],"curies":[{"name":"wp","href":"https:\/\/api.w.org\/{rel}","templated":true}]}}