{"id":156550,"date":"2013-12-11T00:05:18","date_gmt":"2013-12-11T06:05:18","guid":{"rendered":"http:\/\/www.diarioimagen.net\/?p=156550"},"modified":"2013-12-11T22:50:24","modified_gmt":"2013-12-12T04:50:24","slug":"estado-de-mexico-df-e-hidalgo-atienden-la-zona-metropolitana","status":"publish","type":"post","link":"https:\/\/www.diarioimagen.net\/?p=156550","title":{"rendered":"Estado de M\u00e9xico, DF e Hidalgo atienden la zona metropolitana"},"content":{"rendered":"<ul>\n<li><strong><em>El gobernador mexiquense se\u00f1ala que la regi\u00f3n est\u00e1 obligada a generar sinergias para dar soluciones a los problemas sociales<\/em><\/strong><\/li>\n<\/ul>\n<div id=\"attachment_156597\" style=\"width: 250px\" class=\"wp-caption alignleft\"><a href=\"http:\/\/www.diarioimagen.net\/wp-content\/uploads\/2013\/12\/eruviel-2248.jpg\"><img loading=\"lazy\" decoding=\"async\" aria-describedby=\"caption-attachment-156597\" class=\"size-medium wp-image-156597\" alt=\"El general Salvador Cienfuegos Zepeda, titular de la Secretar\u00eda de la Defensa Nacional, y el gobernador del Estado de M\u00e9xico, Eruviel \u00c1vila Villegas, supervisaron los trabajos de construcci\u00f3n y equipamiento de una base de operaciones que alojar\u00e1 una compa\u00f1\u00eda de infanter\u00eda del Ej\u00e9rcito mexicano, en Nanchititla.\" src=\"http:\/\/www.diarioimagen.net\/wp-content\/uploads\/2013\/12\/eruviel-2248-240x135.jpg\" width=\"240\" height=\"135\" srcset=\"https:\/\/www.diarioimagen.net\/wp-content\/uploads\/2013\/12\/eruviel-2248-240x135.jpg 240w, https:\/\/www.diarioimagen.net\/wp-content\/uploads\/2013\/12\/eruviel-2248-420x236.jpg 420w, https:\/\/www.diarioimagen.net\/wp-content\/uploads\/2013\/12\/eruviel-2248-235x132.jpg 235w, https:\/\/www.diarioimagen.net\/wp-content\/uploads\/2013\/12\/eruviel-2248-202x114.jpg 202w, https:\/\/www.diarioimagen.net\/wp-content\/uploads\/2013\/12\/eruviel-2248-350x196.jpg 350w, https:\/\/www.diarioimagen.net\/wp-content\/uploads\/2013\/12\/eruviel-2248-220x123.jpg 220w, https:\/\/www.diarioimagen.net\/wp-content\/uploads\/2013\/12\/eruviel-2248-237x132.jpg 237w, https:\/\/www.diarioimagen.net\/wp-content\/uploads\/2013\/12\/eruviel-2248.jpg 480w\" sizes=\"auto, (max-width: 240px) 100vw, 240px\" \/><\/a><p id=\"caption-attachment-156597\" class=\"wp-caption-text\">El general Salvador Cienfuegos Zepeda, titular de la Secretar\u00eda de la Defensa Nacional, y el gobernador del Estado de M\u00e9xico, Eruviel \u00c1vila Villegas, supervisaron los trabajos de construcci\u00f3n y equipamiento de una base de operaciones que alojar\u00e1 una compa\u00f1\u00eda de infanter\u00eda del Ej\u00e9rcito mexicano, en Nanchititla.<\/p><\/div>\n<p><strong>Pachuca, Hidalgo<\/strong>.- El gobernador Eruviel \u00c1vila Villegas reconoci\u00f3 la colaboraci\u00f3n y trabajo conjunto que se realiza con su hom\u00f3logo de Hidalgo, Francisco Olvera Ruiz y el jefe de gobierno del Distrito Federal, Miguel \u00c1ngel Mancera Espinosa, para atender temas que son comunes para estas tres entidades que conforman la Zona Metropolitana del Valle de M\u00e9xico, lo cual ejemplific\u00f3 con la decisi\u00f3n del gobierno capitalino para que en los subsidios para usuarios del Sistema de Transporte Colectivo Metro, se incluya a mexiquenses en condici\u00f3n de vulnerabilidad, as\u00ed como eliminar los torniquetes para los pasajeros de la l\u00ednea A que lleguen a la estaci\u00f3n Pantitl\u00e1n y puedan transbordar sin pagar doble boleto.<\/p>\n<p>\u201cEsto es coordinaci\u00f3n, esto es ganas de trabajar en equipo, de hacer el bien, no importando las ideolog\u00edas pol\u00edticas, no importando las demarcaciones, la gente lo que quiere son mejores oportunidades de vida. As\u00ed es que reconozco la voluntad tanto del jefe de gobierno, como del gobernador de Hidalgo, para poder seguir trabajando en equipo, yo dejo tambi\u00e9n aqu\u00ed en la mesa la disposici\u00f3n de seguir trabajando de la mano con el gobierno federal, con las entidades federativas y con todos los poderes p\u00fablicos del pa\u00eds y del centro del pa\u00eds. Que sea para bien de esta gran metr\u00f3poli\u201d, expres\u00f3 el gobernador mexiquense.<\/p>\n<p>Eruviel \u00c1vila destac\u00f3 que se requieren estrategias multidisciplinarias y coordinaci\u00f3n entre los gobiernos, pues la zona metropolitana m\u00e1s grande del pa\u00eds est\u00e1 obligada a generar sinergias, generar mejores pol\u00edticas para dar soluciones a los problemas de vivienda, crecimiento sustentable y movilidad, nuevos esquemas para la gesti\u00f3n del suelo, desarrollo regional y ordenamiento territorial, evitar la presi\u00f3n demogr\u00e1fica y el desarrollo urbano desordenado, dar prioridad a nuevos modelos sustentables adaptados al ritmo de las ciudades sin ser da\u00f1inos al medio ambiente, ampliar la cobertura y eficacia en transporte p\u00fablico, as\u00ed como involucrar a la iniciativa privada para generar competitividad, productividad e innovaci\u00f3n.<\/p>\n<p>Al respecto, el jefe de gobierno, Miguel \u00c1ngel Mancera destac\u00f3 tambi\u00e9n el beneficio que representa el trabajo coordinado entre las diferentes instancias de gobierno.<\/p>\n<p>\u201cQuiero reiterar mi felicitaci\u00f3n a todas estas acciones, al desarrollo que se observa y, que por supuesto, se palpa en el estado de Hidalgo, a las acciones conjuntas como la que acaba de anunciar mi amigo Eruviel, gobernador del Estado de M\u00e9xico, en donde vamos a dar un paso sustancial. Desde hace 22 a\u00f1os, un torniquete marca el trasbordo de los mexiquenses hacia el Distrito Federal; esta misma semana estaremos eliminando esta barrera para que se deje de pagar un doble boleto, quiero decirles que esto es el resultado de pl\u00e1ticas que tuvimos con el gobernador del Estado de M\u00e9xico, de la preocupaci\u00f3n que cada uno tenemos por los habitantes que representamos, pudimos llegar a las l\u00edneas de acci\u00f3n y ahora lo vamos a poner en marcha\u201d.<\/p>\n<p>Con esta medida, se beneficiar\u00e1n cada d\u00eda alrededor de 380 mil mexiquenses, para generar un ahorro de m\u00e1s de 280 millones de pesos.<\/p>\n<p>\u201cSon acciones que van dirigidas hacia eso, mejorar la movilidad, entender que el usuario, el peat\u00f3n es el n\u00famero uno en las pol\u00edticas p\u00fablicas, mejorar nuestros sistemas de reacci\u00f3n, mejorar nuestros sistemas de planeaci\u00f3n para poder contribuir a lo que se ha planteado, una acci\u00f3n conjunta con el gobierno federal que sume para M\u00e9xico y que nos muestre ocupados y preocupados por el medio ambiente\u201d, agreg\u00f3.<\/p>\n<p>Lo anterior durante la Novena Sesi\u00f3n Ordinaria del Consejo para el Desarrollo Metropolitano el Valle de M\u00e9xico, que por primera vez luego de seis a\u00f1os re\u00fane a los titulares de gobierno de los estados de M\u00e9xico, Hidalgo y del Distrito Federal, donde se destac\u00f3 que en el presupuesto de egresos de la federaci\u00f3n 2014 se asign\u00f3 un monto de 3 mil 919 millones de pesos al Fondo Metropolitano de esta zona, que representa un aumento de 523 millones respecto al ejercicio anterior.<\/p>\n<p>Para 2014 se presentaron 48 proyectos, de los cuales 20 pertenecen al Estado de M\u00e9xico, con un monto de 2 mil 579 millones de pesos; 12 en el Distrito Federal, por 2 mil 200 millones de pesos y 16 en Hidalgo, que requieren un presupuesto de 680 millones de pesos, con una cifra total que asciende a 5 mil 459 millones.<\/p>\n<p>Eruviel \u00c1vila se\u00f1al\u00f3 que estas entidades tienen retos comunes, por lo que unidos se deben encontrar las soluciones de \u00e9sta que es la tercer zona metropolitana m\u00e1s grande del mundo, donde se concentran m\u00e1s de 21 millones de habitantes asentados en las 16 delegaciones del Distrito Federal, as\u00ed como 59 y 29 municipios del Estado de M\u00e9xico y de Hidalgo, respectivamente.<\/p>\n<p>Miguel \u00c1ngel Mancera, reconoci\u00f3 los trabajos de este Consejo, los cuales permitir\u00e1n desarrollar acciones que redunden en un beneficio sustancial para la zona metropolitana; asimismo agradeci\u00f3 el apoyo del gobierno federal, y reiter\u00f3 su disposici\u00f3n de seguir trabajando de manera coordinada, con el prop\u00f3sito de que el desarrollo sea conjunto.<\/p>\n<p>Por su parte, Francisco Olvera indic\u00f3 que el prop\u00f3sito del trabajo coordinado es mejorar la calidad de vida de los habitantes de la metr\u00f3poli, a trav\u00e9s de un modelo sustentable que permita poner en pr\u00e1ctica estrategias de com\u00fan acuerdo entre los diferentes \u00f3rdenes de gobierno, basadas en los lineamientos para mejorar el desarrollo econ\u00f3mico, generaci\u00f3n de empleos, transporte masivo, seguridad, v\u00edas de comunicaci\u00f3n, servicios, medio ambiente, imagen urbana, entre otros.<\/p>\n<p>Jorge Carlos Ram\u00edrez Mar\u00edn, secretario de Desarrollo Agrario, Territorial y Urbano (Sedatu), reiter\u00f3 el inter\u00e9s de esta dependencia para colaborar con todas las autoridades y atender la Zona Metropolitana del Valle de M\u00e9xico, as\u00ed como el compromiso del presidente de la Rep\u00fablica para coordinar acciones de vivienda, ordenamiento, crecimiento de las ciudades, prevenir desastres naturales y generar opciones reales de crecimiento econ\u00f3mico para la regi\u00f3n.<\/p>\n<p>Juan Jos\u00e9 Guerra Abud, secretario de Medio Ambiente y Recursos Naturales (Semarnat), reconoci\u00f3 los esfuerzos que se realizan en este Consejo, el trabajo conjunto para alcanzar las metas debe ser ejemplo para otras zonas metropolitanas del pa\u00eds. Asimismo, confi\u00f3 que con el apoyo de estas tres entidades, as\u00ed como de los estados de Tlaxcala y Morelos, unir\u00e1n esfuerzos para que la\u00a0 Comisi\u00f3n de la Megal\u00f3polis\u00a0 alcance los objetivos propuestos.<\/p>\n<p>Entre los temas que se tratan al seno de esta comisi\u00f3n se encuentran medio ambiente, desarrollo econ\u00f3mico, finanzas, seguridad p\u00fablica, procuraci\u00f3n de justicia, transporte y vialidad, protecci\u00f3n civil, agua y drenaje, asentamientos humanos, entre otros.<\/p>\n<p>En este encuentro, donde participaron integrantes de los gabinetes de las tres entidades, Eruviel \u00c1vila, Francisco Olvera y Miguel \u00c1ngel Mancera, firmaron el acta de acuerdos de la presente sesi\u00f3n, signando como testigos los titulares de la Sedatu y la Semarnat.<\/p>\n<p>&nbsp;<\/p>\n","protected":false},"excerpt":{"rendered":"<p>El gobernador Eruviel \u00c1vila Villegas reconoci\u00f3 la colaboraci\u00f3n y trabajo conjunto que se realiza con su<\/p>\n","protected":false},"author":3,"featured_media":156597,"comment_status":"open","ping_status":"open","sticky":false,"template":"","format":"standard","meta":{"_monsterinsights_skip_tracking":false,"_monsterinsights_sitenote_active":false,"_monsterinsights_sitenote_note":"","_monsterinsights_sitenote_category":0,"footnotes":""},"categories":[5],"tags":[5828,43675,42,2393],"class_list":["post-156550","post","type-post","status-publish","format-standard","has-post-thumbnail","hentry","category-estado-de-mexico","tag-eruviel-avila-villegas","tag-estado-de-mexico","tag-hidalgo","tag-pachuca"],"_links":{"self":[{"href":"https:\/\/www.diarioimagen.net\/index.php?rest_route=\/wp\/v2\/posts\/156550","targetHints":{"allow":["GET"]}}],"collection":[{"href":"https:\/\/www.diarioimagen.net\/index.php?rest_route=\/wp\/v2\/posts"}],"about":[{"href":"https:\/\/www.diarioimagen.net\/index.php?rest_route=\/wp\/v2\/types\/post"}],"author":[{"embeddable":true,"href":"https:\/\/www.diarioimagen.net\/index.php?rest_route=\/wp\/v2\/users\/3"}],"replies":[{"embeddable":true,"href":"https:\/\/www.diarioimagen.net\/index.php?rest_route=%2Fwp%2Fv2%2Fcomments&post=156550"}],"version-history":[{"count":0,"href":"https:\/\/www.diarioimagen.net\/index.php?rest_route=\/wp\/v2\/posts\/156550\/revisions"}],"wp:featuredmedia":[{"embeddable":true,"href":"https:\/\/www.diarioimagen.net\/index.php?rest_route=\/wp\/v2\/media\/156597"}],"wp:attachment":[{"href":"https:\/\/www.diarioimagen.net\/index.php?rest_route=%2Fwp%2Fv2%2Fmedia&parent=156550"}],"wp:term":[{"taxonomy":"category","embeddable":true,"href":"https:\/\/www.diarioimagen.net\/index.php?rest_route=%2Fwp%2Fv2%2Fcategories&post=156550"},{"taxonomy":"post_tag","embeddable":true,"href":"https:\/\/www.diarioimagen.net\/index.php?rest_route=%2Fwp%2Fv2%2Ftags&post=156550"}],"curies":[{"name":"wp","href":"https:\/\/api.w.org\/{rel}","templated":true}]}}