{"id":156659,"date":"2013-12-11T12:20:05","date_gmt":"2013-12-11T18:20:05","guid":{"rendered":"http:\/\/www.diarioimagen.net\/?p=156659"},"modified":"2013-12-11T22:51:29","modified_gmt":"2013-12-12T04:51:29","slug":"renta-petrolera-seguira-siendo-de-los-mexicanos-reafirma-pena-nieto","status":"publish","type":"post","link":"https:\/\/www.diarioimagen.net\/?p=156659","title":{"rendered":"Renta petrolera seguir\u00e1 siendo de los mexicanos, reafirma Pe\u00f1a Nieto"},"content":{"rendered":"<ul>\n<li><em><strong>Desde el avi\u00f3n presidencial, el mandatario felicita por Twitter a los senadores, por haber aprobado la reforma energ\u00e9tica<\/strong><\/em><\/li>\n<\/ul>\n<div id=\"attachment_156660\" style=\"width: 250px\" class=\"wp-caption alignleft\"><img loading=\"lazy\" decoding=\"async\" aria-describedby=\"caption-attachment-156660\" class=\"size-medium wp-image-156660\" alt=\"En otro de sus tuits, el mandatario expuso que la reforma permitir\u00e1 que el sector energ\u00e9tico impulse el desarrollo industrial y regional del pa\u00eds, en beneficio de los mexicanos. \" src=\"http:\/\/www.diarioimagen.net\/wp-content\/uploads\/2013\/12\/AVION-PORTAL-240x135.jpg\" width=\"240\" height=\"135\" srcset=\"https:\/\/www.diarioimagen.net\/wp-content\/uploads\/2013\/12\/AVION-PORTAL-240x135.jpg 240w, https:\/\/www.diarioimagen.net\/wp-content\/uploads\/2013\/12\/AVION-PORTAL-420x236.jpg 420w, https:\/\/www.diarioimagen.net\/wp-content\/uploads\/2013\/12\/AVION-PORTAL-235x132.jpg 235w, https:\/\/www.diarioimagen.net\/wp-content\/uploads\/2013\/12\/AVION-PORTAL-202x114.jpg 202w, https:\/\/www.diarioimagen.net\/wp-content\/uploads\/2013\/12\/AVION-PORTAL-350x196.jpg 350w, https:\/\/www.diarioimagen.net\/wp-content\/uploads\/2013\/12\/AVION-PORTAL-220x123.jpg 220w, https:\/\/www.diarioimagen.net\/wp-content\/uploads\/2013\/12\/AVION-PORTAL-237x132.jpg 237w, https:\/\/www.diarioimagen.net\/wp-content\/uploads\/2013\/12\/AVION-PORTAL.jpg 480w\" sizes=\"auto, (max-width: 240px) 100vw, 240px\" \/><p id=\"caption-attachment-156660\" class=\"wp-caption-text\">En otro de sus tuits, el mandatario expuso que la reforma permitir\u00e1 que el sector energ\u00e9tico impulse el desarrollo industrial y regional del pa\u00eds, en beneficio de los mexicanos.<\/p><\/div>\n<p>En vuelo a bordo del avi\u00f3n presidencial TP-1, durante su viaje de retorno desde Sud\u00e1frica, el presidente Enrique Pe\u00f1a Nieto felicit\u00f3 a los senadores por la aprobaci\u00f3n de la reforma energ\u00e9tica.<\/p>\n<p>Reafirm\u00f3 que, con la reforma, \u201cPemex y CFE, nuestros recursos energ\u00e9ticos y la renta petrolera seguir\u00e1n siendo propiedad de todos los mexicanos\u201d.<\/p>\n<p>A trav\u00e9s de su cuenta de Twitter @EPN, el Presidente de la Rep\u00fablica destac\u00f3 que \u201cesta reforma permitir\u00e1 a M\u00e9xico aprovechar mejor sus recursos para crecer econ\u00f3micamente y crear empleos durante los siguientes a\u00f1os\u201d.<\/p>\n<p>En otro de sus tuits, el mandatario expuso que la reforma permitir\u00e1 que el sector energ\u00e9tico impulse el desarrollo industrial y regional del pa\u00eds, en beneficio de los mexicanos.<\/p>\n<p>Tras resaltar que el Senado ha tomado una decisi\u00f3n trascendental para M\u00e9xico, al aprobar la reforma energ\u00e9tica, puso de manifiesto su reconocimiento a las y los senadores por las largas jornadas y el gran resultado.<\/p>\n","protected":false},"excerpt":{"rendered":"<p>En vuelo a bordo del avi\u00f3n presidencial TP-1, durante su viaje de retorno desde Sud\u00e1frica, el presidente Enrique Pe\u00f1a<\/p>\n","protected":false},"author":5,"featured_media":156660,"comment_status":"open","ping_status":"open","sticky":false,"template":"","format":"standard","meta":{"_monsterinsights_skip_tracking":false,"_monsterinsights_sitenote_active":false,"_monsterinsights_sitenote_note":"","_monsterinsights_sitenote_category":0,"footnotes":""},"categories":[3],"tags":[],"class_list":["post-156659","post","type-post","status-publish","format-standard","has-post-thumbnail","hentry","category-nacional"],"_links":{"self":[{"href":"https:\/\/www.diarioimagen.net\/index.php?rest_route=\/wp\/v2\/posts\/156659","targetHints":{"allow":["GET"]}}],"collection":[{"href":"https:\/\/www.diarioimagen.net\/index.php?rest_route=\/wp\/v2\/posts"}],"about":[{"href":"https:\/\/www.diarioimagen.net\/index.php?rest_route=\/wp\/v2\/types\/post"}],"author":[{"embeddable":true,"href":"https:\/\/www.diarioimagen.net\/index.php?rest_route=\/wp\/v2\/users\/5"}],"replies":[{"embeddable":true,"href":"https:\/\/www.diarioimagen.net\/index.php?rest_route=%2Fwp%2Fv2%2Fcomments&post=156659"}],"version-history":[{"count":0,"href":"https:\/\/www.diarioimagen.net\/index.php?rest_route=\/wp\/v2\/posts\/156659\/revisions"}],"wp:featuredmedia":[{"embeddable":true,"href":"https:\/\/www.diarioimagen.net\/index.php?rest_route=\/wp\/v2\/media\/156660"}],"wp:attachment":[{"href":"https:\/\/www.diarioimagen.net\/index.php?rest_route=%2Fwp%2Fv2%2Fmedia&parent=156659"}],"wp:term":[{"taxonomy":"category","embeddable":true,"href":"https:\/\/www.diarioimagen.net\/index.php?rest_route=%2Fwp%2Fv2%2Fcategories&post=156659"},{"taxonomy":"post_tag","embeddable":true,"href":"https:\/\/www.diarioimagen.net\/index.php?rest_route=%2Fwp%2Fv2%2Ftags&post=156659"}],"curies":[{"name":"wp","href":"https:\/\/api.w.org\/{rel}","templated":true}]}}