{"id":156684,"date":"2013-12-12T00:05:36","date_gmt":"2013-12-12T06:05:36","guid":{"rendered":"http:\/\/www.diarioimagen.net\/?p=156684"},"modified":"2013-12-12T19:31:13","modified_gmt":"2013-12-13T01:31:13","slug":"pena-nieto-senala-que-ciencia-y-cultura-fortalecen-soberania","status":"publish","type":"post","link":"https:\/\/www.diarioimagen.net\/?p=156684","title":{"rendered":"Pe\u00f1a Nieto reconoce al Senado por aprobar reforma energ\u00e9tica"},"content":{"rendered":"<ul>\n<li><em><strong>El Presidente se\u00f1ala que los cambios avalados reflejan el esp\u00edritu modernizador que se vive en el pa\u00eds<\/strong><\/em><\/li>\n<\/ul>\n<h6>Jos\u00e9 Luis Monta\u00f1ez<\/h6>\n<div id=\"attachment_156685\" style=\"width: 250px\" class=\"wp-caption alignleft\"><a href=\"http:\/\/www.diarioimagen.net\/wp-content\/uploads\/2013\/12\/PE\u00d1A-portal1.jpg\"><img loading=\"lazy\" decoding=\"async\" aria-describedby=\"caption-attachment-156685\" class=\"size-medium wp-image-156685\" alt=\"El presidente Enrique Pe\u00f1a Nieto entrega el Premio Nacional  de Ciencias y Artes en el campo de Ciencias Historia, Sociales y Filosof\u00eda a Roger Bartra Muri\u00e1.\" src=\"http:\/\/www.diarioimagen.net\/wp-content\/uploads\/2013\/12\/PE\u00d1A-portal1-240x135.jpg\" width=\"240\" height=\"135\" srcset=\"https:\/\/www.diarioimagen.net\/wp-content\/uploads\/2013\/12\/PE\u00d1A-portal1-240x135.jpg 240w, https:\/\/www.diarioimagen.net\/wp-content\/uploads\/2013\/12\/PE\u00d1A-portal1-420x236.jpg 420w, https:\/\/www.diarioimagen.net\/wp-content\/uploads\/2013\/12\/PE\u00d1A-portal1-235x132.jpg 235w, https:\/\/www.diarioimagen.net\/wp-content\/uploads\/2013\/12\/PE\u00d1A-portal1-202x114.jpg 202w, https:\/\/www.diarioimagen.net\/wp-content\/uploads\/2013\/12\/PE\u00d1A-portal1-350x196.jpg 350w, https:\/\/www.diarioimagen.net\/wp-content\/uploads\/2013\/12\/PE\u00d1A-portal1-220x123.jpg 220w, https:\/\/www.diarioimagen.net\/wp-content\/uploads\/2013\/12\/PE\u00d1A-portal1-237x132.jpg 237w, https:\/\/www.diarioimagen.net\/wp-content\/uploads\/2013\/12\/PE\u00d1A-portal1.jpg 480w\" sizes=\"auto, (max-width: 240px) 100vw, 240px\" \/><\/a><p id=\"caption-attachment-156685\" class=\"wp-caption-text\">El presidente Enrique Pe\u00f1a Nieto entrega el Premio Nacional de Ciencias y Artes en el campo de Ciencias Historia, Sociales y Filosof\u00eda a Roger Bartra Muri\u00e1.<\/p><\/div>\n<p>El presidente Enrique Pe\u00f1a Nieto expres\u00f3 su amplio reconocimiento al Senado de la Rep\u00fablica por haber aprobado, como c\u00e1mara de origen, la reforma constitucional en materia energ\u00e9tica.<\/p>\n<p>Dijo que \u201cha sido un trabajo de m\u00e1s de tres meses, con largas jornadas y debates intensos\u201d, en los que \u201cse escuch\u00f3 y se tom\u00f3 en cuenta el conocimiento de los expertos, se analizaron los diagn\u00f3sticos de la realidad energ\u00e9tica que hay en el mundo y se intercambiaron argumentos y razones\u201d.<\/p>\n<p>Se\u00f1al\u00f3 que \u201cha sido un gran trabajo el que ha realizado el Senado de la Rep\u00fablica, y corresponder\u00e1 ahora a la C\u00e1mara de Diputados, y en su totalidad a lo que es el Constituyente Permanente, revisar, precisamente, el alcance de esta trascendental reforma que se ha postulado\u201d.<\/p>\n<p>El jefe del Ejecutivo federal explic\u00f3 que \u201cel n\u00famero, profundidad y trascendencia de las reformas aprobadas por el Congreso de la Uni\u00f3n en un solo a\u00f1o, es realmente alentador y refleja el esp\u00edritu modernizador que hoy se vive en el pa\u00eds\u201d.<\/p>\n<p>Afirm\u00f3 que, sin duda, los cambios que se han venido impulsando y que han merecido el apoyo y respaldo, y amplio consenso, al menos, el m\u00e1s amplio posible de lograr, tanto en la C\u00e1mara de Senadores como en la C\u00e1mara de Diputados, son \u201cun paso fundamental para construir un mejor andamiaje institucional, que permita poner a M\u00e9xico en mejores condiciones, precisamente, para enfrentar los desaf\u00edos del siglo XXI\u201d.<\/p>\n<p>Indic\u00f3 que \u201ctenemos que lograr una eficacia y adecuada instrumentaci\u00f3n de lo que posibilita este nuevo andamiaje, y que esa es justamente parte de la responsabilidad que tienen los que estamos al frente de la tarea del Ejecutivo federal en los distintos \u00f3rdenes de gobierno\u201d.<\/p>\n<p>Por lo anterior, en\u00a0el Palacio Nacional y ante los galardonados con los Premios Nacionales de Ciencias y Artes 2013, Enrique Pe\u00f1a Nieto precis\u00f3 que \u201cla transformaci\u00f3n que requiere M\u00e9xico no s\u00f3lo exige voluntad pol\u00edtica, reformas transformadoras y visi\u00f3n de futuro, sino tambi\u00e9n el compromiso social, como el que tienen ustedes, quienes desde la ciencia, el arte o la cultura, contribuyen a la construcci\u00f3n de una mejor naci\u00f3n\u201d.<\/p>\n<p>Puntualiz\u00f3 que \u201cM\u00e9xico est\u00e1 en la ruta de la transformaci\u00f3n\u201d, y destac\u00f3 que, por ello, los \u00faltimos d\u00edas han sido de intenso trabajo legislativo en el Congreso de la Uni\u00f3n, al discutirse las reformas pol\u00edtica y energ\u00e9tica.<\/p>\n<p>Dijo que se han concretado reformas constitucionales en materia educativa y en su legislaci\u00f3n secundaria; en materia de telecomunicaciones y competencia econ\u00f3mica, as\u00ed como una reforma hacendaria y, recientemente, una reforma financiera.<\/p>\n<p align=\"center\"><b>Entrega el Premio Nacional de Ciencias y Artes 2013<\/b><\/p>\n<p>Por otra parte, al entregar el Premio Nacional de Ciencias y Artes 2013, el Presidente refrend\u00f3 el compromiso de su gobierno con la cultura y la ciencia, ya que, afirm\u00f3, ambas son indispensables para fortalecer nuestra soberan\u00eda, unidad e identidad, y \u201calientan nuestra esperanza y confianza en el porvenir\u201d.<\/p>\n<p>Expres\u00f3 que su gobierno est\u00e1 decidido a establecer una nueva relaci\u00f3n con los intelectuales, creadores y cient\u00edficos; \u201cuna relaci\u00f3n positiva, que le sirva a M\u00e9xico, fincada en el di\u00e1logo, el entendimiento y, desde luego y lo m\u00e1s importante, en el absoluto respeto\u201d.<\/p>\n<p>Se\u00f1al\u00f3 que, con este esp\u00edritu, se promueve que tengan m\u00e1s espacios de participaci\u00f3n para enriquecer las pol\u00edticas p\u00fablicas con sus conocimientos, experiencias y propuestas.<\/p>\n<p>Destac\u00f3 que el compromiso de su gobierno con el avance de la cultura, la ciencia, la tecnolog\u00eda y la innovaci\u00f3n, se expresa, adem\u00e1s, en las inversiones p\u00fablicas crecientes que se est\u00e1n alentando y promoviendo.<\/p>\n<p>Inform\u00f3 que con el respaldo de los legisladores, el presupuesto para el 2014 destinado a la cultura ser\u00e1 de m\u00e1s de 18 mil 300 millones de pesos; es decir, 600 millones adicionales a los de este a\u00f1o.<\/p>\n<p>Igualmente, agreg\u00f3, se ratific\u00f3 el compromiso del Estado de incrementar la inversi\u00f3n en ciencia y tecnolog\u00eda, encaminada a destinar al menos el uno por ciento del PIB en 2018.<\/p>\n<p>Por ello, indic\u00f3 que en el a\u00f1o 2014 se asignar\u00e1n m\u00e1s de 81 mil 860 millones de pesos para el eje transversal ciencia-tecnolog\u00eda-innovaci\u00f3n.<\/p>\n<p>Esta cifra, dijo, representa un incremento de 11 mil 400 millones de pesos con respecto al 2013.<\/p>\n<p>En tanto, el Conacyt, indic\u00f3, ejercer\u00e1 un presupuesto superior a los 31 mil millones de pesos, 19 por ciento m\u00e1s en t\u00e9rminos reales, en comparaci\u00f3n con 2013.<\/p>\n<p>\u201cCon acciones como \u00e9stas, M\u00e9xico reconoce y valora en los hechos a sus creadores y cient\u00edficos. Somos una naci\u00f3n consciente de que su mayor fortaleza y activo est\u00e1 en su gente y en sus talentos\u201d, se\u00f1al\u00f3.<\/p>\n<p>Coincidi\u00f3 con Roger Bartra, uno de los galardonados con el Premio Nacional de Ciencias y Artes, en que \u201ctenemos que lograr que existan mayores vasos comunicantes entre quienes son creadores de ciencia y de arte, y quienes tenemos la responsabilidad p\u00fablica frente a los ciudadanos\u201d.<\/p>\n<p>A los galardonados con el Premio Nacional de Ciencias y Artes les expres\u00f3 que \u201cla transformaci\u00f3n que requiere M\u00e9xico, no s\u00f3lo exige voluntad pol\u00edtica, reformas transformadoras y visi\u00f3n de futuro, sino tambi\u00e9n compromiso social, como el que tienen ustedes, quienes desde la ciencia, el arte o la cultura, contribuyen a la construcci\u00f3n de una mejor naci\u00f3n\u201d.<b><\/b><\/p>\n","protected":false},"excerpt":{"rendered":"<p><span style=\"color: #005497;\"><strong>Jos\u00e9 Luis Monta\u00f1ez Aguilar<\/strong><\/span><br \/>\n<br \/>\nEl presidente Enrique Pe\u00f1a Nieto expres\u00f3 su amplio reconocimiento al Senado de la Rep\u00fablica por haber aprobado, como c\u00e1mara de origen, la reforma constitucional en materia energ\u00e9tica.<\/p>\n","protected":false},"author":5,"featured_media":156685,"comment_status":"open","ping_status":"open","sticky":false,"template":"","format":"standard","meta":{"_monsterinsights_skip_tracking":false,"_monsterinsights_sitenote_active":false,"_monsterinsights_sitenote_note":"","_monsterinsights_sitenote_category":0,"footnotes":""},"categories":[17,3],"tags":[6919,2255,18,26447,116,29453],"class_list":["post-156684","post","type-post","status-publish","format-standard","has-post-thumbnail","hentry","category-especiales","category-nacional","tag-camara-de-senadores","tag-congreso-de-la-union","tag-enrique-pena-nieto","tag-reforma-energetica","tag-senado-de-la-republica","tag-soberania"],"_links":{"self":[{"href":"https:\/\/www.diarioimagen.net\/index.php?rest_route=\/wp\/v2\/posts\/156684","targetHints":{"allow":["GET"]}}],"collection":[{"href":"https:\/\/www.diarioimagen.net\/index.php?rest_route=\/wp\/v2\/posts"}],"about":[{"href":"https:\/\/www.diarioimagen.net\/index.php?rest_route=\/wp\/v2\/types\/post"}],"author":[{"embeddable":true,"href":"https:\/\/www.diarioimagen.net\/index.php?rest_route=\/wp\/v2\/users\/5"}],"replies":[{"embeddable":true,"href":"https:\/\/www.diarioimagen.net\/index.php?rest_route=%2Fwp%2Fv2%2Fcomments&post=156684"}],"version-history":[{"count":0,"href":"https:\/\/www.diarioimagen.net\/index.php?rest_route=\/wp\/v2\/posts\/156684\/revisions"}],"wp:featuredmedia":[{"embeddable":true,"href":"https:\/\/www.diarioimagen.net\/index.php?rest_route=\/wp\/v2\/media\/156685"}],"wp:attachment":[{"href":"https:\/\/www.diarioimagen.net\/index.php?rest_route=%2Fwp%2Fv2%2Fmedia&parent=156684"}],"wp:term":[{"taxonomy":"category","embeddable":true,"href":"https:\/\/www.diarioimagen.net\/index.php?rest_route=%2Fwp%2Fv2%2Fcategories&post=156684"},{"taxonomy":"post_tag","embeddable":true,"href":"https:\/\/www.diarioimagen.net\/index.php?rest_route=%2Fwp%2Fv2%2Ftags&post=156684"}],"curies":[{"name":"wp","href":"https:\/\/api.w.org\/{rel}","templated":true}]}}