{"id":156690,"date":"2013-12-12T00:10:40","date_gmt":"2013-12-12T06:10:40","guid":{"rendered":"http:\/\/www.diarioimagen.net\/?p=156690"},"modified":"2013-12-12T05:08:59","modified_gmt":"2013-12-12T11:08:59","slug":"tras-20-hora-de-debate-senado-aprobo-la-reforma-energetica","status":"publish","type":"post","link":"https:\/\/www.diarioimagen.net\/?p=156690","title":{"rendered":"Tras 20 horas de debate, Senado aprob\u00f3 la reforma energ\u00e9tica"},"content":{"rendered":"<ul>\n<li><em><strong>Los cambios constitucionales permiten toda clase de contratos para participaci\u00f3n privada<\/strong><\/em><\/li>\n<\/ul>\n<div id=\"attachment_156691\" style=\"width: 250px\" class=\"wp-caption alignleft\"><a href=\"http:\/\/www.diarioimagen.net\/wp-content\/uploads\/2013\/12\/pleno-portal.jpg\"><img loading=\"lazy\" decoding=\"async\" aria-describedby=\"caption-attachment-156691\" class=\"size-medium wp-image-156691\" alt=\"El nuevo articulado de la reforma perfila m\u00e1s recursos para los estados \u2013en su mayor\u00eda gobernados por el PRI-- a trav\u00e9s del Fondo Mexicano del Petr\u00f3leo para la Estabilizaci\u00f3n y Desarrollo, del cual tambi\u00e9n se tomar\u00e1 un 10% para fondear el nuevo sistema de Pensi\u00f3n Universal que a\u00fan se discute en el Senado.\" src=\"http:\/\/www.diarioimagen.net\/wp-content\/uploads\/2013\/12\/pleno-portal-240x135.jpg\" width=\"240\" height=\"135\" srcset=\"https:\/\/www.diarioimagen.net\/wp-content\/uploads\/2013\/12\/pleno-portal-240x135.jpg 240w, https:\/\/www.diarioimagen.net\/wp-content\/uploads\/2013\/12\/pleno-portal-420x236.jpg 420w, https:\/\/www.diarioimagen.net\/wp-content\/uploads\/2013\/12\/pleno-portal-235x132.jpg 235w, https:\/\/www.diarioimagen.net\/wp-content\/uploads\/2013\/12\/pleno-portal-202x114.jpg 202w, https:\/\/www.diarioimagen.net\/wp-content\/uploads\/2013\/12\/pleno-portal-350x196.jpg 350w, https:\/\/www.diarioimagen.net\/wp-content\/uploads\/2013\/12\/pleno-portal-220x123.jpg 220w, https:\/\/www.diarioimagen.net\/wp-content\/uploads\/2013\/12\/pleno-portal-237x132.jpg 237w, https:\/\/www.diarioimagen.net\/wp-content\/uploads\/2013\/12\/pleno-portal.jpg 480w\" sizes=\"auto, (max-width: 240px) 100vw, 240px\" \/><\/a><p id=\"caption-attachment-156691\" class=\"wp-caption-text\">El nuevo articulado de la reforma perfila m\u00e1s recursos para los estados \u2013en su mayor\u00eda gobernados por el PRI&#8211; a trav\u00e9s del Fondo Mexicano del Petr\u00f3leo para la Estabilizaci\u00f3n y Desarrollo, del cual tambi\u00e9n se tomar\u00e1 un 10% para fondear el nuevo sistema de Pensi\u00f3n Universal que a\u00fan se discute en el Senado.<\/p><\/div>\n<p>El Senado turn\u00f3 a la C\u00e1mara de Diputados el dictamen de reformas constitucionales en materia energ\u00e9tica, luego de haberlo discutido m\u00e1s de 20 horas en el pleno. El PRD, PT y Movimiento Ciudadano rebatieron uno a uno los cambios a los art\u00edculos 25, 27 y 28 constitucionales, as\u00ed como 19 de los 21 art\u00edculos transitorios, sin conseguir frenarlos.<\/p>\n<p>El Senado aval\u00f3 sin modificaciones los \u00faltimos cambios hechos al dictamen que ya hab\u00eda sido aprobado en comisiones, en el cual se abre la posibilidad de entregar todo tipo de contratos a la iniciativa privada, que se hab\u00edan limitado a los contratos de utilidad, producci\u00f3n compartida o de licencia, al establecer que ahora ya no podr\u00e1n, sino \u201cdeber\u00e1n\u201d ser estas modalidades \u201centre otras\u201d.<\/p>\n<p>Los cambios prev\u00e9n tambi\u00e9n que aquellas empresas mineras que tengan concesiones vigentes a la entrada en vigor de este decreto s\u00ed puedan explorar y extraer gas asociado a los yacimientos de carb\u00f3n, dado que se elimina esa restricci\u00f3n del art\u00edculo 8\u00ba transitorio.<\/p>\n<p>Sin pasar a discusi\u00f3n en comisiones, el nuevo articulado modifica los art\u00edculos 25, 27 y 28 constitucionales y trece transitorios, de los que se eliminan el retiro a los subsidios a la gasolina y la luz, as\u00ed como el p\u00e1rrafo segundo del art\u00edculo 7\u00ba transitorio, que obligaba a M\u00e9xico a sujetar su sector energ\u00e9tico \u201ca lo dispuesto en los tratados internacionales\u201d.<\/p>\n<p>El nuevo articulado de la reforma perfila m\u00e1s recursos para los estados -en su mayor\u00eda gobernados por el PRI- a trav\u00e9s del Fondo Mexicano del Petr\u00f3leo para la Estabilizaci\u00f3n y Desarrollo, del cual tambi\u00e9n se tomar\u00e1 un 10% para fondear el nuevo sistema de Pensi\u00f3n Universal que a\u00fan se discute en el Senado.<\/p>\n<p>Con el pu\u00f1o en alto, la izquierda reclam\u00f3 al t\u00e9rmino de la sesi\u00f3n \u201c\u00a1consulta popular, consulta popular, consulta popular!\u201d, mientras senadores del PRI, PVEM y PAN celebraron entre aplausos y abrazos.<\/p>\n<p>Los perredistas Mario Delgado y Manuel Camacho Sol\u00eds reclamaron a la Mesa Directiva que agilice el tr\u00e1mite de conteo de las cajas que contienen las firmas entregadas, para mandarlas al IFE y arrancar con el proceso de consulta popular. Ra\u00fal Cervantes respondi\u00f3 que agilizar\u00e1 el tr\u00e1mite destinando un mayor n\u00famero de fedatarios para cumplir con ello.<\/p>\n<p>La sesi\u00f3n se levant\u00f3 y se cit\u00f3 el viernes a las 11:00 horas, mientras que el personal de la Polic\u00eda Federal que resguard\u00f3 el recinto durante 10 d\u00edas comenz\u00f3 a desmontar el operativo, que incluy\u00f3 vallas de acero de tres metros.<\/p>\n","protected":false},"excerpt":{"rendered":"<p>El Senado turn\u00f3 a la C\u00e1mara de Diputados el dictamen de reformas constitucionales en materia energ\u00e9tica, luego de haberlo<\/p>\n","protected":false},"author":5,"featured_media":156691,"comment_status":"open","ping_status":"open","sticky":false,"template":"","format":"standard","meta":{"_monsterinsights_skip_tracking":false,"_monsterinsights_sitenote_active":false,"_monsterinsights_sitenote_note":"","_monsterinsights_sitenote_category":0,"footnotes":""},"categories":[3],"tags":[98,43673,26447,1409,116],"class_list":["post-156690","post","type-post","status-publish","format-standard","has-post-thumbnail","hentry","category-nacional","tag-camara-de-diputados","tag-nacional","tag-reforma-energetica","tag-senado","tag-senado-de-la-republica"],"_links":{"self":[{"href":"https:\/\/www.diarioimagen.net\/index.php?rest_route=\/wp\/v2\/posts\/156690","targetHints":{"allow":["GET"]}}],"collection":[{"href":"https:\/\/www.diarioimagen.net\/index.php?rest_route=\/wp\/v2\/posts"}],"about":[{"href":"https:\/\/www.diarioimagen.net\/index.php?rest_route=\/wp\/v2\/types\/post"}],"author":[{"embeddable":true,"href":"https:\/\/www.diarioimagen.net\/index.php?rest_route=\/wp\/v2\/users\/5"}],"replies":[{"embeddable":true,"href":"https:\/\/www.diarioimagen.net\/index.php?rest_route=%2Fwp%2Fv2%2Fcomments&post=156690"}],"version-history":[{"count":0,"href":"https:\/\/www.diarioimagen.net\/index.php?rest_route=\/wp\/v2\/posts\/156690\/revisions"}],"wp:featuredmedia":[{"embeddable":true,"href":"https:\/\/www.diarioimagen.net\/index.php?rest_route=\/wp\/v2\/media\/156691"}],"wp:attachment":[{"href":"https:\/\/www.diarioimagen.net\/index.php?rest_route=%2Fwp%2Fv2%2Fmedia&parent=156690"}],"wp:term":[{"taxonomy":"category","embeddable":true,"href":"https:\/\/www.diarioimagen.net\/index.php?rest_route=%2Fwp%2Fv2%2Fcategories&post=156690"},{"taxonomy":"post_tag","embeddable":true,"href":"https:\/\/www.diarioimagen.net\/index.php?rest_route=%2Fwp%2Fv2%2Ftags&post=156690"}],"curies":[{"name":"wp","href":"https:\/\/api.w.org\/{rel}","templated":true}]}}