{"id":156701,"date":"2013-12-12T00:06:25","date_gmt":"2013-12-12T06:06:25","guid":{"rendered":"http:\/\/www.diarioimagen.net\/?p=156701"},"modified":"2013-12-12T19:31:23","modified_gmt":"2013-12-13T01:31:23","slug":"eruviel-avila-apoya-plan-para-ampliar-los-aeropuertos-del-df-y-toluca","status":"publish","type":"post","link":"https:\/\/www.diarioimagen.net\/?p=156701","title":{"rendered":"Eruviel \u00c1vila apoya plan para ampliar los aeropuertos del DF y Toluca"},"content":{"rendered":"<ul>\n<li><strong><em>Las obras ser\u00e1n realizadas en terrenos de propiedad federal, por lo que no se realizar\u00e1n expropiaciones en sus alrededores<\/em><\/strong><\/li>\n<\/ul>\n<div id=\"attachment_156762\" style=\"width: 250px\" class=\"wp-caption alignleft\"><a href=\"http:\/\/www.diarioimagen.net\/wp-content\/uploads\/2013\/12\/eruviel-2249.jpg\"><img loading=\"lazy\" decoding=\"async\" aria-describedby=\"caption-attachment-156762\" class=\"size-medium wp-image-156762\" alt=\"Al inaugurar el Laboratorio de Materiales de la Facultad de Ingenier\u00eda de la UAEM, el gobernador Eruviel \u00c1vila Villegas respald\u00f3 el proyecto del gobierno de la Rep\u00fablica, para ampliar los aeropuertos internacionales de las ciudades de M\u00e9xico y Toluca, con lo que se generar\u00e1 una importante derrama econ\u00f3mica y m\u00e1s empleos.\" src=\"http:\/\/www.diarioimagen.net\/wp-content\/uploads\/2013\/12\/eruviel-2249-240x135.jpg\" width=\"240\" height=\"135\" srcset=\"https:\/\/www.diarioimagen.net\/wp-content\/uploads\/2013\/12\/eruviel-2249-240x135.jpg 240w, https:\/\/www.diarioimagen.net\/wp-content\/uploads\/2013\/12\/eruviel-2249-420x236.jpg 420w, https:\/\/www.diarioimagen.net\/wp-content\/uploads\/2013\/12\/eruviel-2249-235x132.jpg 235w, https:\/\/www.diarioimagen.net\/wp-content\/uploads\/2013\/12\/eruviel-2249-202x114.jpg 202w, https:\/\/www.diarioimagen.net\/wp-content\/uploads\/2013\/12\/eruviel-2249-350x196.jpg 350w, https:\/\/www.diarioimagen.net\/wp-content\/uploads\/2013\/12\/eruviel-2249-220x123.jpg 220w, https:\/\/www.diarioimagen.net\/wp-content\/uploads\/2013\/12\/eruviel-2249-237x132.jpg 237w, https:\/\/www.diarioimagen.net\/wp-content\/uploads\/2013\/12\/eruviel-2249.jpg 480w\" sizes=\"auto, (max-width: 240px) 100vw, 240px\" \/><\/a><p id=\"caption-attachment-156762\" class=\"wp-caption-text\">Al inaugurar el Laboratorio de Materiales de la Facultad de Ingenier\u00eda de la UAEM, el gobernador Eruviel \u00c1vila Villegas respald\u00f3 el proyecto del gobierno de la Rep\u00fablica, para ampliar los aeropuertos internacionales de las ciudades de M\u00e9xico y Toluca, con lo que se generar\u00e1 una importante derrama econ\u00f3mica y m\u00e1s empleos.<\/p><\/div>\n<p><strong>Toluca, Estado de M\u00e9xico<\/strong>.- El gobernador Eruviel \u00c1vila Villegas respald\u00f3 el proyecto del gobierno de la Rep\u00fablica, a trav\u00e9s de la Secretar\u00eda de Comunicaciones y Transportes, para ampliar el Aeropuerto Internacional de la Ciudad de M\u00e9xico (AICM) y el Aeropuerto Internacional de Toluca (AIT), con lo que se generar\u00e1 una importante derrama econ\u00f3mica y m\u00e1s empleos, adem\u00e1s de que otorgar\u00e1n modernidad a la capital del pa\u00eds y a la entidad, sin que tenga que expropiarse alg\u00fan predio para su realizaci\u00f3n.<\/p>\n<p>\u201cAl gobierno federal, al secretario de Comunicaciones, expresarle que en el Estado de M\u00e9xico estamos solidarios, estamos con todo el entusiasmo para apoyar este proyecto de la ampliaci\u00f3n del Aeropuerto Internacional de la Ciudad de M\u00e9xico, refer\u00eda que se van a realizar en algunos terrenos propiedad del gobierno federal, celebro que no se tendr\u00e1 que hacer ninguna expropiaci\u00f3n, que est\u00e9n avanzados los proyectos, los estudios correspondientes para concretar esta importante obra que le habr\u00e1 de dar modernidad a nuestro querido Estado de M\u00e9xico\u201d, dijo.<\/p>\n<p>Al inaugurar la primera etapa de modernizaci\u00f3n del Laboratorio de Materiales de la Facultad de Ingenier\u00eda Javier Barros Sierra de la Universidad Aut\u00f3noma del Estado de M\u00e9xico (UAEM), indic\u00f3 que su entidad apoyar\u00e1 la realizaci\u00f3n de estos proyectos con recursos humanos, entre los que se podr\u00edan incluir a ingenieros y egresados de la m\u00e1xima casa de estudios de la entidad, pues asegur\u00f3 que el de la terminal a\u00e9rea de la capital del pa\u00eds, ser\u00e1 el m\u00e1s importante a nivel nacional e internacional, por el monto de inversi\u00f3n y los alcances del mismo.<\/p>\n<p>Eruviel \u00c1vila agreg\u00f3 que en la terminal de Toluca se pretende construir una pista adicional para incrementar los servicios a la aviaci\u00f3n privada y comercial, que sumada con el Sistema de Aterrizaje Instrumental (ILS, por su siglas en ingl\u00e9s), mecanismo \u00fanico en este aeropuerto que posibilita que el piloto pueda aterrizar no importando que tenga cero visibilidad, permitir\u00e1n mantenerlo a la vanguardia a nivel nacional, por lo que ofreci\u00f3 terrenos propiedad del gobierno del Estado de M\u00e9xico, para concretar este fin.<\/p>\n<p>Por otra parte, el gobernador reconoci\u00f3, a nombre de los mexiquenses, al Senado de la Rep\u00fablica por aprobar la reforma energ\u00e9tica, e hizo votos para que la C\u00e1mara de Diputados federal y los congresos locales hagan lo propio, para elevar la competitividad y el desarrollo del pa\u00eds y, en especial del Estado de M\u00e9xico, y generar m\u00e1s empleos en beneficio de la poblaci\u00f3n.<\/p>\n<p>El Laboratorio de Materiales de la Facultad de Ingenier\u00eda Javier Barros Sierra, en el que se invirtieron m\u00e1s de 33 millones de pesos para su construcci\u00f3n y 10 millones m\u00e1s para su equipamiento, beneficiar\u00e1 a estudiantes, profesores y empresas especializadas en ramas de la construcci\u00f3n, ya que en \u00e9l se realizar\u00e1n investigaci\u00f3n, docencia y servicios de extensi\u00f3n en el \u00e1rea de la edificaci\u00f3n de obras civiles, entre los que se encuentran estudios geot\u00e9cnicos para determinar la calidad de los materiales empleados en la edificaci\u00f3n de obras civiles bajo est\u00e1ndares establecidos por la Entidad Mexicana de Acreditaci\u00f3n (EMA), levantamientos topogr\u00e1ficos con estaci\u00f3n total, planimetr\u00eda, altimetr\u00eda, entre otros.<\/p>\n<p>Eruviel \u00c1vila destac\u00f3 que con acciones como \u00e9sta, su administraci\u00f3n se suma a la estrategia nacional para transformar la educaci\u00f3n del pa\u00eds, emprendida por el presidente Enrique Pe\u00f1a Nieto, que lo colocaron dentro de la lista de los 100 pensadores m\u00e1s influyentes del mundo, seg\u00fan la publicaci\u00f3n <i>Foreing Policy<\/i>.<\/p>\n<p>Al respecto, Jorge Olvera Garc\u00eda, rector de la UAEM, reconoci\u00f3 a nombre de la comunidad universitaria, la labor que realiza el gobernador Eruviel \u00c1vila para consolidar una pol\u00edtica de impulso y desarrollo de la educaci\u00f3n, a trav\u00e9s de la concreci\u00f3n de obras como este laboratorio, que permiten a la m\u00e1xima casa de estudios de la entidad, responder a los mexiquenses, ser promotora de desarrollo y ampliar su cat\u00e1logo de oferta de servicios para el sector p\u00fablico y privado.<\/p>\n<p>Inform\u00f3 que el antiguo Laboratorio de Materiales, ubicado en Ciudad Universitaria y con m\u00e1s de 50 a\u00f1os de existencia, se convertir\u00e1 en un recinto que albergar\u00e1 la obra magna del artista Leopoldo Flores con la consolidaci\u00f3n de un vitral.<\/p>\n","protected":false},"excerpt":{"rendered":"<p>El gobernador Eruviel \u00c1vila Villegas respald\u00f3 el proyecto del gobierno de la Rep\u00fablica, a trav\u00e9s de la Secretar\u00eda de Comunicaciones y Transportes, para ampliar el Aeropuerto Internacional de la Ciudad de M\u00e9xico (AICM) y el Aeropuerto Internacional de Toluca (AIT), con lo que se generar\u00e1 una importante derrama econ\u00f3mica y m\u00e1s empleos, adem\u00e1s de que otorgar\u00e1n modernidad a la capital del pa\u00eds y a la entidad, sin que tenga que expropiarse alg\u00fan predio para su realizaci\u00f3n.<\/p>\n","protected":false},"author":3,"featured_media":156762,"comment_status":"open","ping_status":"open","sticky":false,"template":"","format":"standard","meta":{"_monsterinsights_skip_tracking":false,"_monsterinsights_sitenote_active":false,"_monsterinsights_sitenote_note":"","_monsterinsights_sitenote_category":0,"footnotes":""},"categories":[17,5],"tags":[5736,5828,43675,1669],"class_list":["post-156701","post","type-post","status-publish","format-standard","has-post-thumbnail","hentry","category-especiales","category-estado-de-mexico","tag-aeropuerto-internacional-de-la-ciudad-de-mexico","tag-eruviel-avila-villegas","tag-estado-de-mexico","tag-secretaria-de-comunicaciones-y-transportes"],"_links":{"self":[{"href":"https:\/\/www.diarioimagen.net\/index.php?rest_route=\/wp\/v2\/posts\/156701","targetHints":{"allow":["GET"]}}],"collection":[{"href":"https:\/\/www.diarioimagen.net\/index.php?rest_route=\/wp\/v2\/posts"}],"about":[{"href":"https:\/\/www.diarioimagen.net\/index.php?rest_route=\/wp\/v2\/types\/post"}],"author":[{"embeddable":true,"href":"https:\/\/www.diarioimagen.net\/index.php?rest_route=\/wp\/v2\/users\/3"}],"replies":[{"embeddable":true,"href":"https:\/\/www.diarioimagen.net\/index.php?rest_route=%2Fwp%2Fv2%2Fcomments&post=156701"}],"version-history":[{"count":0,"href":"https:\/\/www.diarioimagen.net\/index.php?rest_route=\/wp\/v2\/posts\/156701\/revisions"}],"wp:featuredmedia":[{"embeddable":true,"href":"https:\/\/www.diarioimagen.net\/index.php?rest_route=\/wp\/v2\/media\/156762"}],"wp:attachment":[{"href":"https:\/\/www.diarioimagen.net\/index.php?rest_route=%2Fwp%2Fv2%2Fmedia&parent=156701"}],"wp:term":[{"taxonomy":"category","embeddable":true,"href":"https:\/\/www.diarioimagen.net\/index.php?rest_route=%2Fwp%2Fv2%2Fcategories&post=156701"},{"taxonomy":"post_tag","embeddable":true,"href":"https:\/\/www.diarioimagen.net\/index.php?rest_route=%2Fwp%2Fv2%2Ftags&post=156701"}],"curies":[{"name":"wp","href":"https:\/\/api.w.org\/{rel}","templated":true}]}}