{"id":156706,"date":"2013-12-12T00:07:50","date_gmt":"2013-12-12T06:07:50","guid":{"rendered":"http:\/\/www.diarioimagen.net\/?p=156706"},"modified":"2013-12-13T04:56:47","modified_gmt":"2013-12-13T10:56:47","slug":"se-fue-directo-al-pleno-de-los-diputados","status":"publish","type":"post","link":"https:\/\/www.diarioimagen.net\/?p=156706","title":{"rendered":"Se fue directo al pleno de los diputados"},"content":{"rendered":"<h2>Tras la puerta del poder<\/h2>\n<h5>Roberto Vizca\u00edno<\/h5>\n<p>&nbsp;<\/p>\n<ul>\n<li><strong><i>Los de la bancada del PRI, PAN, PVEM y Panal pasaron la iniciativa energ\u00e9tica a la asamblea en San L\u00e1zaro<\/i><\/strong><\/li>\n<li><strong><i>Los del PRD, PT y MC se apoderaron del sal\u00f3n general y encadenaron sus puertas<\/i><\/strong><\/li>\n<li><strong><i>Hacienda acord\u00f3 con la titular de Turismo m\u00e1s cr\u00e9ditos para el sector de la recreaci\u00f3n<\/i><\/strong><\/li>\n<\/ul>\n<div id=\"attachment_156766\" style=\"width: 250px\" class=\"wp-caption alignleft\"><a href=\"http:\/\/www.diarioimagen.net\/wp-content\/uploads\/2013\/12\/a-patin-trizas-2249.jpg\"><img loading=\"lazy\" decoding=\"async\" aria-describedby=\"caption-attachment-156766\" class=\"size-medium wp-image-156766\" alt=\"A pat\u00edn\u2026 | Trizas\" src=\"http:\/\/www.diarioimagen.net\/wp-content\/uploads\/2013\/12\/a-patin-trizas-2249-240x193.jpg\" width=\"240\" height=\"193\" srcset=\"https:\/\/www.diarioimagen.net\/wp-content\/uploads\/2013\/12\/a-patin-trizas-2249-240x193.jpg 240w, https:\/\/www.diarioimagen.net\/wp-content\/uploads\/2013\/12\/a-patin-trizas-2249-420x338.jpg 420w, https:\/\/www.diarioimagen.net\/wp-content\/uploads\/2013\/12\/a-patin-trizas-2249.jpg 700w\" sizes=\"auto, (max-width: 240px) 100vw, 240px\" \/><\/a><p id=\"caption-attachment-156766\" class=\"wp-caption-text\">A pat\u00edn\u2026 | Trizas<\/p><\/div>\n<p>Luego de que diputados del PRD, PT y MC se apoderaron del Sal\u00f3n de Plenos en San L\u00e1zaro ante la llegada de la minuta de la reforma energ\u00e9tica, los coordinadores del PRI, PAN y Verde en la C\u00e1mara de Diputados decidieron enviarla directamente al pleno \u2014reubicado en el auditorio del edificio E-, para su debate y aprobaci\u00f3n.<\/p>\n<p>Y es que mientras los coordinadores de todas las fracciones se pon\u00edan de acuerdo dentro de la Junta de Coordinaci\u00f3n Pol\u00edtica sobre el procedimiento que se seguir\u00eda para el desahogo de esta reforma en la C\u00e1mara de Diputados, los legisladores del PRD (101), PT (14) y Movimiento Ciudadano (20) (135 en total) asaltaron y encadenaron las puertas del sal\u00f3n de plenos.<\/p>\n<p>Frente a este hecho, los de las otras fracciones se fueron al auditorio del edificio \u201cE\u201d ubicado dentro del mismo complejo del Palacio Legislativo de San L\u00e1zaro, a fin de decidir qu\u00e9 camino seguir ante esta situaci\u00f3n.<\/p>\n<p>Todo apuntaba anoche que las fracciones del PRI (112 diputados), la del PAN (114), PVEM (28) y Panal (10) (en total 365), no dar\u00e1n el m\u00ednimo espacio ni posibilidad\u00a0 para que los del PRD, PT y MC obstruyan y pospongan este proceso que bien puede concluir hoy o ma\u00f1ana con la aprobaci\u00f3n de esta reforma para completar su tr\u00e1mite dentro del Congreso de la Uni\u00f3n.<\/p>\n<p>El embrollo lo explic\u00f3 as\u00ed el poderoso coordinador de los pri\u00edstas, el sonorense Manlio Fabio Beltrones:<\/p>\n<p>\u201cEn la Junta de Coordinaci\u00f3n Pol\u00edtica conversamos para buscar una soluci\u00f3n al conflicto surgido debido a que un grupo de diputadas y diputados de distintos partidos pol\u00edticos, se han arrogado y secuestrado lo que a todos nos pertenece: el recinto legislativo.<\/p>\n<p>\u201cPr\u00e1cticas como esas son las que nos tienen aqu\u00ed (en el auditorio del edificio \u201cE\u201d); decisiones arbitrarias como esas, violentas, y que han lastimado a diputadas y diputados.<\/p>\n<p>\u201c\u2026 en C\u00e1mara de Diputados no ha habido asunto que no se debata incluso hasta el cansancio, hasta la necedad, y as\u00ed seguiremos, porque es un procedimiento democr\u00e1tico\u2026 escuchar a todos aquellos que quieran ser o\u00eddos, (para que) la C\u00e1mara \u00a0tome una decisi\u00f3n, para que el pa\u00eds avance en legalidad y en democracia.<\/p>\n<p>\u201cMiente, miente\u00a0aquel que diga que el d\u00eda de hoy se iba a dejar de mandar a comisiones, a su consideraci\u00f3n, la minuta que resolvi\u00f3 el Senado. Por cierto, felicito de manera abierta, democr\u00e1tica, inclusiva y paciente, al Senado de la Rep\u00fablica \u2014que nos ha dado a nosotros, una muestra de civilidad\u2014 en donde se puede debatir entre todos, sobre todo entre quienes pensamos distinto, y resolver en paz y tranquilidad, lo que conviene al mismo pa\u00eds.<\/p>\n<p>\u201cDesde temprano \u2014si es que no desde las semanas anteriores\u2014, los coordinadores parlamentarios hemos estado platicando sobre el procedimiento que debe tener esta minuta\u2026 eso lo platicamos en la ma\u00f1ana, al medio d\u00eda, y cuando est\u00e1bamos acord\u00e1ndolo en la Junta de Coordinaci\u00f3n, un grupo de diputadas y diputados, decidieron secuestrar el recinto parlamentario.<\/p>\n<p>\u201cLamento mucho que as\u00ed sea. Que la falta de comunicaci\u00f3n entre sus coordinadores, de los grupos parlamentarios, nos tenga aqu\u00ed en este auditorio, hoy, recinto legal para sesionar en la C\u00e1mara de Diputados\u2026 que el tr\u00e1mite y procedimiento legal y constitucional lo resuelva este pleno, y que este Pleno sea el que diga lo que hay que hacer. No hay m\u00e1s autoridad que el pleno.<\/p>\n<p>\u201cDiputadas y diputados integrantes de esta Legislatura, valen uno que otro igual, todos valemos lo mismo; no habr\u00e1 decisiones que no se asuman en este pleno y que hayamos de respetar.<\/p>\n<p>\u201cPor eso, cuando los coordinadores parlamentarios son incapaces e insuficientes, o no tienen la autoridad para comunicarse con su bancada sobre los procedimientos, es la hora que el pleno diga lo que hay que hacer, y es por eso que nos encontramos aqu\u00ed.<\/p>\n<p>\u201cEl Grupo Parlamentario del PRI, se sujetar\u00e1 a la legalidad, a la constitucionalidad y al procedimiento que este pleno resuelva. Pero insisto: miente el que diga que no est\u00e1bamos platicando sobre el procedimiento del env\u00edo de la minuta a comisiones. Faltar\u00e1 a la verdad, quien sostenga lo contrario\u201d, subray\u00f3 evidentemente molesto.<\/p>\n<p>En ese momento los coordinadores y las bancadas de los diversos grupos en San L\u00e1zaro sab\u00edan bien que ni unos ni otros van a modificar en San L\u00e1zaro la posici\u00f3n expresada los d\u00edas anteriores por sus respectivos grupos partidarios en el Senado.<\/p>\n<p>Los pri\u00edstas, panistas, verdes y neoaliancistas estaban absolutamente seguros que los perredistas, petistas y del MC continuar\u00edan por todos los medios con su intenci\u00f3n de obstruir, alargar y sabotear la reforma.<\/p>\n<p>Ante cualquier otra posibilidad, con el sal\u00f3n de plenos secuestrado por los de la izquierda, Manlio Fabio Beltrones pidi\u00f3 a los suyos y a los de otras bancadas, no caer en provocaciones, mantener la calma y continuar con el proceso de aprobaci\u00f3n de la energ\u00e9tica.<\/p>\n<p>Unos y otros saben perfectamente que en San L\u00e1zaro sumadas las fracciones del PRI, PAN, Verde y Panal tienen 31 votos m\u00e1s de 334 que se requieren para legitimar una reforma constitucional.<\/p>\n<p>Con el control de esta mayor\u00eda aritm\u00e9tica -que se convierte en la m\u00e1s contundente arma letal y pol\u00edtica para las llamadas izquierdas legislativas-, los coordinadores del PRI, el sonorense Manlio Fabio Beltrones y del PAN, Luis Alberto Villarreal decidieron irse directo al debate y aprobaci\u00f3n de la reforma energ\u00e9tica enviada por el Senado.<\/p>\n<p>Esta decisi\u00f3n disminuy\u00f3 el desgaste de tener que escuchar cientos de posicionamientos de perredistas y sus socios, que repiten una y otra vez sus mismos argumentos sin aportar nuevos razonamientos o propuestas.<\/p>\n<p>El vocero de los perredistas, Carlos Reyes G\u00e1miz, indic\u00f3 que los legisladores de su partido dar\u00e1n el debate en la sede alterna dentro del mismo complejo de San L\u00e1zaro, a fin de defender sus puntos de vista, pero mantendr\u00e1n la toma del sal\u00f3n de plenos en se\u00f1al de protesta por la supuesta violaci\u00f3n al proceso parlamentario en la discusi\u00f3n de la minuta de reforma energ\u00e9tica enviada por el Senado de la Rep\u00fablica.<\/p>\n<p>Reyes G\u00e1miz acus\u00f3 a su vez a las bancadas del PRI, PAN, PVEM y Nueva Alianza de pisotear el proceso parlamentario al dispensar todos los tr\u00e1mites, incluida la discusi\u00f3n en comisiones unidas, de la minuta que se recibi\u00f3 hoy de la reforma energ\u00e9tica.<\/p>\n<p align=\"center\">\u00a0<b>RELACI\u00d3N DA\u00d1ADA<\/b><\/p>\n<p>De cara a los acontecimientos, las dirigencias de los partidos comenzaron a lamentar que una buena parte de los senadores del PRD, PT y MC hayan rebasado las l\u00edneas de la civilidad pol\u00edtica y hayan entrado en las ofensas, las denuncias y las descalificaciones.<\/p>\n<p>El extremo lo expres\u00f3 la campechana Layda Sansores quien amparada en una frase del escritor Jos\u00e9 Saramago calific\u00f3 a pri\u00edstas, panistas y verdes como \u201chijos de puta\u201d.<\/p>\n<p>Sin embargo otros, como Manuel Bartlett y Manuel Camacho \u2014casualmente quienes ocuparon los m\u00e1s altos cargos en el r\u00e9gimen pri\u00edsta-, se significaron por se\u00f1alar hasta el cansancio a sus ex correligionarios de traidores y vendepatrias.<\/p>\n<p>El problema es que todo esto ocurri\u00f3 apenas en el primer a\u00f1o de esta legislatura y cuando a los senadores les falta cumplir otros cinco a\u00f1os en la misma c\u00e1mara.<\/p>\n<p>\u00bfC\u00f3mo se van a sentar unos frente a los otros a negociar los temas que vienen cuando todo est\u00e1 roto?<\/p>\n<p>Varios terminaron por esta polarizaci\u00f3n con amistades que ven\u00edan de a\u00f1os.<\/p>\n<p>Algunos m\u00e1s han entrado en el espacio del odio personal y la desconfianza frente a los otros.<\/p>\n<p>Cuando una relaci\u00f3n se eleva a las mentadas, es muy dif\u00edcil, casi imposible regresarla al nivel de la civilidad m\u00ednima, nos coment\u00f3 ayer un l\u00edder.<\/p>\n<p align=\"center\">\u00a0<b>LOS MITOS CA\u00cdDOS<\/b><\/p>\n<p>En este mismo contexto hoy tambi\u00e9n han quedado por los suelos varios de los grandes mitos.<\/p>\n<p>Sin ninguna duda el primero de todos que qued\u00f3 hecho a\u00f1icos es el de que el sector energ\u00e9tico, Pemex y el petr\u00f3leo eran intocables.<\/p>\n<p>Tampoco hubo ni rompimiento social y menos el inicio de una revoluci\u00f3n\u2026 bueno, ni siquiera un buen cerco\u2026<\/p>\n<p>Y la izquierda que tanto acude a las descalificaciones, a las amenazas y a los anuncios tremendistas, mostr\u00f3 en esta ocasi\u00f3n un m\u00fasculo social y popular muy, pero muy flaco\u2026 Bueno, hasta AMLO se les enferm\u00f3.<\/p>\n<p>As\u00ed, en su paso por el Senado, la aprobaci\u00f3n de la reforma energ\u00e9tica pas\u00f3 muy por encima de la advertencia de que \u201cno permitiremos que la aprueben\u201d hecha insistentemente por los de las izquierdas.<\/p>\n<p>Al final la reforma fue aprobada con 95 votos a favor y 28 en contra. Casi 3.5 votos a uno.<\/p>\n<p align=\"center\"><b>A OTRA COSA<\/b><\/p>\n<p>Y mientras el Congreso vive tiempos extraordinarios, el sector tur\u00edstico del pa\u00eds contar\u00e1 con m\u00e1s cr\u00e9ditos, m\u00e1s accesibles, para fortalecerlo como un sector prioritario de la econom\u00eda.<\/p>\n<p>Al menos eso convinieron la secretaria de Hacienda encabezada por Luis Videgaray y quienes dirigen la Banca de Desarrollo, quienes ayer instalaron la Mesa 4 del Gabinete Tur\u00edstico, para determinar la Facilitaci\u00f3n de Inversiones y Financiamiento, y que fue encabezada por la secretar\u00eda de Turismo, Claudia Ruiz Massieu.<\/p>\n<p><em><a href=\"mailto:rvizcainoa@gmail.com\">rvizcainoa@gmail.com<\/a><\/em><\/p>\n","protected":false},"excerpt":{"rendered":"<p><span style=\"color: #005497;\"><strong>Roberto Vizca\u00edno<\/strong><\/span><br \/>\n<br \/>\nLuego de que diputados del PRD, PT y MC se apoderaron del Sal\u00f3n de Plenos en San L\u00e1zaro ante la llegada de la minuta de la reforma energ\u00e9tica, los coordinadores del PRI, PAN y Verde en la C\u00e1mara de Diputados decidieron enviarla directamente al pleno \u2014reubicado en el auditorio del edificio E-, para su debate y aprobaci\u00f3n.<\/p>\n","protected":false},"author":3,"featured_media":156766,"comment_status":"open","ping_status":"open","sticky":false,"template":"","format":"standard","meta":{"_monsterinsights_skip_tracking":false,"_monsterinsights_sitenote_active":false,"_monsterinsights_sitenote_note":"","_monsterinsights_sitenote_category":0,"footnotes":""},"categories":[136],"tags":[43674,91,362,1416,93,94],"class_list":["post-156706","post","type-post","status-publish","format-standard","has-post-thumbnail","hentry","category-roberto-vizcaino-opinion","tag-opinion","tag-pan","tag-pri","tag-pvem","tag-roberto-vizcaino","tag-tras-la-puerta-del-poder"],"_links":{"self":[{"href":"https:\/\/www.diarioimagen.net\/index.php?rest_route=\/wp\/v2\/posts\/156706","targetHints":{"allow":["GET"]}}],"collection":[{"href":"https:\/\/www.diarioimagen.net\/index.php?rest_route=\/wp\/v2\/posts"}],"about":[{"href":"https:\/\/www.diarioimagen.net\/index.php?rest_route=\/wp\/v2\/types\/post"}],"author":[{"embeddable":true,"href":"https:\/\/www.diarioimagen.net\/index.php?rest_route=\/wp\/v2\/users\/3"}],"replies":[{"embeddable":true,"href":"https:\/\/www.diarioimagen.net\/index.php?rest_route=%2Fwp%2Fv2%2Fcomments&post=156706"}],"version-history":[{"count":0,"href":"https:\/\/www.diarioimagen.net\/index.php?rest_route=\/wp\/v2\/posts\/156706\/revisions"}],"wp:featuredmedia":[{"embeddable":true,"href":"https:\/\/www.diarioimagen.net\/index.php?rest_route=\/wp\/v2\/media\/156766"}],"wp:attachment":[{"href":"https:\/\/www.diarioimagen.net\/index.php?rest_route=%2Fwp%2Fv2%2Fmedia&parent=156706"}],"wp:term":[{"taxonomy":"category","embeddable":true,"href":"https:\/\/www.diarioimagen.net\/index.php?rest_route=%2Fwp%2Fv2%2Fcategories&post=156706"},{"taxonomy":"post_tag","embeddable":true,"href":"https:\/\/www.diarioimagen.net\/index.php?rest_route=%2Fwp%2Fv2%2Ftags&post=156706"}],"curies":[{"name":"wp","href":"https:\/\/api.w.org\/{rel}","templated":true}]}}