{"id":156819,"date":"2013-12-12T12:24:26","date_gmt":"2013-12-12T18:24:26","guid":{"rendered":"http:\/\/www.diarioimagen.net\/?p=156819"},"modified":"2013-12-13T05:35:11","modified_gmt":"2013-12-13T11:35:11","slug":"diputado-del-prd-se-desnuda-y-otros-desfiguros-de-legisladores","status":"publish","type":"post","link":"https:\/\/www.diarioimagen.net\/?p=156819","title":{"rendered":"Diputado del PRD se desnuda y otros desfiguros de legisladores"},"content":{"rendered":"<ul>\n<li><em><strong>Avanzaba la aprobaci\u00f3n de la reforma energ\u00e9tica en la C\u00e1mara Baja, entre pleitos f\u00edsicos y verbales, desnudos, groser\u00edas, tomas de tribuna y bloqueos<\/strong><\/em><\/li>\n<\/ul>\n<div id=\"attachment_156820\" style=\"width: 250px\" class=\"wp-caption alignleft\"><img loading=\"lazy\" decoding=\"async\" aria-describedby=\"caption-attachment-156820\" class=\"size-medium wp-image-156820\" alt=\"El diputado federal del PRD por Michoac\u00e1n Antonio Garc\u00eda Conejo sorprendi\u00f3 al pleno, al despojarse de su ropa quedando en ropa interior.\" src=\"http:\/\/www.diarioimagen.net\/wp-content\/uploads\/2013\/12\/PRD-portal1-240x135.jpg\" width=\"240\" height=\"135\" srcset=\"https:\/\/www.diarioimagen.net\/wp-content\/uploads\/2013\/12\/PRD-portal1-240x135.jpg 240w, https:\/\/www.diarioimagen.net\/wp-content\/uploads\/2013\/12\/PRD-portal1-420x236.jpg 420w, https:\/\/www.diarioimagen.net\/wp-content\/uploads\/2013\/12\/PRD-portal1-235x132.jpg 235w, https:\/\/www.diarioimagen.net\/wp-content\/uploads\/2013\/12\/PRD-portal1-202x114.jpg 202w, https:\/\/www.diarioimagen.net\/wp-content\/uploads\/2013\/12\/PRD-portal1-350x196.jpg 350w, https:\/\/www.diarioimagen.net\/wp-content\/uploads\/2013\/12\/PRD-portal1-220x123.jpg 220w, https:\/\/www.diarioimagen.net\/wp-content\/uploads\/2013\/12\/PRD-portal1-237x132.jpg 237w, https:\/\/www.diarioimagen.net\/wp-content\/uploads\/2013\/12\/PRD-portal1.jpg 480w\" sizes=\"auto, (max-width: 240px) 100vw, 240px\" \/><p id=\"caption-attachment-156820\" class=\"wp-caption-text\">El diputado federal del PRD por Michoac\u00e1n Antonio Garc\u00eda Conejo sorprendi\u00f3 al pleno, al despojarse de su ropa quedando en ropa interior.<\/p><\/div>\n<p>En el marco del debate de la reforma energ\u00e9tica en la C\u00e1mara de Diputados no s\u00f3lo hubo confrontaci\u00f3n verbal, bloqueos, tomas de tribuna y conatos de bronca, resultando lesionada una diputada pri\u00edsta, sino tambi\u00e9n un diputado federal del PRD que se desnud\u00f3.<\/p>\n<p>El diputado federal del PRD por Michoac\u00e1n Antonio Garc\u00eda Conejo sorprendi\u00f3 al pleno, al despojarse de su ropa quedando en ropa interior.<\/p>\n<p>Transcurr\u00eda la sesi\u00f3n en la madrugada en medio del tedio, desahog\u00e1ndose las reservas sobre el articulado total de la reforma en los art\u00edculos 25, 27 y 28 y los 21 transitorios, cuando el legislador michoacano Garc\u00eda Conejo sorprendi\u00f3 a sus hom\u00f3logos al desnudarse en la tribuna parlamentaria improvisada en la sede alterna que se utiliz\u00f3 por la toma del recinto legislativo de un grupo minoritario de oposici\u00f3n de izquierda.<\/p>\n<p>En la medida que expon\u00eda sus reservas, Garc\u00eda Conejo extern\u00f3 su decepci\u00f3n por la reforma energ\u00e9tica que se debat\u00eda.<\/p>\n<p>Acto seguido cuando se refiri\u00f3 a la privatizaci\u00f3n de algunas empresas como Telmex, y poco a poco se fue quitando la ropa en medio de silbidos.<\/p>\n<p>&nbsp;<\/p>\n<p>Por esta raz\u00f3n, compa\u00f1eras y compa\u00f1eros, as\u00ed como han despojado a una naci\u00f3n con privatizar Tel\u00e9fonos de M\u00e9xico, as\u00ed est\u00e1n despojando a la naci\u00f3n. No me averg\u00fcenza porque es lo que est\u00e1n haciendo. Quitaron y privatizaron Tel\u00e9fonos de M\u00e9xico y d\u00f3nde est\u00e1 el beneficio.\u201d<\/p>\n","protected":false},"excerpt":{"rendered":"<p>En el marco del debate de la reforma energ\u00e9tica en la C\u00e1mara de Diputados no s\u00f3lo hubo confrontaci\u00f3n verbal, bloqueos, tomas de tribuna y conatos de bronca, resultando lesionada una diputada pri\u00edsta, sino tambi\u00e9n un diputado federal del PRD que se desnud\u00f3.<\/p>\n","protected":false},"author":5,"featured_media":156820,"comment_status":"open","ping_status":"open","sticky":false,"template":"","format":"standard","meta":{"_monsterinsights_skip_tracking":false,"_monsterinsights_sitenote_active":false,"_monsterinsights_sitenote_note":"","_monsterinsights_sitenote_category":0,"footnotes":""},"categories":[17,3],"tags":[98,2251,211],"class_list":["post-156819","post","type-post","status-publish","format-standard","has-post-thumbnail","hentry","category-especiales","category-nacional","tag-camara-de-diputados","tag-desnuda","tag-prd"],"_links":{"self":[{"href":"https:\/\/www.diarioimagen.net\/index.php?rest_route=\/wp\/v2\/posts\/156819","targetHints":{"allow":["GET"]}}],"collection":[{"href":"https:\/\/www.diarioimagen.net\/index.php?rest_route=\/wp\/v2\/posts"}],"about":[{"href":"https:\/\/www.diarioimagen.net\/index.php?rest_route=\/wp\/v2\/types\/post"}],"author":[{"embeddable":true,"href":"https:\/\/www.diarioimagen.net\/index.php?rest_route=\/wp\/v2\/users\/5"}],"replies":[{"embeddable":true,"href":"https:\/\/www.diarioimagen.net\/index.php?rest_route=%2Fwp%2Fv2%2Fcomments&post=156819"}],"version-history":[{"count":0,"href":"https:\/\/www.diarioimagen.net\/index.php?rest_route=\/wp\/v2\/posts\/156819\/revisions"}],"wp:featuredmedia":[{"embeddable":true,"href":"https:\/\/www.diarioimagen.net\/index.php?rest_route=\/wp\/v2\/media\/156820"}],"wp:attachment":[{"href":"https:\/\/www.diarioimagen.net\/index.php?rest_route=%2Fwp%2Fv2%2Fmedia&parent=156819"}],"wp:term":[{"taxonomy":"category","embeddable":true,"href":"https:\/\/www.diarioimagen.net\/index.php?rest_route=%2Fwp%2Fv2%2Fcategories&post=156819"},{"taxonomy":"post_tag","embeddable":true,"href":"https:\/\/www.diarioimagen.net\/index.php?rest_route=%2Fwp%2Fv2%2Ftags&post=156819"}],"curies":[{"name":"wp","href":"https:\/\/api.w.org\/{rel}","templated":true}]}}