{"id":156835,"date":"2013-12-13T00:05:51","date_gmt":"2013-12-13T06:05:51","guid":{"rendered":"http:\/\/www.diarioimagen.net\/?p=156835"},"modified":"2013-12-16T06:31:15","modified_gmt":"2013-12-16T12:31:15","slug":"congreso-aprobo-totalmente-la-reforma-energetica","status":"publish","type":"post","link":"https:\/\/www.diarioimagen.net\/?p=156835","title":{"rendered":"Congreso aprob\u00f3 totalmente la reforma energ\u00e9tica"},"content":{"rendered":"<ul>\n<li><em><strong>PRD y Morena trasladar\u00e1n protestas\u00a0a las legislaturas de los estados<\/strong><\/em><\/li>\n<\/ul>\n<p>&nbsp;<\/p>\n<div id=\"attachment_156836\" style=\"width: 250px\" class=\"wp-caption alignleft\"><a href=\"http:\/\/www.diarioimagen.net\/wp-content\/uploads\/2013\/12\/C\u00e1mara-portal.jpg\"><img loading=\"lazy\" decoding=\"async\" aria-describedby=\"caption-attachment-156836\" class=\"size-medium wp-image-156836\" alt=\"Despu\u00e9s de 20 horas de sesi\u00f3n en distintos recintos, la C\u00e1mara de Diputados dej\u00f3 aprobado el paquete de reformas sobre energ\u00eda, que turn\u00f3 a legislaturas locales.\" src=\"http:\/\/www.diarioimagen.net\/wp-content\/uploads\/2013\/12\/C\u00e1mara-portal-240x135.jpg\" width=\"240\" height=\"135\" srcset=\"https:\/\/www.diarioimagen.net\/wp-content\/uploads\/2013\/12\/C\u00e1mara-portal-240x135.jpg 240w, https:\/\/www.diarioimagen.net\/wp-content\/uploads\/2013\/12\/C\u00e1mara-portal-420x236.jpg 420w, https:\/\/www.diarioimagen.net\/wp-content\/uploads\/2013\/12\/C\u00e1mara-portal-235x132.jpg 235w, https:\/\/www.diarioimagen.net\/wp-content\/uploads\/2013\/12\/C\u00e1mara-portal-202x114.jpg 202w, https:\/\/www.diarioimagen.net\/wp-content\/uploads\/2013\/12\/C\u00e1mara-portal-350x196.jpg 350w, https:\/\/www.diarioimagen.net\/wp-content\/uploads\/2013\/12\/C\u00e1mara-portal-220x123.jpg 220w, https:\/\/www.diarioimagen.net\/wp-content\/uploads\/2013\/12\/C\u00e1mara-portal-237x132.jpg 237w, https:\/\/www.diarioimagen.net\/wp-content\/uploads\/2013\/12\/C\u00e1mara-portal.jpg 480w\" sizes=\"auto, (max-width: 240px) 100vw, 240px\" \/><\/a><p id=\"caption-attachment-156836\" class=\"wp-caption-text\">Despu\u00e9s de 20 horas de sesi\u00f3n en distintos recintos, la C\u00e1mara de Diputados dej\u00f3 aprobado el paquete de reformas sobre energ\u00eda, que turn\u00f3 a legislaturas locales.<\/p><\/div>\n<p>Despu\u00e9s de m\u00e1s de 12 horas de posicionamientos, el pleno de la C\u00e1mara de Diputados aprob\u00f3 en lo general y en lo particular la minuta de reforma energ\u00e9tica enviada el d\u00eda anterior por la C\u00e1mara de Senadores.<\/p>\n<p>Lo aprobado reforma la Constituci\u00f3n para permitir la entrega de contratos, licencias y concesiones a las trasnacionales para que puedan explorar yacimientos, explotar el petr\u00f3leo, participar en toda la cadena de producci\u00f3n y distribuci\u00f3n y permitir que los hidrocarburos de M\u00e9xico formen parte de sus activos.<\/p>\n<p>A la una con cinco\u00a0 minutos de la tarde de ayer jueves, la mesa directiva dio por aprobada la minuta con 353 votos a favor del PRI, PAN, PVEM y Panal y 134 en contra de PRD, PT y Movimiento Ciudadano.<\/p>\n<p>En el auditorio \u201cAurora Palacios\u201d de la C\u00e1mara de Diputados, habilitado como recinto alterno, opositores y reformadores intercambiaron gritos de \u201c\u00a1Traidores a la patria!\u201d y de \u201c\u00a1M\u00e9xico, M\u00e9xico, M\u00e9xico!\u201d. Una diputada pri\u00edsta, Landy Berzunza, fue golpeada por una perredista, Karen Quiroga, y otro del mismo partido, Antonio Garc\u00eda Conejo, se desnud\u00f3 de madrugada en la tribuna. \u00a1\u201dTubo, tubo\u201d!, le gritaban los pri\u00edstas.<\/p>\n<p>Terminada la sesi\u00f3n, el presidente de la mesa directiva, el panista Ricardo Anaya Cort\u00e9s, inform\u00f3 que el proyecto de decreto ser\u00e1 enviado al Constituyente Permanente, para su ratificaci\u00f3n por al menos 16 de las 31 legislaturas de los estados. De inmediato, fueron designados los integrantes de la Comisi\u00f3n Permanente, se clausur\u00f3 el periodo ordinario de sesiones y se cit\u00f3 para la sesi\u00f3n de la Comisi\u00f3n Permanente el mi\u00e9rcoles pr\u00f3ximo en la C\u00e1mara de Diputados.<\/p>\n<p>Por su parte, el l\u00edder del PRD, Jes\u00fas Zambrano, dio a conocer que un grupo de perredistas se quedar\u00e1n en plant\u00f3n en el \u00c1ngel de la Independencia y afirm\u00f3 que sus protestas contra la reforma energ\u00e9tica seguir\u00e1n en los congresos estatales y se prolongar\u00e1n hasta 2015, cuando prev\u00e9n que se realice una consulta popular sobre el tema energ\u00e9tico.<\/p>\n<p>A su vez, Mart\u00ed Batres, presidente del Movimiento de Regeneraci\u00f3n Nacional, asegur\u00f3 que a partir de que la minuta sea trasladada a los congresos de los estados se comenzaran a realizar 31 cercos en los congresos locales y movilizar\u00e1n a sus simpatizantes en toda la Rep\u00fablica. Dijo que a las empresas extranjeras que lleguen al pa\u00eds para la exploraci\u00f3n y producci\u00f3n del petr\u00f3leo \u201cse les har\u00e1 la vida de cuadritos y los vamos a boicotear. Dicen que quieren competir, pues compitan con su petr\u00f3leo\u201d.<\/p>\n<p>El hijo de Andr\u00e9s Manuel L\u00f3pez Obrador, de mismo nombre, revel\u00f3 que su padre se encuentra contento por las movilizaciones para rechazar la reforma energ\u00e9tica, aunque tambi\u00e9n est\u00e1 triste por no poder participar.<\/p>\n","protected":false},"excerpt":{"rendered":"<p>Despu\u00e9s de m\u00e1s de 12 horas de posicionamientos, el pleno de la C\u00e1mara de Diputados aprob\u00f3 en lo general y en lo particular la minuta de reforma energ\u00e9tica enviada el d\u00eda anterior por la C\u00e1mara de Senadores.<\/p>\n","protected":false},"author":5,"featured_media":156836,"comment_status":"open","ping_status":"open","sticky":false,"template":"","format":"standard","meta":{"_monsterinsights_skip_tracking":false,"_monsterinsights_sitenote_active":false,"_monsterinsights_sitenote_note":"","_monsterinsights_sitenote_category":0,"footnotes":""},"categories":[17,3],"tags":[98,26447],"class_list":["post-156835","post","type-post","status-publish","format-standard","has-post-thumbnail","hentry","category-especiales","category-nacional","tag-camara-de-diputados","tag-reforma-energetica"],"_links":{"self":[{"href":"https:\/\/www.diarioimagen.net\/index.php?rest_route=\/wp\/v2\/posts\/156835","targetHints":{"allow":["GET"]}}],"collection":[{"href":"https:\/\/www.diarioimagen.net\/index.php?rest_route=\/wp\/v2\/posts"}],"about":[{"href":"https:\/\/www.diarioimagen.net\/index.php?rest_route=\/wp\/v2\/types\/post"}],"author":[{"embeddable":true,"href":"https:\/\/www.diarioimagen.net\/index.php?rest_route=\/wp\/v2\/users\/5"}],"replies":[{"embeddable":true,"href":"https:\/\/www.diarioimagen.net\/index.php?rest_route=%2Fwp%2Fv2%2Fcomments&post=156835"}],"version-history":[{"count":0,"href":"https:\/\/www.diarioimagen.net\/index.php?rest_route=\/wp\/v2\/posts\/156835\/revisions"}],"wp:featuredmedia":[{"embeddable":true,"href":"https:\/\/www.diarioimagen.net\/index.php?rest_route=\/wp\/v2\/media\/156836"}],"wp:attachment":[{"href":"https:\/\/www.diarioimagen.net\/index.php?rest_route=%2Fwp%2Fv2%2Fmedia&parent=156835"}],"wp:term":[{"taxonomy":"category","embeddable":true,"href":"https:\/\/www.diarioimagen.net\/index.php?rest_route=%2Fwp%2Fv2%2Fcategories&post=156835"},{"taxonomy":"post_tag","embeddable":true,"href":"https:\/\/www.diarioimagen.net\/index.php?rest_route=%2Fwp%2Fv2%2Ftags&post=156835"}],"curies":[{"name":"wp","href":"https:\/\/api.w.org\/{rel}","templated":true}]}}