{"id":157001,"date":"2013-12-16T00:06:14","date_gmt":"2013-12-16T06:06:14","guid":{"rendered":"http:\/\/www.diarioimagen.net\/?p=157001"},"modified":"2013-12-17T07:23:38","modified_gmt":"2013-12-17T13:23:38","slug":"eruviel-avila-reitera-respaldo-a-mexiquenses-radicados-en-eu","status":"publish","type":"post","link":"https:\/\/www.diarioimagen.net\/?p=157001","title":{"rendered":"Eruviel \u00c1vila reitera respaldo a mexiquenses radicados en EU"},"content":{"rendered":"<ul>\n<li><strong><em>El gobernador les ofrece generar las acciones necesarias para agilizar la entrega de actas de nacimiento por parte del Registro Civil<\/em><\/strong><\/li>\n<\/ul>\n<div id=\"attachment_157053\" style=\"width: 250px\" class=\"wp-caption alignleft\"><a href=\"http:\/\/www.diarioimagen.net\/wp-content\/uploads\/2013\/12\/eruviel-2251.jpg\"><img loading=\"lazy\" decoding=\"async\" aria-describedby=\"caption-attachment-157053\" class=\"size-medium wp-image-157053\" alt=\"El gobernador Eruviel \u00c1vila Villegas se reuni\u00f3 con dirigentes de asociaciones de migrantes mexiquenses radicados en  la Uni\u00f3n Americana; de esta forma concluy\u00f3 su visita de trabajo a esta localidad, en donde tambi\u00e9n firm\u00f3 junto con su hom\u00f3logo Brian Sandoval un Acuerdo Espec\u00edfico de Cooperaci\u00f3n en Materia de Promoci\u00f3n Tur\u00edstica e Intercambio Artesanal, Cultural y Art\u00edstico.\" src=\"http:\/\/www.diarioimagen.net\/wp-content\/uploads\/2013\/12\/eruviel-2251-240x135.jpg\" width=\"240\" height=\"135\" srcset=\"https:\/\/www.diarioimagen.net\/wp-content\/uploads\/2013\/12\/eruviel-2251-240x135.jpg 240w, https:\/\/www.diarioimagen.net\/wp-content\/uploads\/2013\/12\/eruviel-2251-420x236.jpg 420w, https:\/\/www.diarioimagen.net\/wp-content\/uploads\/2013\/12\/eruviel-2251-235x132.jpg 235w, https:\/\/www.diarioimagen.net\/wp-content\/uploads\/2013\/12\/eruviel-2251-202x114.jpg 202w, https:\/\/www.diarioimagen.net\/wp-content\/uploads\/2013\/12\/eruviel-2251-350x196.jpg 350w, https:\/\/www.diarioimagen.net\/wp-content\/uploads\/2013\/12\/eruviel-2251-220x123.jpg 220w, https:\/\/www.diarioimagen.net\/wp-content\/uploads\/2013\/12\/eruviel-2251-237x132.jpg 237w, https:\/\/www.diarioimagen.net\/wp-content\/uploads\/2013\/12\/eruviel-2251.jpg 480w\" sizes=\"auto, (max-width: 240px) 100vw, 240px\" \/><\/a><p id=\"caption-attachment-157053\" class=\"wp-caption-text\">El gobernador Eruviel \u00c1vila Villegas se reuni\u00f3 con dirigentes de asociaciones de migrantes mexiquenses radicados en la Uni\u00f3n Americana; de esta forma concluy\u00f3 su visita de trabajo a esta localidad, en donde tambi\u00e9n firm\u00f3 junto con su hom\u00f3logo Brian Sandoval un Acuerdo Espec\u00edfico de Cooperaci\u00f3n en Materia de Promoci\u00f3n Tur\u00edstica e Intercambio Artesanal, Cultural y Art\u00edstico.<\/p><\/div>\n<p><strong>Las Vegas, Nevada<\/strong>.- El gobernador Eruviel \u00c1vila Villegas se reuni\u00f3 con dirigentes de asociaciones de migrantes mexiquenses radicados en distintos estados de la Uni\u00f3n Americana, de quienes recibi\u00f3 solicitudes de diferente \u00edndole y les reiter\u00f3 la disposici\u00f3n del gobierno del Estado de M\u00e9xico para apoyarlos en rubros como agilizaci\u00f3n de tr\u00e1mites para obtener documentos personales, as\u00ed como becas a estudiantes hijos de connacionales.<\/p>\n<p>\u201cLes reitero que no est\u00e1n solas, cuentan con su presidente de la Rep\u00fablica, Enrique Pe\u00f1a, que es muy sensible y est\u00e1 muy atento al tema relacionado con nuestros hermanos migrantes; cuentan con todo el equipo de la canciller\u00eda, con un gran equipo que son los se\u00f1ores c\u00f3nsules, especialmente el se\u00f1or c\u00f3nsul de Las Vegas; cuentan con su amigo el gobernador del Estado de M\u00e9xico, siempre estar\u00e9 solidario, sirviendo a los mexiquenses primero, desde luego, pero nunca cerrado a tender la mano a alg\u00fan hermano de otra entidad que tenga alguna necesidad, y en eso los mexicanos, lo saben, somos muy solidarios\u201d, enfatiz\u00f3.<\/p>\n<p>En la sede del consulado de M\u00e9xico en Las Vegas Nevada, el gobernador dialog\u00f3 con Jos\u00e9 Luis Apolonio, presidente de la Confederaci\u00f3n de Mexiquenses de Am\u00e9rica del Norte, as\u00ed como Lucio Contreras, Vicente Flores, Eleazar Preciado y Antonio Garc\u00eda, presidentes de las asociaciones de Migrantes Mexiquenses de Washington, San Jos\u00e9 California y del Distrito Federal, respectivamente, quienes manifestaron su inter\u00e9s por involucrar al Gobierno del Estado de M\u00e9xico en tareas que ellos llevan a cabo en beneficio de la comunidad migrante mexicana en el vecino pa\u00eds del norte.<\/p>\n<p>Eruviel \u00c1vila ofreci\u00f3 generar las acciones necesarias, a trav\u00e9s de la Direcci\u00f3n del Registro Civil del Gobierno del Estado de M\u00e9xico, para agilizar la entrega de actas de nacimiento a los connacionales, para que puedan, entre otros tr\u00e1mites, obtener su licencia de conducir, prerrogativa que en Estados Unidos s\u00f3lo es autorizada a migrantes en el Estado de Nevada y en California, a partir de 2014.<\/p>\n<p>Al concluir el encuentro, los presidentes de las agrupaciones en menci\u00f3n le entregaron al gobernador un reconocimiento, como s\u00edmbolo del agradecimiento por las gestiones realizadas por Eruviel \u00c1vila y por cumplir los compromisos asumidos y entablar nuevas responsabilidades con este sector.<\/p>\n<p>\u201cLe hacemos entrega, a nombre de los mexiquenses, de este sencillo reconocimiento por todo el apoyo que nos est\u00e1 dando. Es un gobernador de resultados\u201d, expres\u00f3\u00a0 Jos\u00e9 Luis Apolonio,\u00a0 de la Confederaci\u00f3n de Mexiquenses.<\/p>\n<p>En la reuni\u00f3n tambi\u00e9n estuvieron presentes el c\u00f3nsul de M\u00e9xico en Nevada, Juli\u00e1n Adem D\u00edaz de Le\u00f3n; la secretaria de Turismo del Estado de M\u00e9xico, Rosalinda Elizabeth Ben\u00edtez Gonz\u00e1lez, y la coordinadora de Asuntos Internacionales del gobierno estatal, Betina Ch\u00e1vez Soriano Rojo; esta \u00faltima como enlace permanente con los mexiquenses que viven en el pa\u00eds vecino, quienes pueden hacer contacto mediante la p\u00e1gina: <a href=\"http:\/\/www.edomex.gob.mx\" target=\"_blank\">www.edomex.gob.mx<\/a> y\/o en la Representaci\u00f3n del Estado de M\u00e9xico en Chicago.<\/p>\n<p>&nbsp;<\/p>\n","protected":false},"excerpt":{"rendered":"<p>El gobernador Eruviel \u00c1vila Villegas se reuni\u00f3 con dirigentes de asociaciones de migrantes mexiquenses radicados en distintos estados de la Uni\u00f3n Americana, de quienes recibi\u00f3 solicitudes de diferente \u00edndole y les reiter\u00f3 la disposici\u00f3n del gobierno del Estado de M\u00e9xico para apoyarlos en rubros como agilizaci\u00f3n de tr\u00e1mites para obtener documentos personales, as\u00ed como becas a estudiantes hijos de connacionales. <\/p>\n","protected":false},"author":3,"featured_media":157053,"comment_status":"open","ping_status":"open","sticky":false,"template":"","format":"standard","meta":{"_monsterinsights_skip_tracking":false,"_monsterinsights_sitenote_active":false,"_monsterinsights_sitenote_note":"","_monsterinsights_sitenote_category":0,"footnotes":""},"categories":[17,5],"tags":[5828,4371,10388,3335],"class_list":["post-157001","post","type-post","status-publish","format-standard","has-post-thumbnail","hentry","category-especiales","category-estado-de-mexico","tag-eruviel-avila-villegas","tag-las-vegas","tag-nevada","tag-union-americana"],"_links":{"self":[{"href":"https:\/\/www.diarioimagen.net\/index.php?rest_route=\/wp\/v2\/posts\/157001","targetHints":{"allow":["GET"]}}],"collection":[{"href":"https:\/\/www.diarioimagen.net\/index.php?rest_route=\/wp\/v2\/posts"}],"about":[{"href":"https:\/\/www.diarioimagen.net\/index.php?rest_route=\/wp\/v2\/types\/post"}],"author":[{"embeddable":true,"href":"https:\/\/www.diarioimagen.net\/index.php?rest_route=\/wp\/v2\/users\/3"}],"replies":[{"embeddable":true,"href":"https:\/\/www.diarioimagen.net\/index.php?rest_route=%2Fwp%2Fv2%2Fcomments&post=157001"}],"version-history":[{"count":0,"href":"https:\/\/www.diarioimagen.net\/index.php?rest_route=\/wp\/v2\/posts\/157001\/revisions"}],"wp:featuredmedia":[{"embeddable":true,"href":"https:\/\/www.diarioimagen.net\/index.php?rest_route=\/wp\/v2\/media\/157053"}],"wp:attachment":[{"href":"https:\/\/www.diarioimagen.net\/index.php?rest_route=%2Fwp%2Fv2%2Fmedia&parent=157001"}],"wp:term":[{"taxonomy":"category","embeddable":true,"href":"https:\/\/www.diarioimagen.net\/index.php?rest_route=%2Fwp%2Fv2%2Fcategories&post=157001"},{"taxonomy":"post_tag","embeddable":true,"href":"https:\/\/www.diarioimagen.net\/index.php?rest_route=%2Fwp%2Fv2%2Ftags&post=157001"}],"curies":[{"name":"wp","href":"https:\/\/api.w.org\/{rel}","templated":true}]}}