{"id":157009,"date":"2013-12-16T00:06:49","date_gmt":"2013-12-16T06:06:49","guid":{"rendered":"http:\/\/www.diarioimagen.net\/?p=157009"},"modified":"2013-12-17T03:24:39","modified_gmt":"2013-12-17T09:24:39","slug":"irritacion-de-la-sociedad","status":"publish","type":"post","link":"https:\/\/www.diarioimagen.net\/?p=157009","title":{"rendered":"Irritaci\u00f3n de la sociedad"},"content":{"rendered":"<h2>\u00cdndice pol\u00edtico<\/h2>\n<h5>Francisco Rodr\u00edguez<\/h5>\n<p><span><br \/>\nSe ha advertido muchas veces y en todos los tonos. Lo han hecho pol\u00edticos de todos colores, representantes de los credos religiosos y, claro, desde la academia: los indicadores sociol\u00f3gicos sit\u00faan a M\u00e9xico en una zona peligrosa de irritabilidad social.<\/span><\/p>\n<p>No puede ser de otro modo, por mucho que desde instancias oficiales se pretenda negar. Las encuestas lo indican de manera elocuente: hay un enorme descr\u00e9dito de la clase pol\u00edtica, de los gobernantes, de los \u201copositores\u201d, de la impartici\u00f3n de justicia, de los banqueros, de los patrones\u2026 hasta de los medios de (in)comunicaci\u00f3n social.<\/p>\n<p>Cuentan que fueron los nazis quienes dise\u00f1aron la irritaci\u00f3n social como una categor\u00eda jur\u00eddico-pol\u00edtica destinada a permitirles encerrar \u2018legalmente\u2019 a los jud\u00edos, cuya presencia en libertad no conven\u00eda y menos agradaba a los seguidores de Adolf Hitler. Alegaban, como excusa, la \u2018irritaci\u00f3n social\u2019 de los alemanes contra los jud\u00edos, cuando en realidad suced\u00eda que los \u00fanicos irritados eran ellos, los verdugos. Primero, les privaron de libertad con ese concepto. Despu\u00e9s, sin m\u00e1s miramientos, les anularon el derecho a vivir.<\/p>\n<p>Pues bien, esa categor\u00eda jur\u00eddica fue \u201cimportada\u201d a M\u00e9xico con una denominaci\u00f3n parecida: \u201cdisoluci\u00f3n social\u201d, misma que fuera abrogada tras el movimiento estudiantil de 1968, pero que de una u otra forma ha logrado mantenerse disfrazada, agazapada, en distintas legislaciones.<\/p>\n<p>Ha sido as\u00ed que durante a\u00f1os los mexicanos hemos contemplado decisiones de privaci\u00f3n de libertad fundamentadas en algo tan abstracto como la pretendida \u201cdisoluci\u00f3n\u201d de la sociedad, cuando en muchos de esos casos, como bien me dijo un director de Reclusorios que no cito para ahorrarle problemas, los \u00fanicos alarmados eran ellos, los pol\u00edticos, los que decid\u00edan, a trav\u00e9s de los jueces, el env\u00edo del sujeto a prisi\u00f3n.<\/p>\n<p>En la sociedad la irritaci\u00f3n verdadera es un combustible sobre el que en cualquier momento pueden prender brotes de violencia.<\/p>\n<p>Y la violencia no es s\u00f3lo f\u00edsica. No. La violencia siempre nace de la violencia. Y esa violencia s\u00f3lo genera violencia adicional.<\/p>\n<p align=\"center\"><b>VIOLENCIA POL\u00cdTICA\u00a0 Y ECON\u00d3MICA<\/b><\/p>\n<p>Cuando un juez dicta resoluciones injustas, est\u00e1 creando violencia. Cuando los gobernantes abusan de los gobernados, est\u00e1n creando violencia. Cuando los legisladores aprueban leyes que las mayor\u00edas perciben van en su contra, crean violencia.<\/p>\n<p>Cuando una persona acosa a otra, en cualquiera de sus manifestaciones, est\u00e1 creando violencia. Cuando un medio de comunicaci\u00f3n miente deliberada y conscientemente est\u00e1 creando violencia. No son necesarios m\u00e1s ejemplos para entender la idea. La violencia f\u00edsica es s\u00f3lo una manifestaci\u00f3n externa de violencia. Pero no es la \u00fanica. Cuando un sistema abusa del poder cedido por la sociedad ese sistema se convierte en s\u00ed mismo en una forma de violencia.<\/p>\n<p>Y tenemos as\u00ed, entonces, que el Derecho, las leyes, las normas son la forma civilizada de la violencia. Cuando una persona ingresa en prisi\u00f3n se ejerce sobre ella la violencia legal. Pero para que sea tal debe estar ajustada a Derecho. De otro modo es solo apariencia de legalidad, lo que constituye una da\u00f1ina forma de violencia.<\/p>\n<p>Pero sucede que cuando los gobernantes perciben irritaci\u00f3n en el cuerpo social, tiene la tentaci\u00f3n de entregar carne a las fieras para que la consuman y de alg\u00fan modo se tranquilicen. As\u00ed llevamos funcionando desde que el mundo es mundo.<\/p>\n<p>Por ejemplo, en febrero entr\u00f3 en prisi\u00f3n Elba Esther Gordillo, ex dirigente del SNTE. Mucha gente lo celebr\u00f3, se alegr\u00f3, disfrut\u00f3 con el hecho, sin saber si el auto de prisi\u00f3n era legal o no, si estaba fundamentado o no, si ten\u00eda sentido jur\u00eddico o no. Eso es lo de menos. Los viejos sacrificios humanos de ciertas culturas se hac\u00edan para aplacar a los dioses o para atraerse su agrado. Los modernos son para calmar a las masas.<\/p>\n<p>\u00bfA qui\u00e9n, entonces, mandar\u00e1n ahora al pat\u00edbulo para paliar la irritaci\u00f3n social?<\/p>\n<p>\u00bfUn banquero? \u00bfUn empresario? \u00bfUn pol\u00edtico? \u00bfOtro dirigente sindical?<\/p>\n<p>Y con ello, \u00bflas masas dejar\u00e1n a un lado su irritaci\u00f3n? \u00bfY si no?<\/p>\n<p><b><i>\u00cdndice Flam\u00edgero:<\/i><\/b> La tarde del viernes com\u00edan en el Hotel Imperial, cercano a la sede del Senado de la Rep\u00fablica, un alto funcionario del gobierno capitalino y legisladores de PRI, PAN y PRD, donde trataron la pospuesta de reforma pol\u00edtica para el DF. Por el Paseo de la Reforma, mientras tanto, marchaban centenares de j\u00f3venes protestando por el incremento a la tarifa del Metro.<\/p>\n<p>Los comensales mandaron a cerrar las puertas. Colocaron a sus decenas de guardaespaldas en los frentes del edificio.<\/p>\n<p>Por asomo a nadie se le ocurri\u00f3 decir, como aquella Mar\u00eda Antonieta, que s\u00ed quer\u00edan transporte barato \u2013\u201c\u00bfpiden pan?\u201d\u2014, les dieran una de sus muchas\u00a0 Suburbans estacionadas ah\u00ed mismo, en lugar prohibido \u2013\u201cm\u00e1ndenles pastelillos\u201d.<\/p>\n<p><em><a href=\"http:\/\/www.indicepolitico.com\/\" target=\"_blank\"><em>www.indicepolitico.com<\/em><\/a><br \/>\n<\/em><em><a href=\"mailto:pacorodriguez@journalist.com\" target=\"_blank\">pacorodriguez@journalist.com<\/a><\/em><\/p>\n","protected":false},"excerpt":{"rendered":"<p><span style=\"color: #005497;\"><strong>Francisco Rodr\u00edguez<\/strong><\/span><\/p>\n","protected":false},"author":3,"featured_media":0,"comment_status":"open","ping_status":"open","sticky":false,"template":"","format":"standard","meta":{"_monsterinsights_skip_tracking":false,"_monsterinsights_sitenote_active":false,"_monsterinsights_sitenote_note":"","_monsterinsights_sitenote_category":0,"footnotes":""},"categories":[549],"tags":[43689,550,44,43674,1824],"class_list":["post-157009","post","type-post","status-publish","format-standard","hentry","category-francisco-rodriguez","tag-francisco-rodriguez","tag-indice-politico","tag-mexico","tag-opinion","tag-paseo-de-la-reforma"],"_links":{"self":[{"href":"https:\/\/www.diarioimagen.net\/index.php?rest_route=\/wp\/v2\/posts\/157009","targetHints":{"allow":["GET"]}}],"collection":[{"href":"https:\/\/www.diarioimagen.net\/index.php?rest_route=\/wp\/v2\/posts"}],"about":[{"href":"https:\/\/www.diarioimagen.net\/index.php?rest_route=\/wp\/v2\/types\/post"}],"author":[{"embeddable":true,"href":"https:\/\/www.diarioimagen.net\/index.php?rest_route=\/wp\/v2\/users\/3"}],"replies":[{"embeddable":true,"href":"https:\/\/www.diarioimagen.net\/index.php?rest_route=%2Fwp%2Fv2%2Fcomments&post=157009"}],"version-history":[{"count":0,"href":"https:\/\/www.diarioimagen.net\/index.php?rest_route=\/wp\/v2\/posts\/157009\/revisions"}],"wp:attachment":[{"href":"https:\/\/www.diarioimagen.net\/index.php?rest_route=%2Fwp%2Fv2%2Fmedia&parent=157009"}],"wp:term":[{"taxonomy":"category","embeddable":true,"href":"https:\/\/www.diarioimagen.net\/index.php?rest_route=%2Fwp%2Fv2%2Fcategories&post=157009"},{"taxonomy":"post_tag","embeddable":true,"href":"https:\/\/www.diarioimagen.net\/index.php?rest_route=%2Fwp%2Fv2%2Ftags&post=157009"}],"curies":[{"name":"wp","href":"https:\/\/api.w.org\/{rel}","templated":true}]}}