{"id":157127,"date":"2013-12-17T00:07:10","date_gmt":"2013-12-17T06:07:10","guid":{"rendered":"http:\/\/www.diarioimagen.net\/?p=157127"},"modified":"2013-12-17T05:05:19","modified_gmt":"2013-12-17T11:05:19","slug":"mexico-crecio-en-21-anos-a-un-promedio-de-0-7","status":"publish","type":"post","link":"https:\/\/www.diarioimagen.net\/?p=157127","title":{"rendered":"M\u00e9xico creci\u00f3 en 21 a\u00f1os a un promedio de 0.7%"},"content":{"rendered":"<ul>\n<li><em><strong>Programa Nacional de Financiamiento del Desarrollo<\/strong><\/em><\/li>\n<\/ul>\n<div id=\"attachment_157128\" style=\"width: 250px\" class=\"wp-caption alignleft\"><img loading=\"lazy\" decoding=\"async\" aria-describedby=\"caption-attachment-157128\" class=\"size-medium wp-image-157128 \" alt=\"El programa fue publicado en el Diario Oficial de la Federaci\u00f3n, y ah\u00ed se hace un an\u00e1lisis de la situaci\u00f3n econ\u00f3mica del pa\u00eds durante las \u00faltimas tres d\u00e9cadas, adem\u00e1s de que se establecen las estrategias para incentivar la econom\u00eda y promover el desarrollo del pa\u00eds.\" src=\"http:\/\/www.diarioimagen.net\/wp-content\/uploads\/2013\/12\/hacienda-portal-240x135.jpg\" width=\"240\" height=\"135\" srcset=\"https:\/\/www.diarioimagen.net\/wp-content\/uploads\/2013\/12\/hacienda-portal-240x135.jpg 240w, https:\/\/www.diarioimagen.net\/wp-content\/uploads\/2013\/12\/hacienda-portal-420x236.jpg 420w, https:\/\/www.diarioimagen.net\/wp-content\/uploads\/2013\/12\/hacienda-portal-235x132.jpg 235w, https:\/\/www.diarioimagen.net\/wp-content\/uploads\/2013\/12\/hacienda-portal-202x114.jpg 202w, https:\/\/www.diarioimagen.net\/wp-content\/uploads\/2013\/12\/hacienda-portal-350x196.jpg 350w, https:\/\/www.diarioimagen.net\/wp-content\/uploads\/2013\/12\/hacienda-portal-220x123.jpg 220w, https:\/\/www.diarioimagen.net\/wp-content\/uploads\/2013\/12\/hacienda-portal-237x132.jpg 237w, https:\/\/www.diarioimagen.net\/wp-content\/uploads\/2013\/12\/hacienda-portal.jpg 480w\" sizes=\"auto, (max-width: 240px) 100vw, 240px\" \/><p id=\"caption-attachment-157128\" class=\"wp-caption-text\">La Secretar\u00eda de Hacienda y Cr\u00e9dito P\u00fablico dio a conocer los factores que han restringido la evoluci\u00f3n de la productiividad de 1990 al 2011.<\/p><\/div>\n<p>La Secretar\u00eda de Hacienda diagnostic\u00f3 que el crecimiento del pa\u00eds en las \u00faltimas d\u00e9cadas \u201cha sido insuficiente para generar el desarrollo pleno y sustentable\u201d, debido a que durante los \u00faltimos 21 a\u00f1os ha sido, en promedio de 0.7 por ciento.<\/p>\n<p>\u201cEsto se debe, en parte -indic\u00f3-, a que existen factores que han restringido la evoluci\u00f3n de la productividad. De 1990 a 2011 la productividad total de los factores disminuy\u00f3 0.4 por ciento por a\u00f1o en promedio\u201d.<\/p>\n<p>El gobierno federal hizo oficial el Programa Nacional de Financiamiento del Desarrollo, que marca los lineamientos econ\u00f3micos entre este a\u00f1o y el a\u00f1o 2018, con objeto de proteger las finanzas p\u00fablicas, promover el desarrollo, contar con un sistema hacendario que genere m\u00e1s recursos y \u201cdemocratizar\u201d la productividad.<\/p>\n<p>Precisamente en la parte de diagn\u00f3stico, se califica al crecimiento del pa\u00eds en las \u00faltimas dos d\u00e9cadas como \u201cno satisfactorio\u201d y se reitera que 45 por ciento de la poblaci\u00f3n se encontraba, hasta el a\u00f1o pasado, en situaci\u00f3n de pobreza. \u201cSi bien el crecimiento econ\u00f3mico no es un fin en si mismo, es una de las principales herramientas para combatir la pobreza y mejorar las condiciones de vida de la poblaci\u00f3n\u201d, puntualiza el documento.<\/p>\n<p>Tambi\u00e9n hace referencia a que, en materia de finanzas p\u00fablicas, \u201ca partir de 2009 se observ\u00f3 un repunte de la deuda p\u00fablica. En particular, entre 2006 y 2012, los requerimientos financieros del sector p\u00fablico fueron en promedio 3.2 por ciento del PIB y la deuda p\u00fablica neta aument\u00f3 15.1 por ciento del PIB en ese periodo\u201d.<\/p>\n<p>Se agrega que con diversas medidas, como la contenci\u00f3n del gasto p\u00fablico, se conf\u00eda se utilizar\u00e1n los mismos requerimientos financiaros como \u201cun ancla\u201d fiscal de mediano plazo para garantizar la sostenibilidad de la trayectoria de la deuda y la disponibilidad de recursos para el sector privado.<\/p>\n<p>El programa fue publicado en el <i>Diario Oficial de la Federaci\u00f3n<\/i>, y ah\u00ed se hace un an\u00e1lisis de la situaci\u00f3n econ\u00f3mica del pa\u00eds durante las \u00faltimas tres d\u00e9cadas, adem\u00e1s de que se establecen las estrategias para incentivar la econom\u00eda y promover el desarrollo del pa\u00eds.<\/p>\n<p>Se plantea la necesidad de proteger las finanzas p\u00fablicas ante riesgos del entorno macroecon\u00f3mico; de fortalecer la estructura de la deuda p\u00fablica, promover el desarrollo del mercado, consolidar el acceso a las fuentes de financiamiento y reducir sus costos; para fortalecer el marco institucional para orientar el gasto, los programas y pol\u00edticas p\u00fablicas a elevar y democratizar la productividad.<\/p>\n","protected":false},"excerpt":{"rendered":"<p>La Secretar\u00eda de Hacienda diagnostic\u00f3 que el crecimiento del pa\u00eds en las \u00faltimas d\u00e9cadas \u201cha sido insuficiente para generar el desarrollo pleno y sustentable\u201d, debido a que durante los \u00faltimos 21 a\u00f1os ha sido, en promedio de 0.7 por ciento.<\/p>\n","protected":false},"author":5,"featured_media":157128,"comment_status":"open","ping_status":"open","sticky":false,"template":"","format":"standard","meta":{"_monsterinsights_skip_tracking":false,"_monsterinsights_sitenote_active":false,"_monsterinsights_sitenote_note":"","_monsterinsights_sitenote_category":0,"footnotes":""},"categories":[3],"tags":[44,43673,1101],"class_list":["post-157127","post","type-post","status-publish","format-standard","has-post-thumbnail","hentry","category-nacional","tag-mexico","tag-nacional","tag-secretaria-de-hacienda-y-credito-publico"],"_links":{"self":[{"href":"https:\/\/www.diarioimagen.net\/index.php?rest_route=\/wp\/v2\/posts\/157127","targetHints":{"allow":["GET"]}}],"collection":[{"href":"https:\/\/www.diarioimagen.net\/index.php?rest_route=\/wp\/v2\/posts"}],"about":[{"href":"https:\/\/www.diarioimagen.net\/index.php?rest_route=\/wp\/v2\/types\/post"}],"author":[{"embeddable":true,"href":"https:\/\/www.diarioimagen.net\/index.php?rest_route=\/wp\/v2\/users\/5"}],"replies":[{"embeddable":true,"href":"https:\/\/www.diarioimagen.net\/index.php?rest_route=%2Fwp%2Fv2%2Fcomments&post=157127"}],"version-history":[{"count":0,"href":"https:\/\/www.diarioimagen.net\/index.php?rest_route=\/wp\/v2\/posts\/157127\/revisions"}],"wp:featuredmedia":[{"embeddable":true,"href":"https:\/\/www.diarioimagen.net\/index.php?rest_route=\/wp\/v2\/media\/157128"}],"wp:attachment":[{"href":"https:\/\/www.diarioimagen.net\/index.php?rest_route=%2Fwp%2Fv2%2Fmedia&parent=157127"}],"wp:term":[{"taxonomy":"category","embeddable":true,"href":"https:\/\/www.diarioimagen.net\/index.php?rest_route=%2Fwp%2Fv2%2Fcategories&post=157127"},{"taxonomy":"post_tag","embeddable":true,"href":"https:\/\/www.diarioimagen.net\/index.php?rest_route=%2Fwp%2Fv2%2Ftags&post=157127"}],"curies":[{"name":"wp","href":"https:\/\/api.w.org\/{rel}","templated":true}]}}