{"id":157130,"date":"2013-12-17T00:08:33","date_gmt":"2013-12-17T06:08:33","guid":{"rendered":"http:\/\/www.diarioimagen.net\/?p=157130"},"modified":"2013-12-17T06:43:42","modified_gmt":"2013-12-17T12:43:42","slug":"buscara-prd-que-le-cumplan-reformas-que-le-prometieron","status":"publish","type":"post","link":"https:\/\/www.diarioimagen.net\/?p=157130","title":{"rendered":"Buscar\u00e1 PRD que le cumplan reformas que le prometieron"},"content":{"rendered":"<ul>\n<li><em><strong>Faltan consulta ciudadana, anticorrupci\u00f3n, la pol\u00edtica del DF y derecho de r\u00e9plica<\/strong><\/em><\/li>\n<\/ul>\n<div id=\"attachment_157131\" style=\"width: 250px\" class=\"wp-caption alignleft\"><img loading=\"lazy\" decoding=\"async\" aria-describedby=\"caption-attachment-157131\" class=\"size-medium wp-image-157131 \" alt=\"Y agreg\u00f3 que la redacci\u00f3n del dictamen respecto al umbral de votaci\u00f3n requerido para mantener el registro \u201cpone en riesgo a muchos de los partidos peque\u00f1os\u201d.\" src=\"http:\/\/www.diarioimagen.net\/wp-content\/uploads\/2013\/12\/silvano-portal-240x135.jpg\" width=\"240\" height=\"135\" srcset=\"https:\/\/www.diarioimagen.net\/wp-content\/uploads\/2013\/12\/silvano-portal-240x135.jpg 240w, https:\/\/www.diarioimagen.net\/wp-content\/uploads\/2013\/12\/silvano-portal-420x236.jpg 420w, https:\/\/www.diarioimagen.net\/wp-content\/uploads\/2013\/12\/silvano-portal-235x132.jpg 235w, https:\/\/www.diarioimagen.net\/wp-content\/uploads\/2013\/12\/silvano-portal-202x114.jpg 202w, https:\/\/www.diarioimagen.net\/wp-content\/uploads\/2013\/12\/silvano-portal-350x196.jpg 350w, https:\/\/www.diarioimagen.net\/wp-content\/uploads\/2013\/12\/silvano-portal-220x123.jpg 220w, https:\/\/www.diarioimagen.net\/wp-content\/uploads\/2013\/12\/silvano-portal-237x132.jpg 237w, https:\/\/www.diarioimagen.net\/wp-content\/uploads\/2013\/12\/silvano-portal.jpg 480w\" sizes=\"auto, (max-width: 240px) 100vw, 240px\" \/><p id=\"caption-attachment-157131\" class=\"wp-caption-text\">El coordinador de los diputados del PRD en San L\u00e1zaro, Silvano Aureoles Conejo, anunci\u00f3 que en el seno de la Junta de Coordinaci\u00f3n Pol\u00edtica insistir\u00e1 en que se abra un periodo extraordinario de sesiones.<\/p><\/div>\n<p>La\u00a0 diputaci\u00f3n del PRD se pronunci\u00f3 por la realizaci\u00f3n de un periodo extraordinario para discutir la reforma pol\u00edtica del Distrito Federal, despu\u00e9s del 6 de enero, y reiter\u00f3 que su partido mantendr\u00e1 su solicitud de consulta popular sobre la reforma energ\u00e9tica.<\/p>\n<p>El coordinador parlamentario Silvano Aureoles dijo que, de aprobarse en el Senado el documento de reforma pol\u00edtica, se podr\u00eda convocar al extraordinario antes de la primera quincena del pr\u00f3ximo a\u00f1o, para desahogar la agenda respectiva.<\/p>\n<p>Asimismo, manifest\u00f3 su confianza en que el Senado apruebe, sin modificaciones, la minuta de la reforma pol\u00edtica, particularmente lo relacionado con la Ley Federal de Consulta Popular, as\u00ed como lo relativo a las facultades de la Comisi\u00f3n Permanente y al porcentaje de votaci\u00f3n para la permanencia del registro de los partidos pol\u00edticos.<\/p>\n<p>Y agreg\u00f3 que la redacci\u00f3n del dictamen respecto al umbral de votaci\u00f3n requerido para mantener el registro \u201cpone en riesgo a muchos de los partidos peque\u00f1os\u201d.<\/p>\n<p>Por su parte, el vocero del grupo parlamentario del PRD, Carlos Reyes G\u00e1miz, afirm\u00f3 que se requiere un periodo extraordinario de sesiones para abordar reformas urgentes. Asegur\u00f3 que tras la aprobaci\u00f3n de la reforma energ\u00e9tica, el gobierno federal, PRI, PAN, PVEM y Nueva Alianza \u201cintentan mandar a la congeladora legislativa reformas trascendentales para el pa\u00eds como la Ley General de Consulta Ciudadana, la Comisi\u00f3n Anticorrupci\u00f3n, la reforma pol\u00edtica del Distrito Federal y la Ley del Derecho de R\u00e9plica\u201d.<\/p>\n<p>Por su parte y luego de que la reforma energ\u00e9tica lograra el aval de 17 estados de la Rep\u00fablica, el dirigente nacional del Movimiento de Regeneraci\u00f3n Nacional, Mart\u00ed Batres, desconoci\u00f3 las modificaciones constitucionales en la materia y asegur\u00f3 que su agrupaci\u00f3n continuar\u00e1 en la lucha.<\/p>\n<p>Batres Guadarrama asegur\u00f3 que tanto el gobierno federal as\u00ed como el PRI y el PAN no deben celebrar la reforma pues, dijo, ser\u00e1n millones de ciudadanos quienes luchen pac\u00edficamente por la defensa del petr\u00f3leo mexicano y la transformaci\u00f3n del pa\u00eds.<\/p>\n","protected":false},"excerpt":{"rendered":"<p>La  diputaci\u00f3n del PRD se pronunci\u00f3 por la realizaci\u00f3n de un periodo extraordinario para discutir la reforma pol\u00edtica del Distrito Federal, despu\u00e9s del 6 de enero, y reiter\u00f3 que su partido mantendr\u00e1 su solicitud de consulta popular sobre la reforma energ\u00e9tica.<\/p>\n","protected":false},"author":5,"featured_media":157131,"comment_status":"open","ping_status":"open","sticky":false,"template":"","format":"standard","meta":{"_monsterinsights_skip_tracking":false,"_monsterinsights_sitenote_active":false,"_monsterinsights_sitenote_note":"","_monsterinsights_sitenote_category":0,"footnotes":""},"categories":[3],"tags":[384,43673,211,115,7195],"class_list":["post-157130","post","type-post","status-publish","format-standard","has-post-thumbnail","hentry","category-nacional","tag-df","tag-nacional","tag-prd","tag-san-lazaro","tag-silvano-aureoles"],"_links":{"self":[{"href":"https:\/\/www.diarioimagen.net\/index.php?rest_route=\/wp\/v2\/posts\/157130","targetHints":{"allow":["GET"]}}],"collection":[{"href":"https:\/\/www.diarioimagen.net\/index.php?rest_route=\/wp\/v2\/posts"}],"about":[{"href":"https:\/\/www.diarioimagen.net\/index.php?rest_route=\/wp\/v2\/types\/post"}],"author":[{"embeddable":true,"href":"https:\/\/www.diarioimagen.net\/index.php?rest_route=\/wp\/v2\/users\/5"}],"replies":[{"embeddable":true,"href":"https:\/\/www.diarioimagen.net\/index.php?rest_route=%2Fwp%2Fv2%2Fcomments&post=157130"}],"version-history":[{"count":0,"href":"https:\/\/www.diarioimagen.net\/index.php?rest_route=\/wp\/v2\/posts\/157130\/revisions"}],"wp:featuredmedia":[{"embeddable":true,"href":"https:\/\/www.diarioimagen.net\/index.php?rest_route=\/wp\/v2\/media\/157131"}],"wp:attachment":[{"href":"https:\/\/www.diarioimagen.net\/index.php?rest_route=%2Fwp%2Fv2%2Fmedia&parent=157130"}],"wp:term":[{"taxonomy":"category","embeddable":true,"href":"https:\/\/www.diarioimagen.net\/index.php?rest_route=%2Fwp%2Fv2%2Fcategories&post=157130"},{"taxonomy":"post_tag","embeddable":true,"href":"https:\/\/www.diarioimagen.net\/index.php?rest_route=%2Fwp%2Fv2%2Ftags&post=157130"}],"curies":[{"name":"wp","href":"https:\/\/api.w.org\/{rel}","templated":true}]}}