{"id":157133,"date":"2013-12-17T00:05:59","date_gmt":"2013-12-17T06:05:59","guid":{"rendered":"http:\/\/www.diarioimagen.net\/?p=157133"},"modified":"2013-12-18T07:46:13","modified_gmt":"2013-12-18T13:46:13","slug":"declararan-constitucional-a-la-reforma-energetica","status":"publish","type":"post","link":"https:\/\/www.diarioimagen.net\/?p=157133","title":{"rendered":"Declarar\u00e1 constitucional  la reforma energ\u00e9tica"},"content":{"rendered":"<ul>\n<li><em><strong>El senador David Penchyna afirma que lo har\u00e1 ma\u00f1ana y de inmediato la turnar\u00e1 al Ejecutivo<\/strong><\/em><\/li>\n<\/ul>\n<div id=\"attachment_157135\" style=\"width: 250px\" class=\"wp-caption alignleft\"><a href=\"http:\/\/www.diarioimagen.net\/wp-content\/uploads\/2013\/12\/COMISION-portal.jpg\"><img loading=\"lazy\" decoding=\"async\" aria-describedby=\"caption-attachment-157135\" class=\"size-medium wp-image-157135\" alt=\"La Comisi\u00f3n Permanente del Congreso de la Uni\u00f3n ser\u00e1 la encargada de declarar constitucional la reforma energ\u00e9tica.\" src=\"http:\/\/www.diarioimagen.net\/wp-content\/uploads\/2013\/12\/COMISION-portal-240x135.jpg\" width=\"240\" height=\"135\" srcset=\"https:\/\/www.diarioimagen.net\/wp-content\/uploads\/2013\/12\/COMISION-portal-240x135.jpg 240w, https:\/\/www.diarioimagen.net\/wp-content\/uploads\/2013\/12\/COMISION-portal-420x236.jpg 420w, https:\/\/www.diarioimagen.net\/wp-content\/uploads\/2013\/12\/COMISION-portal-235x132.jpg 235w, https:\/\/www.diarioimagen.net\/wp-content\/uploads\/2013\/12\/COMISION-portal-202x114.jpg 202w, https:\/\/www.diarioimagen.net\/wp-content\/uploads\/2013\/12\/COMISION-portal-350x196.jpg 350w, https:\/\/www.diarioimagen.net\/wp-content\/uploads\/2013\/12\/COMISION-portal-220x123.jpg 220w, https:\/\/www.diarioimagen.net\/wp-content\/uploads\/2013\/12\/COMISION-portal-237x132.jpg 237w, https:\/\/www.diarioimagen.net\/wp-content\/uploads\/2013\/12\/COMISION-portal.jpg 480w\" sizes=\"auto, (max-width: 240px) 100vw, 240px\" \/><\/a><p id=\"caption-attachment-157135\" class=\"wp-caption-text\">La Comisi\u00f3n Permanente del Congreso de la Uni\u00f3n ser\u00e1 la encargada de declarar constitucional la reforma energ\u00e9tica.<\/p><\/div>\n<p>El presidente de la Comisi\u00f3n de Energ\u00eda del Senado, David Penchyna, inform\u00f3 que ma\u00f1ana la Comisi\u00f3n Permanente del Congreso de la Uni\u00f3n realizar\u00e1 la declaraci\u00f3n de constitucionalidad de la reforma energ\u00e9tica y de inmediato la turnar\u00e1 al Ejecutivo federal para su promulgaci\u00f3n y publicaci\u00f3n en el <i>Diario Oficial de la Federaci\u00f3n<\/i>.<\/p>\n<p>\u201cHoy ya son m\u00e1s de 17 entidades las que han aprobado dicho proceso, por lo que no tengo duda que ma\u00f1ana en la Comisi\u00f3n Permanente se har\u00e1 la declaratoria del recuento de congresos locales que ya han aprobado dicho ordenamiento constitucional. Pasar\u00e1 al Ejecutivo para sus efectos constitucionales\u201d, apunt\u00f3 el senador del PRI.<\/p>\n<p>En rueda de prensa en el Senado, confi\u00f3 en que los pr\u00f3ximos d\u00edas el Presidente de la Rep\u00fablica har\u00e1 la declaratoria correspondiente.<\/p>\n<p>Anunci\u00f3 que en el primer trimestre del 2014 estar\u00e1n aprobadas las 16 leyes secundarias en la materia, que ya se est\u00e1n revisando, por lo que dijo que a pesar de los anuncios de impugnaciones y recursos que promueve un sector de la izquierda \u201cno hay marcha atr\u00e1s con la reforma energ\u00e9tica\u201d.<\/p>\n<p>Ello, agreg\u00f3, a pesar de que el dise\u00f1o de la reforma a leyes secundarias ya est\u00e1n mandatados en los cambios constitucionales a los art\u00edculos 25, 27 y 28, as\u00ed como en los 21 transitorios.<\/p>\n<p>Argument\u00f3 que si bien las inversiones y proyectos que se contemplan arriben al pa\u00eds como resultado de la reforma energ\u00e9tica tienen procesos de maduraci\u00f3n de dos, cuatro o hasta seis a\u00f1os.<\/p>\n<p>Por ello, indic\u00f3 que los resultados en la econom\u00eda nacional se empezar\u00e1n a reflejar desde este 2014, con el clima de certidumbre que revertir\u00e1 la tendencia poco favorable de este a\u00f1o 2013.<\/p>\n<p>\u201cEl 2014 ser\u00e1 un a\u00f1o que cierre un ciclo de reforma energ\u00e9tica completa, con las reformas que demanda el cambio constitucional que hicimos\u201d, argument\u00f3.<\/p>\n<p>Agreg\u00f3 que el pr\u00f3ximo a\u00f1o las inversiones en M\u00e9xico pasar\u00e1n de ser especulativas a inversiones nacionales y extranjeras de gran impulso, que permitir\u00e1n un a\u00f1o de crecimiento econ\u00f3mico, luego de que en este 2013 \u201cel crecimiento econ\u00f3mico no se hizo sentir en la poblaci\u00f3n\u201d.<\/p>\n","protected":false},"excerpt":{"rendered":"<p>La Comisi\u00f3n Permanente del Congreso de la Uni\u00f3n ser\u00e1 la encargada de declarar constitucional la reforma energ\u00e9tica.<br \/>\nLa Comisi\u00f3n Permanente del Congreso de la Uni\u00f3n ser\u00e1 la encargada de declarar constitucional la reforma energ\u00e9tica.<br \/>\nEl presidente de la Comisi\u00f3n de Energ\u00eda del Senado, David Penchyna, inform\u00f3 que ma\u00f1ana la Comisi\u00f3n Permanente del Congreso de la Uni\u00f3n realizar\u00e1 la declaraci\u00f3n de constitucionalidad de la reforma energ\u00e9tica y de inmediato la turnar\u00e1 al Ejecutivo federal para su promulgaci\u00f3n y publicaci\u00f3n en el Diario Oficial de la Federaci\u00f3n.<\/p>\n","protected":false},"author":5,"featured_media":157135,"comment_status":"open","ping_status":"open","sticky":false,"template":"","format":"standard","meta":{"_monsterinsights_skip_tracking":false,"_monsterinsights_sitenote_active":false,"_monsterinsights_sitenote_note":"","_monsterinsights_sitenote_category":0,"footnotes":""},"categories":[17,3],"tags":[3993,8398,43673,2075,362,26447],"class_list":["post-157133","post","type-post","status-publish","format-standard","has-post-thumbnail","hentry","category-especiales","category-nacional","tag-comision-de-energia-del-senado","tag-david-penchyna","tag-nacional","tag-presidente-de-la-republica","tag-pri","tag-reforma-energetica"],"_links":{"self":[{"href":"https:\/\/www.diarioimagen.net\/index.php?rest_route=\/wp\/v2\/posts\/157133","targetHints":{"allow":["GET"]}}],"collection":[{"href":"https:\/\/www.diarioimagen.net\/index.php?rest_route=\/wp\/v2\/posts"}],"about":[{"href":"https:\/\/www.diarioimagen.net\/index.php?rest_route=\/wp\/v2\/types\/post"}],"author":[{"embeddable":true,"href":"https:\/\/www.diarioimagen.net\/index.php?rest_route=\/wp\/v2\/users\/5"}],"replies":[{"embeddable":true,"href":"https:\/\/www.diarioimagen.net\/index.php?rest_route=%2Fwp%2Fv2%2Fcomments&post=157133"}],"version-history":[{"count":0,"href":"https:\/\/www.diarioimagen.net\/index.php?rest_route=\/wp\/v2\/posts\/157133\/revisions"}],"wp:featuredmedia":[{"embeddable":true,"href":"https:\/\/www.diarioimagen.net\/index.php?rest_route=\/wp\/v2\/media\/157135"}],"wp:attachment":[{"href":"https:\/\/www.diarioimagen.net\/index.php?rest_route=%2Fwp%2Fv2%2Fmedia&parent=157133"}],"wp:term":[{"taxonomy":"category","embeddable":true,"href":"https:\/\/www.diarioimagen.net\/index.php?rest_route=%2Fwp%2Fv2%2Fcategories&post=157133"},{"taxonomy":"post_tag","embeddable":true,"href":"https:\/\/www.diarioimagen.net\/index.php?rest_route=%2Fwp%2Fv2%2Ftags&post=157133"}],"curies":[{"name":"wp","href":"https:\/\/api.w.org\/{rel}","templated":true}]}}