{"id":157146,"date":"2013-12-17T00:13:14","date_gmt":"2013-12-17T06:13:14","guid":{"rendered":"http:\/\/www.diarioimagen.net\/?p=157146"},"modified":"2014-02-05T04:10:51","modified_gmt":"2014-02-05T10:10:51","slug":"edomex-tiene-dialogo-cordial-con-la-iglesia","status":"publish","type":"post","link":"https:\/\/www.diarioimagen.net\/?p=157146","title":{"rendered":"Edomex tiene di\u00e1logo cordial con la Iglesia"},"content":{"rendered":"<h2>Arco Norte<\/h2>\n<h5>Jos\u00e9 Luis Monta\u00f1ez Aguilar<\/h5>\n<p><span>\u00a0<\/span><\/p>\n<div id=\"attachment_157202\" style=\"width: 250px\" class=\"wp-caption alignleft\"><a href=\"http:\/\/www.diarioimagen.net\/wp-content\/uploads\/2013\/12\/arco-2252.jpg\"><img loading=\"lazy\" decoding=\"async\" aria-describedby=\"caption-attachment-157202\" class=\"size-medium wp-image-157202\" alt=\"Eruviel \u00c1vila Villegas, gobernador del Estado de M\u00e9xico.\" src=\"http:\/\/www.diarioimagen.net\/wp-content\/uploads\/2013\/12\/arco-2252-240x135.jpg\" width=\"240\" height=\"135\" srcset=\"https:\/\/www.diarioimagen.net\/wp-content\/uploads\/2013\/12\/arco-2252-240x135.jpg 240w, https:\/\/www.diarioimagen.net\/wp-content\/uploads\/2013\/12\/arco-2252-420x236.jpg 420w, https:\/\/www.diarioimagen.net\/wp-content\/uploads\/2013\/12\/arco-2252-235x132.jpg 235w, https:\/\/www.diarioimagen.net\/wp-content\/uploads\/2013\/12\/arco-2252-202x114.jpg 202w, https:\/\/www.diarioimagen.net\/wp-content\/uploads\/2013\/12\/arco-2252-350x196.jpg 350w, https:\/\/www.diarioimagen.net\/wp-content\/uploads\/2013\/12\/arco-2252-220x123.jpg 220w, https:\/\/www.diarioimagen.net\/wp-content\/uploads\/2013\/12\/arco-2252-237x132.jpg 237w, https:\/\/www.diarioimagen.net\/wp-content\/uploads\/2013\/12\/arco-2252.jpg 480w\" sizes=\"auto, (max-width: 240px) 100vw, 240px\" \/><\/a><p id=\"caption-attachment-157202\" class=\"wp-caption-text\">Eruviel \u00c1vila Villegas, gobernador del Estado de M\u00e9xico.<\/p><\/div>\n<p><span>De acuerdo con su pol\u00edtica de realizar reuniones de trabajo con l\u00edderes y representantes de las diferentes religiones establecidas en la entidad, el gobernador del Estado de M\u00e9xico, Eruviel \u00c1vila Villegas, dialog\u00f3 ayer con obispos de las di\u00f3cesis de la entidad, quienes estuvieron encabezados por el arzobispo Carlos Aguiar Retes, presidente del Consejo episcopal Latinoamericano (Celam). El objetivo fue darles a conocer las acciones y avances de su administraci\u00f3n en materia de desarrollo social, educaci\u00f3n, seguridad p\u00fablica y procuraci\u00f3n de justicia. Eruviel \u00c1vila inform\u00f3 sobre las estrategias que se implementan en dichos rubros, tal es el caso de la coordinaci\u00f3n con autoridades federales, municipales y de otras entidades para brindar mayor seguridad a los mexiquenses; programas sociales, como <i>Por una Infancia en Grande<\/i>, <i>Futuro en Grande<\/i>, <i>Gente Grande<\/i>, <i>Apadrina a un Ni\u00f1o Ind\u00edgena<\/i>, entre otros, a trav\u00e9s de los cuales se entregan diversos beneficios como capacitaci\u00f3n, apoyos econ\u00f3micos y alimenticios. En materia de educaci\u00f3n, dio a conocer que la administraci\u00f3n estatal entrega est\u00edmulos a integrantes de escoltas, becas a alumnos destacados por su aprovechamiento acad\u00e9mico, becas para estudiar en el extranjero, laptops, equipamiento a escuelas, \u00fatiles escolares, por mencionar algunos. Inform\u00f3 que en materia de procuraci\u00f3n de justicia se crearon dos centros para atenci\u00f3n de mujeres v\u00edctimas de violencia, ubicados en los municipios de Toluca y Cuautitl\u00e1n Izcalli; el Estado de M\u00e9xico se adhiri\u00f3 al programa Alerta Amber, para la b\u00fasqueda y ubicaci\u00f3n de personas desaparecidas; se reformaron las leyes para endurecer las penas en delitos como robo, extorsi\u00f3n, violaci\u00f3n y feminicidio.<\/span><\/p>\n<p><em><\/em><em><a href=\"mailto:montanezaguilar@gmail.com\" target=\"_blank\">montanezaguilar@gmail.com<\/a><\/em><\/p>\n","protected":false},"excerpt":{"rendered":"<p><span style=\"color: #005497;\"><strong>Jos\u00e9 Luis Monta\u00f1ez Aguilar<\/strong><\/span><br \/>\n<br \/>\nDe acuerdo con su pol\u00edtica de realizar reuniones de trabajo con l\u00edderes y representantes de las diferentes religiones establecidas en la entidad, el gobernador del Estado de M\u00e9xico, Eruviel \u00c1vila Villegas, dialog\u00f3 ayer con obispos de las di\u00f3cesis de la entidad, quienes estuvieron encabezados por el arzobispo Carlos Aguiar Retes, presidente del Consejo episcopal Latinoamericano (Celam). <\/p>\n","protected":false},"author":3,"featured_media":157202,"comment_status":"open","ping_status":"open","sticky":false,"template":"","format":"standard","meta":{"_monsterinsights_skip_tracking":false,"_monsterinsights_sitenote_active":false,"_monsterinsights_sitenote_note":"","_monsterinsights_sitenote_category":0,"footnotes":""},"categories":[11622],"tags":[13284,5828,43675,3235,43704,43674],"class_list":["post-157146","post","type-post","status-publish","format-standard","has-post-thumbnail","hentry","category-jose-luis-montanez-aguilar","tag-arco-norte","tag-eruviel-avila-villegas","tag-estado-de-mexico","tag-iglesia","tag-jose-luis-montanez-aguilar","tag-opinion"],"_links":{"self":[{"href":"https:\/\/www.diarioimagen.net\/index.php?rest_route=\/wp\/v2\/posts\/157146","targetHints":{"allow":["GET"]}}],"collection":[{"href":"https:\/\/www.diarioimagen.net\/index.php?rest_route=\/wp\/v2\/posts"}],"about":[{"href":"https:\/\/www.diarioimagen.net\/index.php?rest_route=\/wp\/v2\/types\/post"}],"author":[{"embeddable":true,"href":"https:\/\/www.diarioimagen.net\/index.php?rest_route=\/wp\/v2\/users\/3"}],"replies":[{"embeddable":true,"href":"https:\/\/www.diarioimagen.net\/index.php?rest_route=%2Fwp%2Fv2%2Fcomments&post=157146"}],"version-history":[{"count":0,"href":"https:\/\/www.diarioimagen.net\/index.php?rest_route=\/wp\/v2\/posts\/157146\/revisions"}],"wp:featuredmedia":[{"embeddable":true,"href":"https:\/\/www.diarioimagen.net\/index.php?rest_route=\/wp\/v2\/media\/157202"}],"wp:attachment":[{"href":"https:\/\/www.diarioimagen.net\/index.php?rest_route=%2Fwp%2Fv2%2Fmedia&parent=157146"}],"wp:term":[{"taxonomy":"category","embeddable":true,"href":"https:\/\/www.diarioimagen.net\/index.php?rest_route=%2Fwp%2Fv2%2Fcategories&post=157146"},{"taxonomy":"post_tag","embeddable":true,"href":"https:\/\/www.diarioimagen.net\/index.php?rest_route=%2Fwp%2Fv2%2Ftags&post=157146"}],"curies":[{"name":"wp","href":"https:\/\/api.w.org\/{rel}","templated":true}]}}