{"id":157157,"date":"2013-12-17T00:02:25","date_gmt":"2013-12-17T06:02:25","guid":{"rendered":"http:\/\/www.diarioimagen.net\/?p=157157"},"modified":"2013-12-18T02:42:34","modified_gmt":"2013-12-18T08:42:34","slug":"las-fosas-comunes","status":"publish","type":"post","link":"https:\/\/www.diarioimagen.net\/?p=157157","title":{"rendered":"Las fosas comunes"},"content":{"rendered":"<h2>Acta P\u00fablica<\/h2>\n<h5>Claudia Rodr\u00edguez<\/h5>\n<p><span><br \/>\nLa pasada festividad de D\u00eda de Muertos, el gobierno de la Rep\u00fablica, las diferentes administraciones locales, as\u00ed como distintas entidades enfocadas a promover la cultura y nuestras tradiciones, procuraron las plazas y dem\u00e1s disposiciones para que esta festividad nacional se cumpliera como se hace a\u00f1o con a\u00f1o, para que los mexicanos recordemos nuestros muertos y a la misma muerte con fiesta y color.<\/span><\/p>\n<p>Pero en realidad, nos hemos vuelto una naci\u00f3n en donde la muerte se ha vuelto tan costumbrista por asuntos criminales y hasta de omisi\u00f3n que se muestra como incre\u00edble el que al menos seis muertos d\u00eda a d\u00eda, vayan a la fosa com\u00fan.<\/p>\n<p>Cuando le\u00ed dicha informaci\u00f3n, no la cre\u00ed de primera vista.\u00a0Tuve que regresar, leer detenidamente y tratar de digerirla.<\/p>\n<p>Es cierto que no todos los cuerpos que llegan a la fosa com\u00fan lo hacen por una cuesti\u00f3n de violencia, pero s\u00ed en todo caso, por una acci\u00f3n criminal.<\/p>\n<p>Es un acto delincuencial segar la vida de una persona con intenci\u00f3n, pero tambi\u00e9n por negligencia profesional.<\/p>\n<p>Es as\u00ed, como los seis cuerpos que d\u00eda a d\u00eda llegan a las fosas comunes de distintos cementerios, tambi\u00e9n en diversos lugares y entidades dejan detr\u00e1s diversas historias, desde el desamparo, el desasosiego o hasta el tormento, pues pasa a ser una vida sin un adecuado t\u00e9rmino por m\u00e1s irremediable que este \u2014como en todos los casos de vida\u2014 sea.<\/p>\n<p>Una sociedad que empieza a ver con naturalidad las muertes o la desaparici\u00f3n de muchos de sus integrantes como algo natural y en algunos casos como prohibido, sin llevar ni siquiera registros o archivos, se muestra enferma y en descomposici\u00f3n.<\/p>\n<p>No s\u00f3lo se trata de endosar estos cr\u00edmenes \u2014desde el que los perpetra hasta el que los permite\u2014 a la delincuencia organizada que no ceja en su construcci\u00f3n y reconstrucci\u00f3n en nuestro pa\u00eds, frente a los embates tibios de nuestros gobiernos, tambi\u00e9n hay que descorrer el velo de la sociedad que en otros \u00e1mbitos comete tambi\u00e9n cr\u00edmenes atroces por venganzas familiares, pasionales o de negocios.<\/p>\n<p>Crear fosas comunes para una gran cantidad de mexicanos que terminan como \u201clos sin nombre\u201d y que d\u00eda a d\u00eda van a las fosas comunes sin m\u00e1s explicaci\u00f3n, ni argumento, es como remitirnos al espacio donde nada tiene sentido; mucho menos la vida.<\/p>\n<p><b><i>Acta Divina\u2026<\/i><\/b> En junio pasado, tras la solicitud de un particular, el Instituto Federal de Acceso a la Informaci\u00f3n (IFAI)\u00a0 determin\u00f3 que la Secretar\u00eda de Gobernaci\u00f3n debe dar datos sobre los cad\u00e1veres hallados en fosas clandestinas y en fosas comunes, pero la instancia se declar\u00f3 incompetente.<\/p>\n<p><b><i>P<\/i><\/b><b><i>ara advertir\u2026 <\/i><\/b>La muerte no s\u00f3lo es jolgorio y folklor.\u00a0 Es cosa seria.<\/p>\n<p><em><a href=\"mailto:actapublica@gmail.com\" target=\"_blank\">actapublica@gmail.com<\/a><\/em><\/p>\n","protected":false},"excerpt":{"rendered":"<p><span style=\"color: #005497;\"><strong>Claudia Rodr\u00edguez<\/strong><\/span><\/p>\n","protected":false},"author":3,"featured_media":0,"comment_status":"open","ping_status":"open","sticky":false,"template":"","format":"standard","meta":{"_monsterinsights_skip_tracking":false,"_monsterinsights_sitenote_active":false,"_monsterinsights_sitenote_note":"","_monsterinsights_sitenote_category":0,"footnotes":""},"categories":[1281],"tags":[12303,43674,2303],"class_list":["post-157157","post","type-post","status-publish","format-standard","hentry","category-claudia-rodriguez","tag-dia-de-muertos","tag-opinion","tag-republica"],"_links":{"self":[{"href":"https:\/\/www.diarioimagen.net\/index.php?rest_route=\/wp\/v2\/posts\/157157","targetHints":{"allow":["GET"]}}],"collection":[{"href":"https:\/\/www.diarioimagen.net\/index.php?rest_route=\/wp\/v2\/posts"}],"about":[{"href":"https:\/\/www.diarioimagen.net\/index.php?rest_route=\/wp\/v2\/types\/post"}],"author":[{"embeddable":true,"href":"https:\/\/www.diarioimagen.net\/index.php?rest_route=\/wp\/v2\/users\/3"}],"replies":[{"embeddable":true,"href":"https:\/\/www.diarioimagen.net\/index.php?rest_route=%2Fwp%2Fv2%2Fcomments&post=157157"}],"version-history":[{"count":0,"href":"https:\/\/www.diarioimagen.net\/index.php?rest_route=\/wp\/v2\/posts\/157157\/revisions"}],"wp:attachment":[{"href":"https:\/\/www.diarioimagen.net\/index.php?rest_route=%2Fwp%2Fv2%2Fmedia&parent=157157"}],"wp:term":[{"taxonomy":"category","embeddable":true,"href":"https:\/\/www.diarioimagen.net\/index.php?rest_route=%2Fwp%2Fv2%2Fcategories&post=157157"},{"taxonomy":"post_tag","embeddable":true,"href":"https:\/\/www.diarioimagen.net\/index.php?rest_route=%2Fwp%2Fv2%2Ftags&post=157157"}],"curies":[{"name":"wp","href":"https:\/\/api.w.org\/{rel}","templated":true}]}}