{"id":157224,"date":"2013-12-17T00:08:55","date_gmt":"2013-12-17T06:08:55","guid":{"rendered":"http:\/\/www.diarioimagen.net\/?p=157224"},"modified":"2013-12-17T06:08:49","modified_gmt":"2013-12-17T12:08:49","slug":"chuayffet-reconoce-que-en-sep-hay-deficiencias","status":"publish","type":"post","link":"https:\/\/www.diarioimagen.net\/?p=157224","title":{"rendered":"Chuayffet reconoce que en SEP hay deficiencias"},"content":{"rendered":"<ul>\n<li><strong><em>Asegura que los funcionaros dejar\u00e1n de estar encerrados en sus oficinas para dar buenas cuentas el pr\u00f3ximo a\u00f1o<\/em><\/strong><\/li>\n<\/ul>\n<div id=\"attachment_157260\" style=\"width: 250px\" class=\"wp-caption alignleft\"><a href=\"http:\/\/www.diarioimagen.net\/wp-content\/uploads\/2013\/12\/SEP-2252.jpg\"><img loading=\"lazy\" decoding=\"async\" aria-describedby=\"caption-attachment-157260\" class=\"size-medium wp-image-157260\" alt=\"Emilio Chuayffet Chemor, titular de la Secretar\u00eda de Educaci\u00f3n P\u00fablica.\" src=\"http:\/\/www.diarioimagen.net\/wp-content\/uploads\/2013\/12\/SEP-2252-240x135.jpg\" width=\"240\" height=\"135\" srcset=\"https:\/\/www.diarioimagen.net\/wp-content\/uploads\/2013\/12\/SEP-2252-240x135.jpg 240w, https:\/\/www.diarioimagen.net\/wp-content\/uploads\/2013\/12\/SEP-2252-420x236.jpg 420w, https:\/\/www.diarioimagen.net\/wp-content\/uploads\/2013\/12\/SEP-2252-235x132.jpg 235w, https:\/\/www.diarioimagen.net\/wp-content\/uploads\/2013\/12\/SEP-2252-202x114.jpg 202w, https:\/\/www.diarioimagen.net\/wp-content\/uploads\/2013\/12\/SEP-2252-350x196.jpg 350w, https:\/\/www.diarioimagen.net\/wp-content\/uploads\/2013\/12\/SEP-2252-220x123.jpg 220w, https:\/\/www.diarioimagen.net\/wp-content\/uploads\/2013\/12\/SEP-2252-237x132.jpg 237w, https:\/\/www.diarioimagen.net\/wp-content\/uploads\/2013\/12\/SEP-2252.jpg 480w\" sizes=\"auto, (max-width: 240px) 100vw, 240px\" \/><\/a><p id=\"caption-attachment-157260\" class=\"wp-caption-text\">Emilio Chuayffet Chemor, titular de la Secretar\u00eda de Educaci\u00f3n P\u00fablica.<\/p><\/div>\n<p>La Secretar\u00eda de Educaci\u00f3n P\u00fablica dedicar\u00e1 2014 a impulsar y hacer realidad la reforma educativa impulsada por el Poder Ejecutivo y Legislativo, as\u00ed como a corregir deficiencias en materia de calidad y de equidad porque \u201csin educaci\u00f3n no tenemos una palanca de desarrollo real\u201d, dijo su titular, Emilio Chuayffet Chemor.<\/p>\n<p>En reuni\u00f3n con medios, el funcionario federal tambi\u00e9n asegur\u00f3 que dejar\u00e1n de estar encerrados en sus oficinas, como sucedi\u00f3 en este 2013, debido a la serie de obst\u00e1culos pol\u00edticos que enfrentaron, para que durante el pr\u00f3ximo a\u00f1o den cuenta a la sociedad de los resultados y de las pol\u00edticas implementadas para echar andar la reforma educativa.<\/p>\n<p>\u201cYo creo que al fin de cuentas nadie cambia si no cambia su cultura, su modo de percibir las cosas, su percepci\u00f3n de cada uno de los problemas que quiere acometer. Nosotros en la secretar\u00eda tenemos muchos, pero tambi\u00e9n hay una gran voluntad: la del presidente Pe\u00f1a de llevar a cabo la reforma y la de nosotros que le servimos al primer mandatario con el entusiasmo que \u00e9l tiene para que la reforma sea una realidad\u201d.<\/p>\n<p>El pr\u00f3ximo jueves 19 de diciembre, adelant\u00f3, se dar\u00e1n a conocer los resultados del censo de \u201cEscuela, Maestros y Alumnos de Educaci\u00f3n B\u00e1sica\u201d por parte del Instituto Nacional de Estad\u00edstica y Geograf\u00eda (INEGI).<\/p>\n<p>En su mensaje, Chuayffet Chemor reconoci\u00f3 diversas irregularidades en la SEP. \u201cSe est\u00e1n corrigiendo muchas anomal\u00edas que hab\u00eda en la dependenciaa y tambi\u00e9n se est\u00e1n corrigiendo muchas deficiencias que, en materia de calidad y de equidad, ten\u00edamos; por ejemplo, el viernes con el doctor Rodolfo Tuir\u00e1n (subsecretario de Educaci\u00f3n Superior de la SEP) vimos los centros de bachillerato para discapacitados.<\/p>\n<p>\u201cHab\u00eda 46 en todo el pa\u00eds, hoy hay 100, 56 m\u00e1s y dentro de cinco a\u00f1os habr\u00e1 500, es decir, estamos incrementando la atenci\u00f3n a un grupo social marginado que son, aproximadamente, 123 mil ni\u00f1os en todo el pa\u00eds y que requieren que todos estemos de su lado para que puedan salir adelante. Sus obst\u00e1culos son mayores, pero tambi\u00e9n su voluntad, optimismo, es extraordinario<\/p>\n<p>Para el funcionario federal \u201cla educaci\u00f3n es algo que nos compete a todos. Hay que empujarla para que sea una educaci\u00f3n de calidad y de equidad\u201d<\/p>\n<p>Por ello, dijo, \u201c2014 ser\u00e1 un a\u00f1o de comunicaci\u00f3n permanente con ustedes, porque los problemas que vivimos nos hac\u00edan estar ah\u00ed, encerrados en las oficinas con un sin n\u00famero de inquietudes, de obst\u00e1culos, de problemas.<\/p>\n<p>&nbsp;<\/p>\n","protected":false},"excerpt":{"rendered":"<p>La Secretar\u00eda de Educaci\u00f3n P\u00fablica dedicar\u00e1 2014 a impulsar y hacer realidad la reforma educativa impulsada por el Poder Ejecutivo y Legislativo, as\u00ed como a corregir deficiencias en materia de calidad y de equidad porque \u201csin educaci\u00f3n no tenemos una palanca de desarrollo real\u201d, dijo su titular, Emilio Chuayffet Chemor.<\/p>\n","protected":false},"author":3,"featured_media":157260,"comment_status":"open","ping_status":"open","sticky":false,"template":"","format":"standard","meta":{"_monsterinsights_skip_tracking":false,"_monsterinsights_sitenote_active":false,"_monsterinsights_sitenote_note":"","_monsterinsights_sitenote_category":0,"footnotes":""},"categories":[3],"tags":[3183,23592,1058,459],"class_list":["post-157224","post","type-post","status-publish","format-standard","has-post-thumbnail","hentry","category-nacional","tag-emilio-chuayffet-chemor","tag-naconal","tag-secretaria-de-educacion-publica","tag-sep"],"_links":{"self":[{"href":"https:\/\/www.diarioimagen.net\/index.php?rest_route=\/wp\/v2\/posts\/157224","targetHints":{"allow":["GET"]}}],"collection":[{"href":"https:\/\/www.diarioimagen.net\/index.php?rest_route=\/wp\/v2\/posts"}],"about":[{"href":"https:\/\/www.diarioimagen.net\/index.php?rest_route=\/wp\/v2\/types\/post"}],"author":[{"embeddable":true,"href":"https:\/\/www.diarioimagen.net\/index.php?rest_route=\/wp\/v2\/users\/3"}],"replies":[{"embeddable":true,"href":"https:\/\/www.diarioimagen.net\/index.php?rest_route=%2Fwp%2Fv2%2Fcomments&post=157224"}],"version-history":[{"count":0,"href":"https:\/\/www.diarioimagen.net\/index.php?rest_route=\/wp\/v2\/posts\/157224\/revisions"}],"wp:featuredmedia":[{"embeddable":true,"href":"https:\/\/www.diarioimagen.net\/index.php?rest_route=\/wp\/v2\/media\/157260"}],"wp:attachment":[{"href":"https:\/\/www.diarioimagen.net\/index.php?rest_route=%2Fwp%2Fv2%2Fmedia&parent=157224"}],"wp:term":[{"taxonomy":"category","embeddable":true,"href":"https:\/\/www.diarioimagen.net\/index.php?rest_route=%2Fwp%2Fv2%2Fcategories&post=157224"},{"taxonomy":"post_tag","embeddable":true,"href":"https:\/\/www.diarioimagen.net\/index.php?rest_route=%2Fwp%2Fv2%2Ftags&post=157224"}],"curies":[{"name":"wp","href":"https:\/\/api.w.org\/{rel}","templated":true}]}}