{"id":157228,"date":"2013-12-17T00:04:39","date_gmt":"2013-12-17T06:04:39","guid":{"rendered":"http:\/\/www.diarioimagen.net\/?p=157228"},"modified":"2013-12-17T06:13:03","modified_gmt":"2013-12-17T12:13:03","slug":"explosion-en-ducto-de-pemex-deja-7-heridos","status":"publish","type":"post","link":"https:\/\/www.diarioimagen.net\/?p=157228","title":{"rendered":"Explosi\u00f3n en ducto de Pemex deja 7 heridos"},"content":{"rendered":"<ul>\n<li><strong><em>Causado por una toma clandestina<\/em><\/strong><\/li>\n<\/ul>\n<div id=\"attachment_157266\" style=\"width: 250px\" class=\"wp-caption alignleft\"><a href=\"http:\/\/www.diarioimagen.net\/wp-content\/uploads\/2013\/12\/EXPLOSION-2252.jpg\"><img loading=\"lazy\" decoding=\"async\" aria-describedby=\"caption-attachment-157266\" class=\"size-medium wp-image-157266\" alt=\"El percance en el ducto de Pemex moviliz\u00f3 a los cuerpos de socorro del Estado de M\u00e9xico.\" src=\"http:\/\/www.diarioimagen.net\/wp-content\/uploads\/2013\/12\/EXPLOSION-2252-240x135.jpg\" width=\"240\" height=\"135\" srcset=\"https:\/\/www.diarioimagen.net\/wp-content\/uploads\/2013\/12\/EXPLOSION-2252-240x135.jpg 240w, https:\/\/www.diarioimagen.net\/wp-content\/uploads\/2013\/12\/EXPLOSION-2252-420x236.jpg 420w, https:\/\/www.diarioimagen.net\/wp-content\/uploads\/2013\/12\/EXPLOSION-2252-235x132.jpg 235w, https:\/\/www.diarioimagen.net\/wp-content\/uploads\/2013\/12\/EXPLOSION-2252-202x114.jpg 202w, https:\/\/www.diarioimagen.net\/wp-content\/uploads\/2013\/12\/EXPLOSION-2252-350x196.jpg 350w, https:\/\/www.diarioimagen.net\/wp-content\/uploads\/2013\/12\/EXPLOSION-2252-220x123.jpg 220w, https:\/\/www.diarioimagen.net\/wp-content\/uploads\/2013\/12\/EXPLOSION-2252-237x132.jpg 237w, https:\/\/www.diarioimagen.net\/wp-content\/uploads\/2013\/12\/EXPLOSION-2252.jpg 480w\" sizes=\"auto, (max-width: 240px) 100vw, 240px\" \/><\/a><p id=\"caption-attachment-157266\" class=\"wp-caption-text\">El percance en el ducto de Pemex moviliz\u00f3 a los cuerpos de socorro del Estado de M\u00e9xico.<\/p><\/div>\n<p><strong>Acolman, Estado de M\u00e9xico<\/strong>.- Una explosi\u00f3n e incendio provocado por una toma clandestina en un ducto de gas de Pemex deja un saldo de siete personas lesionadas y por lo menos 800 desalojadas en los l\u00edmites de este municipio y Tezoyucan.<\/p>\n<p>El alcalde de Tezoyucan, Arturo Ahumada Cruz, inform\u00f3 que el siniestro se registr\u00f3 por una fuga en un ducto donde se ten\u00eda una toma clandestina entre las comunidades El Faro y Tequisistl\u00e1n, donde al percatarse de la fuga, una familia intent\u00f3 alejarse del lugar y al encender un veh\u00edculo se registr\u00f3 la explosi\u00f3n, de acuerdo con los primeros reportes.<\/p>\n<p>Siete personas con quemaduras fueron trasladadas a hospitales, sin que hasta el momento se reporten v\u00edctimas, al tiempo que al menos 800 personas que habitan cerca del lugar de los hechos fueron evacuadas como medidas preventiva.<\/p>\n<p>En tanto, Pemex inform\u00f3 que la fuga ya fue controlada y mencion\u00f3 en su cuenta de Twitter, @Pemex, que al suscitarse la fuga, de inmediato se procedi\u00f3 al corte del suministro del gas y por precauci\u00f3n se desaloj\u00f3 a la poblaci\u00f3n cercana al lugar.<\/p>\n<p>Detall\u00f3 que el gas remanente en el ducto contin\u00faa consumi\u00e9ndose, bajo control. En el lugar labora personal de Pemex, de la Polic\u00eda Federal, de la Secretaria de Seguridad Ciudadana, as\u00ed como bomberos y Protecci\u00f3n Civil de varias localidades.<b><\/b><\/p>\n<p>&nbsp;<\/p>\n","protected":false},"excerpt":{"rendered":"<p>Una explosi\u00f3n e incendio provocado por una toma clandestina en un ducto de gas de Pemex deja un saldo de siete personas lesionadas y por lo menos 800 desalojadas en los l\u00edmites de este municipio y Tezoyucan.<\/p>\n","protected":false},"author":3,"featured_media":157266,"comment_status":"open","ping_status":"open","sticky":false,"template":"","format":"standard","meta":{"_monsterinsights_skip_tracking":false,"_monsterinsights_sitenote_active":false,"_monsterinsights_sitenote_note":"","_monsterinsights_sitenote_category":0,"footnotes":""},"categories":[7],"tags":[43675,7607,2535,292],"class_list":["post-157228","post","type-post","status-publish","format-standard","has-post-thumbnail","hentry","category-seguridad","tag-estado-de-mexico","tag-explosion","tag-heridos","tag-pemex"],"_links":{"self":[{"href":"https:\/\/www.diarioimagen.net\/index.php?rest_route=\/wp\/v2\/posts\/157228","targetHints":{"allow":["GET"]}}],"collection":[{"href":"https:\/\/www.diarioimagen.net\/index.php?rest_route=\/wp\/v2\/posts"}],"about":[{"href":"https:\/\/www.diarioimagen.net\/index.php?rest_route=\/wp\/v2\/types\/post"}],"author":[{"embeddable":true,"href":"https:\/\/www.diarioimagen.net\/index.php?rest_route=\/wp\/v2\/users\/3"}],"replies":[{"embeddable":true,"href":"https:\/\/www.diarioimagen.net\/index.php?rest_route=%2Fwp%2Fv2%2Fcomments&post=157228"}],"version-history":[{"count":0,"href":"https:\/\/www.diarioimagen.net\/index.php?rest_route=\/wp\/v2\/posts\/157228\/revisions"}],"wp:featuredmedia":[{"embeddable":true,"href":"https:\/\/www.diarioimagen.net\/index.php?rest_route=\/wp\/v2\/media\/157266"}],"wp:attachment":[{"href":"https:\/\/www.diarioimagen.net\/index.php?rest_route=%2Fwp%2Fv2%2Fmedia&parent=157228"}],"wp:term":[{"taxonomy":"category","embeddable":true,"href":"https:\/\/www.diarioimagen.net\/index.php?rest_route=%2Fwp%2Fv2%2Fcategories&post=157228"},{"taxonomy":"post_tag","embeddable":true,"href":"https:\/\/www.diarioimagen.net\/index.php?rest_route=%2Fwp%2Fv2%2Ftags&post=157228"}],"curies":[{"name":"wp","href":"https:\/\/api.w.org\/{rel}","templated":true}]}}