{"id":157230,"date":"2013-12-17T00:05:41","date_gmt":"2013-12-17T06:05:41","guid":{"rendered":"http:\/\/www.diarioimagen.net\/?p=157230"},"modified":"2013-12-17T06:14:02","modified_gmt":"2013-12-17T12:14:02","slug":"mexico-preparado-para-enfrentar-pandemias-ssa","status":"publish","type":"post","link":"https:\/\/www.diarioimagen.net\/?p=157230","title":{"rendered":"M\u00e9xico, preparado para enfrentar pandemias: Ssa"},"content":{"rendered":"<ul>\n<li><strong><em>Fortalece su capacitaci\u00f3n<\/em><\/strong><\/li>\n<\/ul>\n<div id=\"attachment_157269\" style=\"width: 250px\" class=\"wp-caption alignleft\"><a href=\"http:\/\/www.diarioimagen.net\/wp-content\/uploads\/2013\/12\/SALUD-2252.jpg\"><img loading=\"lazy\" decoding=\"async\" aria-describedby=\"caption-attachment-157269\" class=\"size-medium wp-image-157269\" alt=\"Mercedes Juan L\u00f3pez particip\u00f3 en la 14\u00aa Reuni\u00f3n Ministerial de la Iniciativa para la Seguridad Global en Salud del G-7.\" src=\"http:\/\/www.diarioimagen.net\/wp-content\/uploads\/2013\/12\/SALUD-2252-240x135.jpg\" width=\"240\" height=\"135\" srcset=\"https:\/\/www.diarioimagen.net\/wp-content\/uploads\/2013\/12\/SALUD-2252-240x135.jpg 240w, https:\/\/www.diarioimagen.net\/wp-content\/uploads\/2013\/12\/SALUD-2252-420x236.jpg 420w, https:\/\/www.diarioimagen.net\/wp-content\/uploads\/2013\/12\/SALUD-2252-235x132.jpg 235w, https:\/\/www.diarioimagen.net\/wp-content\/uploads\/2013\/12\/SALUD-2252-202x114.jpg 202w, https:\/\/www.diarioimagen.net\/wp-content\/uploads\/2013\/12\/SALUD-2252-350x196.jpg 350w, https:\/\/www.diarioimagen.net\/wp-content\/uploads\/2013\/12\/SALUD-2252-220x123.jpg 220w, https:\/\/www.diarioimagen.net\/wp-content\/uploads\/2013\/12\/SALUD-2252-237x132.jpg 237w, https:\/\/www.diarioimagen.net\/wp-content\/uploads\/2013\/12\/SALUD-2252.jpg 480w\" sizes=\"auto, (max-width: 240px) 100vw, 240px\" \/><\/a><p id=\"caption-attachment-157269\" class=\"wp-caption-text\">Mercedes Juan L\u00f3pez particip\u00f3 en la 14\u00aa Reuni\u00f3n Ministerial de la Iniciativa para la Seguridad Global en Salud del G-7.<\/p><\/div>\n<p><strong>Roma, Italia<\/strong>.- La secretaria de Salud, Mercedes Juan, particip\u00f3 en la 14\u00aa Reuni\u00f3n Ministerial de la Iniciativa para la Seguridad Global en Salud, integrada por el Grupo de los Siete Pa\u00edses m\u00e1s Desarrollados (G7), adem\u00e1s de M\u00e9xico, donde recalc\u00f3 el compromiso de nuestro pa\u00eds para fortalecer la preparaci\u00f3n ante eventos en salud con potencial pand\u00e9mico.<\/p>\n<p>Resalt\u00f3 que a pesar de que los brotes de inflluenza aviar A(H7N9) y el MERS-CoV no representan al momento una emergencia internacional y en el continente americano no se ha registrado ning\u00fan caso de alguna de estas enfermedades, es fundamental la interacci\u00f3n entre los pa\u00edses de la iniciativa para las mejores pr\u00e1cticas en la respuesta ante amenazas globales a la salud<\/p>\n<p>Asimismo, comparti\u00f3 la experiencia de M\u00e9xico en materia de preparaci\u00f3n, vigilancia y respuesta de la influenza A(H1N1), donde enfatiz\u00f3 las lecciones aprendidas que sirvieron para mejorar las actividades de preparaci\u00f3n ante otros eventos de riesgo pand\u00e9mico.<\/p>\n<p>En materia de resistencia de antimicrobianos, coment\u00f3 las acciones que se llevan a cabo en nuestro pa\u00eds, que se enfocan en el manejo, vigilancia y control de dicha resistencia, mejorando sobre todo el control de la venta de antibi\u00f3ticos de forma obligatoria con receta m\u00e9dica.<\/p>\n<p>Mercedes Juan habl\u00f3 de los trabajos internacionales y esfuerzos nacionales para abordar el tema desde la perspectiva de \u201cUna Salud\u201d para la colaboraci\u00f3n entre los sectores de salud humana y salud animal.<\/p>\n<p>Los trabajos de la iniciativa empezaron en noviembre de 2001 y su principal mandato es el an\u00e1lisis en materia de preparaci\u00f3n y respuesta ante eventos biol\u00f3gicos, qu\u00edmicos, radiol\u00f3gicos y nucleares, e influenza pand\u00e9mica.<\/p>\n<p>&nbsp;<\/p>\n","protected":false},"excerpt":{"rendered":"<p> La secretaria de Salud, Mercedes Juan, particip\u00f3 en la 14\u00aa Reuni\u00f3n Ministerial de la Iniciativa para la Seguridad Global en Salud, integrada por el Grupo de los Siete Pa\u00edses m\u00e1s Desarrollados (G7), adem\u00e1s de M\u00e9xico, donde recalc\u00f3 el compromiso de nuestro pa\u00eds para fortalecer la preparaci\u00f3n ante eventos en salud con potencial pand\u00e9mico.<\/p>\n","protected":false},"author":3,"featured_media":157269,"comment_status":"open","ping_status":"open","sticky":false,"template":"","format":"standard","meta":{"_monsterinsights_skip_tracking":false,"_monsterinsights_sitenote_active":false,"_monsterinsights_sitenote_note":"","_monsterinsights_sitenote_category":0,"footnotes":""},"categories":[877],"tags":[6063,25540,29516,846,432],"class_list":["post-157230","post","type-post","status-publish","format-standard","has-post-thumbnail","hentry","category-salud","tag-italia","tag-mercedes-juan-lopez","tag-pandemia","tag-roma","tag-secretaria-de-salud"],"_links":{"self":[{"href":"https:\/\/www.diarioimagen.net\/index.php?rest_route=\/wp\/v2\/posts\/157230","targetHints":{"allow":["GET"]}}],"collection":[{"href":"https:\/\/www.diarioimagen.net\/index.php?rest_route=\/wp\/v2\/posts"}],"about":[{"href":"https:\/\/www.diarioimagen.net\/index.php?rest_route=\/wp\/v2\/types\/post"}],"author":[{"embeddable":true,"href":"https:\/\/www.diarioimagen.net\/index.php?rest_route=\/wp\/v2\/users\/3"}],"replies":[{"embeddable":true,"href":"https:\/\/www.diarioimagen.net\/index.php?rest_route=%2Fwp%2Fv2%2Fcomments&post=157230"}],"version-history":[{"count":0,"href":"https:\/\/www.diarioimagen.net\/index.php?rest_route=\/wp\/v2\/posts\/157230\/revisions"}],"wp:featuredmedia":[{"embeddable":true,"href":"https:\/\/www.diarioimagen.net\/index.php?rest_route=\/wp\/v2\/media\/157269"}],"wp:attachment":[{"href":"https:\/\/www.diarioimagen.net\/index.php?rest_route=%2Fwp%2Fv2%2Fmedia&parent=157230"}],"wp:term":[{"taxonomy":"category","embeddable":true,"href":"https:\/\/www.diarioimagen.net\/index.php?rest_route=%2Fwp%2Fv2%2Fcategories&post=157230"},{"taxonomy":"post_tag","embeddable":true,"href":"https:\/\/www.diarioimagen.net\/index.php?rest_route=%2Fwp%2Fv2%2Ftags&post=157230"}],"curies":[{"name":"wp","href":"https:\/\/api.w.org\/{rel}","templated":true}]}}