{"id":157277,"date":"2013-12-17T12:29:34","date_gmt":"2013-12-17T18:29:34","guid":{"rendered":"http:\/\/www.diarioimagen.net\/?p=157277"},"modified":"2013-12-18T07:47:12","modified_gmt":"2013-12-18T13:47:12","slug":"pemex-confia-en-que-tendra-inversion-privada-en-dos-o-tres-anos","status":"publish","type":"post","link":"https:\/\/www.diarioimagen.net\/?p=157277","title":{"rendered":"Pemex conf\u00eda en que tendr\u00e1 inversi\u00f3n privada en dos o tres a\u00f1os"},"content":{"rendered":"<ul>\n<li><em><strong>En el segundo semestre de 2014 se emprender\u00e1n conversaciones con entidades interesadas, revela la empresa paraestatal<\/strong><\/em><\/li>\n<\/ul>\n<div id=\"attachment_157278\" style=\"width: 250px\" class=\"wp-caption alignleft\"><img loading=\"lazy\" decoding=\"async\" aria-describedby=\"caption-attachment-157278\" class=\"size-medium wp-image-157278\" alt=\"La reforma energ\u00e9tica mexicana, aprobada la semana pasada por el Congreso mexicano y que cuenta ya con el aval de 20 poderes legislativos de los 31 estados del pa\u00eds, prev\u00e9 abrir la industria de hidrocarburos a empresas privadas.\" src=\"http:\/\/www.diarioimagen.net\/wp-content\/uploads\/2013\/12\/PEMEX-portal-240x135.jpg\" width=\"240\" height=\"135\" srcset=\"https:\/\/www.diarioimagen.net\/wp-content\/uploads\/2013\/12\/PEMEX-portal-240x135.jpg 240w, https:\/\/www.diarioimagen.net\/wp-content\/uploads\/2013\/12\/PEMEX-portal-420x236.jpg 420w, https:\/\/www.diarioimagen.net\/wp-content\/uploads\/2013\/12\/PEMEX-portal-235x132.jpg 235w, https:\/\/www.diarioimagen.net\/wp-content\/uploads\/2013\/12\/PEMEX-portal-202x114.jpg 202w, https:\/\/www.diarioimagen.net\/wp-content\/uploads\/2013\/12\/PEMEX-portal-350x196.jpg 350w, https:\/\/www.diarioimagen.net\/wp-content\/uploads\/2013\/12\/PEMEX-portal-220x123.jpg 220w, https:\/\/www.diarioimagen.net\/wp-content\/uploads\/2013\/12\/PEMEX-portal-237x132.jpg 237w, https:\/\/www.diarioimagen.net\/wp-content\/uploads\/2013\/12\/PEMEX-portal.jpg 480w\" sizes=\"auto, (max-width: 240px) 100vw, 240px\" \/><p id=\"caption-attachment-157278\" class=\"wp-caption-text\">La reforma energ\u00e9tica mexicana, aprobada la semana pasada por el Congreso mexicano y que cuenta ya con el aval de 20 poderes legislativos de los 31 estados del pa\u00eds, prev\u00e9 abrir la industria de hidrocarburos a empresas privadas.<\/p><\/div>\n<p><span style=\"line-height: 1.5em;\">El coordinador de asesores de Petr\u00f3leos Mexicanos (Pemex), Carlos Roa, confi\u00f3 este martes en que la reforma energ\u00e9tica mexicana atraer\u00e1 inversi\u00f3n privada en la industria petrolera a lo largo de 2014, lo que permitir\u00e1 \u00abtener beneficios en dos o tres a\u00f1os\u00bb.<\/span><\/p>\n<p><span style=\"line-height: 1.5em;\">Roa se\u00f1al\u00f3 que la primera mitad de 2014 se dedicar\u00e1 a \u00abterminar la parte normativa\u00bb, mientras que en el segundo semestre se emprender\u00e1n \u00abconversaciones con algunas entidades interesadas, ya sea que act\u00faen por su cuenta\u00bb o en colaboraci\u00f3n con Pemex.<\/span><\/p>\n<p><span style=\"line-height: 1.5em;\">Explic\u00f3 que el plazo establecido para desarrollar reglamentariamente la reforma es de 120 d\u00edas. \u00abEsperemos que el proceso siga su curso y se desarrolle en esos tiempo\u00bb, se\u00f1al\u00f3.<\/span><\/p>\n<p><span style=\"line-height: 1.5em;\">As\u00ed, el directivo conf\u00eda en que las primeras conversaciones con empresas privadas tengan lugar a lo largo de 2014 \u00abpara tener impactos en dos o tres a\u00f1os\u00bb, ya que \u00abhay que explorar, hay que estudiar, hay que perforar\u00bb, de manera que \u00ablos primeros incrementos (de producci\u00f3n) podr\u00e1n tomar alg\u00fan plazo\u00bb.<\/span><\/p>\n<p><span style=\"line-height: 1.5em;\">Subray\u00f3 que \u00abtodas (las empresas privadas) van a estar interesadas\u00bb en invertir en M\u00e9xico y que le \u00abgustar\u00eda\u00bb que tambi\u00e9n lo hiciera la petrolera espa\u00f1ola Repsol porque \u00abhay muchas cosas por hacer\u00bb en el pa\u00eds.<\/span><\/p>\n<p>&nbsp;<\/p>\n","protected":false},"excerpt":{"rendered":"<p>El coordinador de asesores de Petr\u00f3leos Mexicanos (Pemex), Carlos Roa, confi\u00f3 este martes en que la reforma energ\u00e9tica mexicana atraer\u00e1 inversi\u00f3n privada en la industria petrolera a lo largo de 2014, lo que permitir\u00e1 \u00abtener beneficios en dos o tres a\u00f1os\u00bb.<\/p>\n","protected":false},"author":5,"featured_media":157278,"comment_status":"open","ping_status":"open","sticky":false,"template":"","format":"standard","meta":{"_monsterinsights_skip_tracking":false,"_monsterinsights_sitenote_active":false,"_monsterinsights_sitenote_note":"","_monsterinsights_sitenote_category":0,"footnotes":""},"categories":[3],"tags":[292],"class_list":["post-157277","post","type-post","status-publish","format-standard","has-post-thumbnail","hentry","category-nacional","tag-pemex"],"_links":{"self":[{"href":"https:\/\/www.diarioimagen.net\/index.php?rest_route=\/wp\/v2\/posts\/157277","targetHints":{"allow":["GET"]}}],"collection":[{"href":"https:\/\/www.diarioimagen.net\/index.php?rest_route=\/wp\/v2\/posts"}],"about":[{"href":"https:\/\/www.diarioimagen.net\/index.php?rest_route=\/wp\/v2\/types\/post"}],"author":[{"embeddable":true,"href":"https:\/\/www.diarioimagen.net\/index.php?rest_route=\/wp\/v2\/users\/5"}],"replies":[{"embeddable":true,"href":"https:\/\/www.diarioimagen.net\/index.php?rest_route=%2Fwp%2Fv2%2Fcomments&post=157277"}],"version-history":[{"count":0,"href":"https:\/\/www.diarioimagen.net\/index.php?rest_route=\/wp\/v2\/posts\/157277\/revisions"}],"wp:featuredmedia":[{"embeddable":true,"href":"https:\/\/www.diarioimagen.net\/index.php?rest_route=\/wp\/v2\/media\/157278"}],"wp:attachment":[{"href":"https:\/\/www.diarioimagen.net\/index.php?rest_route=%2Fwp%2Fv2%2Fmedia&parent=157277"}],"wp:term":[{"taxonomy":"category","embeddable":true,"href":"https:\/\/www.diarioimagen.net\/index.php?rest_route=%2Fwp%2Fv2%2Fcategories&post=157277"},{"taxonomy":"post_tag","embeddable":true,"href":"https:\/\/www.diarioimagen.net\/index.php?rest_route=%2Fwp%2Fv2%2Ftags&post=157277"}],"curies":[{"name":"wp","href":"https:\/\/api.w.org\/{rel}","templated":true}]}}