{"id":157283,"date":"2013-12-17T12:34:35","date_gmt":"2013-12-17T18:34:35","guid":{"rendered":"http:\/\/www.diarioimagen.net\/?p=157283"},"modified":"2013-12-23T04:18:59","modified_gmt":"2013-12-23T10:18:59","slug":"zacatecas-se-congela-con-5-grados-bajo-cero-y-heladas","status":"publish","type":"post","link":"https:\/\/www.diarioimagen.net\/?p=157283","title":{"rendered":"Zacatecas se congela con 5 grados bajo cero y heladas"},"content":{"rendered":"<ul>\n<li><em><strong>El fr\u00edo m\u00e1s intenso en ese estado se registra a finales del a\u00f1o y en enero, por lo que la autoridad llama a la poblaci\u00f3n extremar precauciones<\/strong><\/em><\/li>\n<\/ul>\n<div id=\"attachment_157284\" style=\"width: 250px\" class=\"wp-caption alignleft\"><img loading=\"lazy\" decoding=\"async\" aria-describedby=\"caption-attachment-157284\" class=\"size-medium wp-image-157284\" alt=\"Especific\u00f3 que el fr\u00edo m\u00e1s intenso en Zacatecas se registra a finales del a\u00f1o y durante pr\u00e1cticamente todo enero, por lo que pidi\u00f3 a la poblaci\u00f3n extremar precauciones.\" src=\"http:\/\/www.diarioimagen.net\/wp-content\/uploads\/2013\/12\/FRIO-portal-240x135.jpg\" width=\"240\" height=\"135\" srcset=\"https:\/\/www.diarioimagen.net\/wp-content\/uploads\/2013\/12\/FRIO-portal-240x135.jpg 240w, https:\/\/www.diarioimagen.net\/wp-content\/uploads\/2013\/12\/FRIO-portal-420x236.jpg 420w, https:\/\/www.diarioimagen.net\/wp-content\/uploads\/2013\/12\/FRIO-portal-235x132.jpg 235w, https:\/\/www.diarioimagen.net\/wp-content\/uploads\/2013\/12\/FRIO-portal-202x114.jpg 202w, https:\/\/www.diarioimagen.net\/wp-content\/uploads\/2013\/12\/FRIO-portal-350x196.jpg 350w, https:\/\/www.diarioimagen.net\/wp-content\/uploads\/2013\/12\/FRIO-portal-220x123.jpg 220w, https:\/\/www.diarioimagen.net\/wp-content\/uploads\/2013\/12\/FRIO-portal-237x132.jpg 237w, https:\/\/www.diarioimagen.net\/wp-content\/uploads\/2013\/12\/FRIO-portal.jpg 480w\" sizes=\"auto, (max-width: 240px) 100vw, 240px\" \/><p id=\"caption-attachment-157284\" class=\"wp-caption-text\">Especific\u00f3 que el fr\u00edo m\u00e1s intenso en Zacatecas se registra a finales del a\u00f1o y durante pr\u00e1cticamente todo enero, por lo que pidi\u00f3 a la poblaci\u00f3n extremar precauciones.<\/p><\/div>\n<p><span style=\"line-height: 1.5em;\">La temperatura disminuy\u00f3 en las \u00faltimas horas en el territorio zacatecano, donde esta madrugada el term\u00f3metro marc\u00f3 5 grados bajo cero y se presentaron heladas ligeras en las sierras de Valpara\u00edso y Mazapil.<\/span><\/p>\n<p><span style=\"line-height: 1.5em;\">As\u00ed lo dieron a conocer por separado el jefe de Bomberos de Zacatecas, Juan Antonio Caldera Alan\u00eds, y la Comisi\u00f3n Nacional del Agua (Conagua), en su reporte meteorol\u00f3gico enviado este martes, con referencia a los efectos causados por el frente fr\u00edo n\u00famero 19.<\/span><\/p>\n<p><span style=\"line-height: 1.5em;\">En tanto que en Villa Gonz\u00e1lez Ortega y Ojocaliente el term\u00f3metro marc\u00f3 0.5 grados.<\/span><\/p>\n<p><span style=\"line-height: 1.5em;\">Esta madrugada el descenso de la temperatura lleg\u00f3 a menos 5 grados y tuvo lugar en el municipio de P\u00e1nfilo Natera, seguido de Genaro Codina, con menos 2.5 grados, y P\u00e1nuco con menos 2.<\/span><\/p>\n<p><span style=\"line-height: 1.5em;\">Asimismo, el informe del tiempo indic\u00f3 que en lugares como Miguel Auza y R\u00edo Grande se registraron temperaturas de menos un grado y en Juan Aldama, Pinos y Valpara\u00edso de cero grados cent\u00edgrados.<\/span><\/p>\n<p><span style=\"line-height: 1.5em;\">La Conagua se\u00f1al\u00f3 que las temperaturas m\u00ednimas para hoy oscilar\u00e1n entre menos cinco y 17 grados cent\u00edgrados, mientras que las m\u00e1ximas ser\u00e1n de nueve a 35 grados.<\/span><\/p>\n<p>&nbsp;<\/p>\n","protected":false},"excerpt":{"rendered":"<p>La temperatura disminuy\u00f3 en las \u00faltimas horas en el territorio zacatecano, donde esta madrugada el term\u00f3metro marc\u00f3 5 grados bajo cero y se presentaron heladas ligeras en las sierras de Valpara\u00edso y Mazapil.<\/p>\n","protected":false},"author":5,"featured_media":157284,"comment_status":"open","ping_status":"open","sticky":false,"template":"","format":"standard","meta":{"_monsterinsights_skip_tracking":false,"_monsterinsights_sitenote_active":false,"_monsterinsights_sitenote_note":"","_monsterinsights_sitenote_category":0,"footnotes":""},"categories":[17,3],"tags":[2095,53],"class_list":["post-157283","post","type-post","status-publish","format-standard","has-post-thumbnail","hentry","category-especiales","category-nacional","tag-heladas","tag-zacatecas"],"_links":{"self":[{"href":"https:\/\/www.diarioimagen.net\/index.php?rest_route=\/wp\/v2\/posts\/157283","targetHints":{"allow":["GET"]}}],"collection":[{"href":"https:\/\/www.diarioimagen.net\/index.php?rest_route=\/wp\/v2\/posts"}],"about":[{"href":"https:\/\/www.diarioimagen.net\/index.php?rest_route=\/wp\/v2\/types\/post"}],"author":[{"embeddable":true,"href":"https:\/\/www.diarioimagen.net\/index.php?rest_route=\/wp\/v2\/users\/5"}],"replies":[{"embeddable":true,"href":"https:\/\/www.diarioimagen.net\/index.php?rest_route=%2Fwp%2Fv2%2Fcomments&post=157283"}],"version-history":[{"count":0,"href":"https:\/\/www.diarioimagen.net\/index.php?rest_route=\/wp\/v2\/posts\/157283\/revisions"}],"wp:featuredmedia":[{"embeddable":true,"href":"https:\/\/www.diarioimagen.net\/index.php?rest_route=\/wp\/v2\/media\/157284"}],"wp:attachment":[{"href":"https:\/\/www.diarioimagen.net\/index.php?rest_route=%2Fwp%2Fv2%2Fmedia&parent=157283"}],"wp:term":[{"taxonomy":"category","embeddable":true,"href":"https:\/\/www.diarioimagen.net\/index.php?rest_route=%2Fwp%2Fv2%2Fcategories&post=157283"},{"taxonomy":"post_tag","embeddable":true,"href":"https:\/\/www.diarioimagen.net\/index.php?rest_route=%2Fwp%2Fv2%2Ftags&post=157283"}],"curies":[{"name":"wp","href":"https:\/\/api.w.org\/{rel}","templated":true}]}}