{"id":157304,"date":"2013-12-18T00:04:02","date_gmt":"2013-12-18T06:04:02","guid":{"rendered":"http:\/\/www.diarioimagen.net\/?p=157304"},"modified":"2013-12-23T01:40:20","modified_gmt":"2013-12-23T07:40:20","slug":"leyes-secundarias-de-reforma-energetica-en-febrero-sener","status":"publish","type":"post","link":"https:\/\/www.diarioimagen.net\/?p=157304","title":{"rendered":"Leyes secundarias de reforma energ\u00e9tica, en febrero: Sener"},"content":{"rendered":"<ul>\n<li><em><b style=\"line-height: 1.5em;\">Si no, los cambios ser\u00e1n cosm\u00e9ticos: Coparmex<\/b><\/em><\/li>\n<\/ul>\n<p>&nbsp;<\/p>\n<div id=\"attachment_157305\" style=\"width: 250px\" class=\"wp-caption alignleft\"><a href=\"http:\/\/www.diarioimagen.net\/wp-content\/uploads\/2013\/12\/COPARMEX-PORTAL.jpg\"><img loading=\"lazy\" decoding=\"async\" aria-describedby=\"caption-attachment-157305\" class=\"size-medium wp-image-157305\" alt=\"En febrero de 2014 estar\u00e1 lista la norma secundaria de la reforma energ\u00e9tica, inform\u00f3 el subsecretario de Energ\u00eda, Enrique Ochoa.\" src=\"http:\/\/www.diarioimagen.net\/wp-content\/uploads\/2013\/12\/COPARMEX-PORTAL-240x135.jpg\" width=\"240\" height=\"135\" srcset=\"https:\/\/www.diarioimagen.net\/wp-content\/uploads\/2013\/12\/COPARMEX-PORTAL-240x135.jpg 240w, https:\/\/www.diarioimagen.net\/wp-content\/uploads\/2013\/12\/COPARMEX-PORTAL-420x236.jpg 420w, https:\/\/www.diarioimagen.net\/wp-content\/uploads\/2013\/12\/COPARMEX-PORTAL-235x132.jpg 235w, https:\/\/www.diarioimagen.net\/wp-content\/uploads\/2013\/12\/COPARMEX-PORTAL-202x114.jpg 202w, https:\/\/www.diarioimagen.net\/wp-content\/uploads\/2013\/12\/COPARMEX-PORTAL-350x196.jpg 350w, https:\/\/www.diarioimagen.net\/wp-content\/uploads\/2013\/12\/COPARMEX-PORTAL-220x123.jpg 220w, https:\/\/www.diarioimagen.net\/wp-content\/uploads\/2013\/12\/COPARMEX-PORTAL-237x132.jpg 237w, https:\/\/www.diarioimagen.net\/wp-content\/uploads\/2013\/12\/COPARMEX-PORTAL.jpg 480w\" sizes=\"auto, (max-width: 240px) 100vw, 240px\" \/><\/a><p id=\"caption-attachment-157305\" class=\"wp-caption-text\">En febrero de 2014 estar\u00e1 lista la norma secundaria de la reforma energ\u00e9tica, inform\u00f3 el subsecretario de Energ\u00eda, Enrique Ochoa.<\/p><\/div>\n<p>La reducci\u00f3n de la tarifa el\u00e9ctrica, como uno de los beneficios de la reforma energ\u00e9tica, se concretar\u00e1 hasta que se expida la legislaci\u00f3n secundaria, dijo el subsecretario de Hidrocarburos de la Secretar\u00eda de Energ\u00eda, Enrique Ochoa. Advirti\u00f3 que por s\u00ed sola dicha reforma es insuficiente.<\/p>\n<p>El funcionario adelant\u00f3 que este marco jur\u00eddico estar\u00e1 listo en febrero de 2014. En la legislaci\u00f3n secundaria se detallar\u00e1n las reglas que regir\u00e1n la operaci\u00f3n de las empresas para llevar a cabo la exploraci\u00f3n, explotaci\u00f3n, y producci\u00f3n de gas y petr\u00f3leo. As\u00ed como, la refinaci\u00f3n de petrol\u00edferos.<\/p>\n<p>Dijo que en M\u00e9xico, al importar la tercera parte del gas natural que se requiere para suministrar el energ\u00e9tico a las plantas de generaci\u00f3n el\u00e9ctrica, el costo de producci\u00f3n se eleva; y en consecuencia el de las tarifas el\u00e9ctricas que pagan los usuarios finales.<\/p>\n<p>Explic\u00f3 que si Pemex produce m\u00e1s gas natural para atender la demanda del mercado nacional, lo m\u00e1s l\u00f3gico es que el costo del hidrocarburos baje. En consecuencia, el costo de producci\u00f3n\u00a0 de la energ\u00eda el\u00e9ctrica ser\u00e1 menor\u00b4. Este efecto se ver\u00e1 reflejad en la tarifa el\u00e9ctrica.<\/p>\n<p>Respecto a la primera producci\u00f3n que arrojen los activos de Pemex a partir de la reforma energ\u00e9tica, Enrique Ochoa mencion\u00f3 que si la producci\u00f3n proviene de aguas profundas pasar\u00e1n entre ocho y diez a\u00f1os. Pero si provienen de las zonas de shale gas probablemente ser\u00e1 en dos o tres a\u00f1os.<\/p>\n<p>Por su parte, el presidente de la Coparmex, Juan Pablo Casta\u00f1\u00f3n, consider\u00f3 que el verdadero reto de 2014 son las leyes secundarias de las reformas estructurales aprobadas este a\u00f1o, de lo contrario ser\u00e1n modificaciones cosm\u00e9ticas.<\/p>\n<p>A pesar de que en 2013 el Congreso de la Uni\u00f3n llev\u00f3 a cabo transformaciones hist\u00f3ricas a trav\u00e9s de las llamadas reformas estructurales, el reto para el 2014 ser\u00e1 consolidar estos cambios con la instrumentaci\u00f3n de las leyes secundarias para una transformaci\u00f3n del pa\u00eds lo m\u00e1s r\u00e1pido posible, manifest\u00f3.<\/p>\n<p>Pidi\u00f3 que \u201ccon el mismo \u00edmpetu con que se votaron y discutieron las reformas constitucionales deben aprobarse las leyes secundarias que se necesitan para operar, y transformar la realidad\u201d.<\/p>\n","protected":false},"excerpt":{"rendered":"<p>La reducci\u00f3n de la tarifa el\u00e9ctrica, como uno de los beneficios de la reforma energ\u00e9tica, se concretar\u00e1 hasta que se expida la legislaci\u00f3n secundaria, dijo el subsecretario de Hidrocarburos de la Secretar\u00eda de Energ\u00eda, Enrique Ochoa. Advirti\u00f3 que por s\u00ed sola dicha reforma es insuficiente. <\/p>\n","protected":false},"author":5,"featured_media":157305,"comment_status":"open","ping_status":"open","sticky":false,"template":"","format":"standard","meta":{"_monsterinsights_skip_tracking":false,"_monsterinsights_sitenote_active":false,"_monsterinsights_sitenote_note":"","_monsterinsights_sitenote_category":0,"footnotes":""},"categories":[17,3],"tags":[43673,26447,27700],"class_list":["post-157304","post","type-post","status-publish","format-standard","has-post-thumbnail","hentry","category-especiales","category-nacional","tag-nacional","tag-reforma-energetica","tag-sener"],"_links":{"self":[{"href":"https:\/\/www.diarioimagen.net\/index.php?rest_route=\/wp\/v2\/posts\/157304","targetHints":{"allow":["GET"]}}],"collection":[{"href":"https:\/\/www.diarioimagen.net\/index.php?rest_route=\/wp\/v2\/posts"}],"about":[{"href":"https:\/\/www.diarioimagen.net\/index.php?rest_route=\/wp\/v2\/types\/post"}],"author":[{"embeddable":true,"href":"https:\/\/www.diarioimagen.net\/index.php?rest_route=\/wp\/v2\/users\/5"}],"replies":[{"embeddable":true,"href":"https:\/\/www.diarioimagen.net\/index.php?rest_route=%2Fwp%2Fv2%2Fcomments&post=157304"}],"version-history":[{"count":0,"href":"https:\/\/www.diarioimagen.net\/index.php?rest_route=\/wp\/v2\/posts\/157304\/revisions"}],"wp:featuredmedia":[{"embeddable":true,"href":"https:\/\/www.diarioimagen.net\/index.php?rest_route=\/wp\/v2\/media\/157305"}],"wp:attachment":[{"href":"https:\/\/www.diarioimagen.net\/index.php?rest_route=%2Fwp%2Fv2%2Fmedia&parent=157304"}],"wp:term":[{"taxonomy":"category","embeddable":true,"href":"https:\/\/www.diarioimagen.net\/index.php?rest_route=%2Fwp%2Fv2%2Fcategories&post=157304"},{"taxonomy":"post_tag","embeddable":true,"href":"https:\/\/www.diarioimagen.net\/index.php?rest_route=%2Fwp%2Fv2%2Ftags&post=157304"}],"curies":[{"name":"wp","href":"https:\/\/api.w.org\/{rel}","templated":true}]}}