{"id":157314,"date":"2013-12-18T00:13:43","date_gmt":"2013-12-18T06:13:43","guid":{"rendered":"http:\/\/www.diarioimagen.net\/?p=157314"},"modified":"2014-02-05T04:10:41","modified_gmt":"2014-02-05T10:10:41","slug":"eav-reconoce-la-labor-de-pena-nieto","status":"publish","type":"post","link":"https:\/\/www.diarioimagen.net\/?p=157314","title":{"rendered":"EAV reconoce la labor de Pe\u00f1a Nieto"},"content":{"rendered":"<h2>Arco Norte<\/h2>\n<h5>Jos\u00e9 Luis Monta\u00f1ez Aguilar<\/h5>\n<p><span>\u00a0<\/span><\/p>\n<div id=\"attachment_157355\" style=\"width: 250px\" class=\"wp-caption alignleft\"><a href=\"http:\/\/www.diarioimagen.net\/wp-content\/uploads\/2013\/12\/arco-2253.jpg\"><img loading=\"lazy\" decoding=\"async\" aria-describedby=\"caption-attachment-157355\" class=\"size-medium wp-image-157355\" alt=\"Eruviel \u00c1vila Villegas, gobernador del Estado de M\u00e9xico.\" src=\"http:\/\/www.diarioimagen.net\/wp-content\/uploads\/2013\/12\/arco-2253-240x135.jpg\" width=\"240\" height=\"135\" srcset=\"https:\/\/www.diarioimagen.net\/wp-content\/uploads\/2013\/12\/arco-2253-240x135.jpg 240w, https:\/\/www.diarioimagen.net\/wp-content\/uploads\/2013\/12\/arco-2253-420x236.jpg 420w, https:\/\/www.diarioimagen.net\/wp-content\/uploads\/2013\/12\/arco-2253-235x132.jpg 235w, https:\/\/www.diarioimagen.net\/wp-content\/uploads\/2013\/12\/arco-2253-202x114.jpg 202w, https:\/\/www.diarioimagen.net\/wp-content\/uploads\/2013\/12\/arco-2253-350x196.jpg 350w, https:\/\/www.diarioimagen.net\/wp-content\/uploads\/2013\/12\/arco-2253-220x123.jpg 220w, https:\/\/www.diarioimagen.net\/wp-content\/uploads\/2013\/12\/arco-2253-237x132.jpg 237w, https:\/\/www.diarioimagen.net\/wp-content\/uploads\/2013\/12\/arco-2253.jpg 480w\" sizes=\"auto, (max-width: 240px) 100vw, 240px\" \/><\/a><p id=\"caption-attachment-157355\" class=\"wp-caption-text\">Eruviel \u00c1vila Villegas, gobernador del Estado de M\u00e9xico.<\/p><\/div>\n<p><span>Por pensar y actuar en beneficio de los mexicanos al impulsar\u00a0 las reformas estructurales que detonar\u00e1n el desarrollo econ\u00f3mico del pa\u00eds, las cuales en s\u00f3lo un a\u00f1o se concretaron con el impulso y la capacidad de negociaci\u00f3n del presidente Enrique Pe\u00f1a, el gobernador del Estado de M\u00e9xico, Eruviel \u00c1vila, hizo un reconocimiento al primer mandatario y a los integrantes de las distintas fuerzas pol\u00edticas. \u201cEl pr\u00f3ximo a\u00f1o estaremos cerrando filas con nuestro presidente de la Rep\u00fablica, con Enrique Pe\u00f1a Nieto, que en este primer a\u00f1o ha impulsado reformas para beneficio de todo nuestro pa\u00eds, varias de ellas habr\u00e1n de dar frutos y dar ya sus beneficios a partir de 2014, de 2015 y a\u00f1os venideros; por eso le reconocemos a nuestro presidente esta labor tan importante, que en tan s\u00f3lo un a\u00f1o de gobierno ha logrado reformas con su liderazgo, con su capacidad de negociaci\u00f3n, que durante d\u00e9cadas los mexicanos hab\u00edamos esperado. Y tambi\u00e9n quiero dejar claro mi reconocimiento a todas las fuerzas pol\u00edticas que actuaron y pensaron por los mexicanos y que apoyaron estas reformas estructurales\u201d, indic\u00f3. Al entregar est\u00edmulos y recompensas a servidores p\u00fablicos que destacaron en su quehacer diario y 11 reconocimientos al valor heroico,\u00a0 el gobernador se\u00f1al\u00f3 que los resultados que arrojen estas reformas estructurales, como la energ\u00e9tica, permitir\u00e1n a M\u00e9xico ser m\u00e1s competitivo en el \u00e1mbito internacional, comercial y empresarial, como lo han destacado observadores internacionales, diversos especialistas en el mundo y el diario <i>Washington Post<\/i>, quienes observan a nuestro pa\u00eds como un caso de \u00e9xito e innovaci\u00f3n. Agreg\u00f3 que a estos esfuerzos se sumar\u00e1 el trabajo permanente del gobierno del Estado de M\u00e9xico para realizar obras de infraestructura, educaci\u00f3n y salud en la entidad, para atraer m\u00e1s empresas.<\/span><\/p>\n<p><em><\/em><em><a href=\"mailto:montanezaguilar@gmail.com\" target=\"_blank\">montanezaguilar@gmail.com<\/a><\/em><\/p>\n","protected":false},"excerpt":{"rendered":"<p><span style=\"color: #005497;\"><strong>Jos\u00e9 Luis Monta\u00f1ez Aguilar<\/strong><\/span><br \/>\n<br \/>\nPor pensar y actuar en beneficio de los mexicanos al impulsar  las reformas estructurales que detonar\u00e1n el desarrollo econ\u00f3mico del pa\u00eds, las cuales en s\u00f3lo un a\u00f1o se concretaron con el impulso y la capacidad de negociaci\u00f3n del presidente Enrique Pe\u00f1a, el gobernador del Estado de M\u00e9xico, Eruviel \u00c1vila, hizo un reconocimiento al primer mandatario y a los integrantes de las distintas fuerzas pol\u00edticas.<\/p>\n","protected":false},"author":3,"featured_media":157355,"comment_status":"open","ping_status":"open","sticky":false,"template":"","format":"standard","meta":{"_monsterinsights_skip_tracking":false,"_monsterinsights_sitenote_active":false,"_monsterinsights_sitenote_note":"","_monsterinsights_sitenote_category":0,"footnotes":""},"categories":[11622],"tags":[13284,43704],"class_list":["post-157314","post","type-post","status-publish","format-standard","has-post-thumbnail","hentry","category-jose-luis-montanez-aguilar","tag-arco-norte","tag-jose-luis-montanez-aguilar"],"_links":{"self":[{"href":"https:\/\/www.diarioimagen.net\/index.php?rest_route=\/wp\/v2\/posts\/157314","targetHints":{"allow":["GET"]}}],"collection":[{"href":"https:\/\/www.diarioimagen.net\/index.php?rest_route=\/wp\/v2\/posts"}],"about":[{"href":"https:\/\/www.diarioimagen.net\/index.php?rest_route=\/wp\/v2\/types\/post"}],"author":[{"embeddable":true,"href":"https:\/\/www.diarioimagen.net\/index.php?rest_route=\/wp\/v2\/users\/3"}],"replies":[{"embeddable":true,"href":"https:\/\/www.diarioimagen.net\/index.php?rest_route=%2Fwp%2Fv2%2Fcomments&post=157314"}],"version-history":[{"count":0,"href":"https:\/\/www.diarioimagen.net\/index.php?rest_route=\/wp\/v2\/posts\/157314\/revisions"}],"wp:featuredmedia":[{"embeddable":true,"href":"https:\/\/www.diarioimagen.net\/index.php?rest_route=\/wp\/v2\/media\/157355"}],"wp:attachment":[{"href":"https:\/\/www.diarioimagen.net\/index.php?rest_route=%2Fwp%2Fv2%2Fmedia&parent=157314"}],"wp:term":[{"taxonomy":"category","embeddable":true,"href":"https:\/\/www.diarioimagen.net\/index.php?rest_route=%2Fwp%2Fv2%2Fcategories&post=157314"},{"taxonomy":"post_tag","embeddable":true,"href":"https:\/\/www.diarioimagen.net\/index.php?rest_route=%2Fwp%2Fv2%2Ftags&post=157314"}],"curies":[{"name":"wp","href":"https:\/\/api.w.org\/{rel}","templated":true}]}}