{"id":157321,"date":"2013-12-18T00:07:23","date_gmt":"2013-12-18T06:07:23","guid":{"rendered":"http:\/\/www.diarioimagen.net\/?p=157321"},"modified":"2013-12-23T01:42:16","modified_gmt":"2013-12-23T07:42:16","slug":"resueltas-las-reformas-para-que-sirve-el-pacto","status":"publish","type":"post","link":"https:\/\/www.diarioimagen.net\/?p=157321","title":{"rendered":"Resueltas las reformas, \u00bfpara qu\u00e9 sirve el Pacto?"},"content":{"rendered":"<h2>Tras la puerta del poder<\/h2>\n<h5>Roberto Vizca\u00edno<\/h5>\n<p>&nbsp;<\/p>\n<ul>\n<li><em><strong>Madero y Zambrano perdieron el piso y comenzaron a jalarlo para lo que no estaba previsto<\/strong><\/em><\/li>\n<li><em><strong>Los dos le exigieron hacer cosas a Pe\u00f1a Nieto que ya no son posibles, como quitar a un gobernador<\/strong><\/em><\/li>\n<li><em><strong>\u00a0Al salirse el PRD del acuerdo, las izquierdas reinstalaron la cohabitaci\u00f3n del PRI y PAN<\/strong><\/em><\/li>\n<\/ul>\n<div id=\"attachment_157361\" style=\"width: 250px\" class=\"wp-caption alignleft\"><a href=\"http:\/\/www.diarioimagen.net\/wp-content\/uploads\/2013\/12\/LOS-PINOS-trizas-2253.jpg\"><img loading=\"lazy\" decoding=\"async\" aria-describedby=\"caption-attachment-157361\" class=\"size-medium wp-image-157361\" alt=\"Los Pinos\u2026 | Trizas\" src=\"http:\/\/www.diarioimagen.net\/wp-content\/uploads\/2013\/12\/LOS-PINOS-trizas-2253-240x198.jpg\" width=\"240\" height=\"198\" srcset=\"https:\/\/www.diarioimagen.net\/wp-content\/uploads\/2013\/12\/LOS-PINOS-trizas-2253-240x198.jpg 240w, https:\/\/www.diarioimagen.net\/wp-content\/uploads\/2013\/12\/LOS-PINOS-trizas-2253-420x347.jpg 420w, https:\/\/www.diarioimagen.net\/wp-content\/uploads\/2013\/12\/LOS-PINOS-trizas-2253.jpg 700w\" sizes=\"auto, (max-width: 240px) 100vw, 240px\" \/><\/a><p id=\"caption-attachment-157361\" class=\"wp-caption-text\">Los Pinos\u2026 | Trizas<\/p><\/div>\n<p>A un a\u00f1o de haberse constituido, una vez cumplidas sus reformas fundamentales, parece que el Pacto por M\u00e9xico entr\u00f3 en coma\u2026 y todo indica que est\u00e1 a un paso de su disoluci\u00f3n.<\/p>\n<p>En estos \u00faltimos 12 meses, mucho es lo que se ha dicho y escrito sobre este mecanismo de negociaci\u00f3n y acuerdos.<\/p>\n<p>Mucho m\u00e1s es lo que han hecho a su alrededor sus opositores.<\/p>\n<p>Lo \u00fanico cierto es que, cualesquiera que fuesen las motivaciones y objetivos partidarios e individuales o ideol\u00f3gicos de quienes lo firmaron y participaron en \u00e9l desde la oposici\u00f3n, y hablo de la dirigencia del PAN encabezada por Gustavo Madero y de la presidida por Jes\u00fas Zambrano en el PRD, esencialmente, el Pacto por M\u00e9xico ha sido el m\u00e1s efectivo y productivo mecanismo de reformas estructurales desde los a\u00f1os de la pre-revoluci\u00f3n.<\/p>\n<p>El largo per\u00edodo de los presidentes pri\u00edstas, desde L\u00e1zaro C\u00e1rdenas hasta Ernesto Zedillo transit\u00f3 con Congresos absolutos. Lo que quer\u00edan se les cumpl\u00eda.<\/p>\n<p>Fue a partir de 1997, en la parte final del r\u00e9gimen de Zedillo, que todo cambi\u00f3 y desde entonces el Congreso vive legislaturas divididas. Ninguna fuerza ni partido tienen mayor\u00edas que por s\u00ed solas puedan sacar adelante ninguna ley o reforma.<\/p>\n<p>Antes de Zedillo ning\u00fan presidente necesit\u00f3 ning\u00fan pacto. Luego de \u00e9l nadie lo hab\u00eda logrado.<\/p>\n<p>Una vez constituido el 2 de diciembre del a\u00f1o pasado en el Castillo de Chapultepec, el Pacto por M\u00e9xico fue convertido por Madero y Zambrano en el ung\u00fcento de San Jorge.<\/p>\n<p>Lo mismo serv\u00eda para negociar reformas, que para someter a gobernadores manos largas y como tribunal sancionador de elecciones o como espantap\u00e1jaros de mapaches.<\/p>\n<p>Dentro del Pacto por M\u00e9xico Zambrano y Madero le exig\u00edan al presidente Enrique Pe\u00f1a Nieto tomar decisiones al modo del viejo presidencialismo que fuera del Pacto dec\u00edan repudiaban por ser antidemocr\u00e1ticas.<\/p>\n<p>El primer caso en que el Pacto por M\u00e9xico se traslad\u00f3 de un mecanismo de negociaci\u00f3n de acuerdos para avanzar en reformas, a ser un tribunal de la santa inquisici\u00f3n opositora panista y perredista fue el de las mapacher\u00edas en los comicios de Veracruz.<\/p>\n<p>Basadas en percepciones y presentadas por el impresentable de Miguel \u00c1ngel Yunes Linares, las \u201cpruebas\u201d del supuesto intento de fraude llevaron al presidente de Acci\u00f3n Nacional, Gustavo Madero, a exigirle a Pe\u00f1a Nieto no s\u00f3lo el cese inmediato de la secretaria de Desarrollo Social, Rosario Robles, sino la defenestraci\u00f3n del gobernador Javier Duarte y meter a la c\u00e1rcel a una treintena de delegados y otros operadores electorales, especialmente del PRI.<\/p>\n<p>A esta campa\u00f1a se uni\u00f3 de inmediato Jes\u00fas Zambrano del PRD.<\/p>\n<p>Pero el caso es que el presidente Pe\u00f1a Nieto no puede remover a ning\u00fan gobernador ni tampoco meter a nadie a la c\u00e1rcel por\u00a0 percepciones caprichosas.<\/p>\n<p>Madero y Zambrano amenazaron con salirse del Pacto en caso de no ser complacidos por Pe\u00f1a.<\/p>\n<p>Las reformas apenas comenzaban a fluir y el Presidente de la Rep\u00fablica acudi\u00f3 a la firma de un Adendum al Pacto. Fue la aplicaci\u00f3n de la vieja f\u00f3rmula de darles atole con el dedo.<\/p>\n<p>La verdad es que el Pacto por M\u00e9xico fue y ha sido una tabla de salvaci\u00f3n para Madero y Zambrano.<\/p>\n<p>El voto de los mexicanos expresado el domingo 1 de julio de 2012, no s\u00f3lo sac\u00f3 de Los Pinos al PAN, sino que lo env\u00edo a un lejano tercer lugar. En el caso del PRD este proceso fue devastador, pues lo disminuy\u00f3 a casi la mitad de lo que ten\u00eda en el Senado y la C\u00e1mara de Diputados.<\/p>\n<p>Al suscribir el Pacto por M\u00e9xico, el presidente Enrique Pe\u00f1a Nieto no s\u00f3lo los levant\u00f3 de la lona comicial y pol\u00edtica, sino que los meti\u00f3 a Los Pinos y les puso sillas al lado de la suya en la gran mesa del poder.<\/p>\n<p>Y Madero y Zambrano se obnubilaron, perdieron el piso y la humildad. Se creyeron y actuaron como si fuesen indispensables.<\/p>\n<p>Pe\u00f1a los pastore\u00f3.<\/p>\n<p>Con su falta de madurez e inteligencia pol\u00edtica ellos mismos pr\u00e1cticamente enterraron ya al Pacto. No tuvieron ni la sensibilidad ni la visi\u00f3n para mantenerlo como \u201cel mecanismo de la m\u00e1s alta negociaci\u00f3n del poder del Estado\u201d para luego convertirlo en una natural correa de transmisi\u00f3n de acuerdos entre las m\u00e1s importantes corrientes pol\u00edticas del pa\u00eds.<\/p>\n<p>Los hechos indican que apenas logr\u00f3 cumplir a estirones y con las reformas estructurales &#8211;\u201ctransformadoras\u201d, las califica Pe\u00f1a Nieto&#8211;, m\u00e1s importantes y que despu\u00e9s de eso no es posible nada m\u00e1s.<\/p>\n<p>Sin el PRD &#8211;un partido fracturado y confrontado internamente por sus tribus que se canibalizan todos los d\u00edas y en todas sus acciones&#8211;, el Pacto se ha convertido en una cohabitaci\u00f3n pol\u00edtica entre PRI y PAN.<\/p>\n<p>Nada nuevo. Eso mismo vienen siendo ambos partidos (PRI y PAN) desde las elecciones de 1988 cuando Acci\u00f3n Nacional, liderado por Luis H. \u00c1lvarez y Cecilia Romero &#8211;y con la intermediaci\u00f3n dominante y determinante del \u201cJefe\u201d Diego Fern\u00e1ndez de Cevallos&#8211;, negoci\u00f3 legitimar a Carlos Salinas a cambio de algunas reformas. Como ahora, pues.<\/p>\n<p>Al salir del m\u00e1s alto mecanismo de negociaci\u00f3n pol\u00edtica en el que nunca antes hayan participado, las dirigencias del PRD se trasladan de nuevo a las calles de M\u00e9xico, a mandar a hacer ruido y dar cacerolazos a las vallas de las polic\u00edas, a realizar marchas y plantones. Por cierto, las cacerolas fueron utilizadas por primera vez como herramientas de la protesta social por las derechas chilena y argentina en los a\u00f1os de las dictaduras. Ni siquiera en eso han sido originales estos remedos de la izquierda mexicana.<\/p>\n<p>En este contexto el Pacto por M\u00e9xico es quiz\u00e1 ya un lastre para el presidente Enrique Pe\u00f1a Nieto, su partido el PRI y su gobierno.<\/p>\n<p align=\"center\">\u00a0<b>CAMBIO DE SISTEMA<\/b><\/p>\n<p>Las reformas laboral, judicial, educativa, financiera, de telecomunicaciones, hacendaria y fiscal, pol\u00edtica y energ\u00e9tica han creado un nuevo Sistema Econ\u00f3mico, Pol\u00edtico y Social en M\u00e9xico.<\/p>\n<p>Pocos parecen darse cuenta de esto porque todav\u00eda no hay leyes secundarias que las bajen a las relaciones entre los ciudadanos y el gobierno.<\/p>\n<p>Pero estas reformas han creado, de entrada, un nuevo marco social al establecer un Sistema Universal de Seguridad Social con acceso universal a la salud (en lo adelante cualquier mexicano deber\u00e1 ser atendido por el s\u00f3lo hecho de haber nacido aqu\u00ed y no por su situaci\u00f3n laboral, como ocurri\u00f3 durante las d\u00e9cadas); habr\u00e1 pensi\u00f3n por vejez y por desempleo y seguro de vida a madres solteras as\u00ed como un robusto sistema de becas para estudiantes. Se ampliar\u00e1 el acceso a la vivienda y operar\u00e1 un sistema de emprendedores para asesorar, conducir y financiar especialmente a j\u00f3venes &#8211;universitarios o no&#8211; en la creaci\u00f3n de empresas y desarrollo de proyectos productivos.<\/p>\n<p>De igual forma han creado un nuevo sistema econ\u00f3mico al ampliar el impacto de recaudaci\u00f3n fiscal y establecer un programa para la disminuci\u00f3n del comercio informal. Redujo los beneficios a los grandes capitales y las grandes empresas y les aplic\u00f3 tasas impositivas mayores bajo el principio de que quien gana m\u00e1s, paga m\u00e1s.<\/p>\n<p>Y finalmente cre\u00f3 un nuevo marco pol\u00edtico electoral con una reforma que crea el instituto nacional electoral que operar\u00e1 los comicios en todo el pa\u00eds rest\u00e1ndoles fuerza a los gobernadores.<\/p>\n<p>Este nuevo sistema pol\u00edtico restaura la reelecci\u00f3n consecutiva en M\u00e9xico, hasta el momento s\u00f3lo aplicable a senadores, diputados y alcaldes pero que bien podr\u00eda ampliarse en los pr\u00f3ximos a\u00f1os al Presidente de la Rep\u00fablica y los gobernadores.<\/p>\n<p>De igual forma, empodera a los ciudadanos al abrirle la puerta a las candidaturas ciudadanas y al establecer la paridad de g\u00e9nero en el acceso a las candidaturas.<\/p>\n<p>En fin, las reformas alcanzadas dentro del Pacto por M\u00e9xico y bajo la evidente voluntad del presidente de la Rep\u00fablica, Enrique Pe\u00f1a Nieto, se han cumplido y s\u00f3lo falta sacar las leyes secundarias para que comiencen a modificar el rostro de las relaciones de todo tipo en el pa\u00eds.<\/p>\n<p>Estas leyes secundarias ya no requieren de mayor\u00edas calificadas, es decir de las dos terceras partes en el Senado y la C\u00e1mara de Diputados, sino que pueden ser aprobadas por mayor\u00edas simples, la mitad m\u00e1s uno. Es decir, ya no se requiere pr\u00e1cticamente del PRD y quiz\u00e1 en algunos casos ni del PAN.<\/p>\n<p>Todo esto determinar\u00e1 el futuro del Pacto por M\u00e9xico.<\/p>\n<p><em><a href=\"mailto:rvizcainoa@gmail.com\">rvizcainoa@gmail.com<\/a><\/em><\/p>\n","protected":false},"excerpt":{"rendered":"<p><span style=\"color: #005497;\"><strong>Roberto Vizca\u00edno<\/strong><\/span><br \/>\n<br \/>\nA un a\u00f1o de haberse constituido, una vez cumplidas sus reformas fundamentales, parece que el Pacto por M\u00e9xico entr\u00f3 en coma\u2026 y todo indica que est\u00e1 a un paso de su disoluci\u00f3n.<\/p>\n","protected":false},"author":3,"featured_media":157361,"comment_status":"open","ping_status":"open","sticky":false,"template":"","format":"standard","meta":{"_monsterinsights_skip_tracking":false,"_monsterinsights_sitenote_active":false,"_monsterinsights_sitenote_note":"","_monsterinsights_sitenote_category":0,"footnotes":""},"categories":[136],"tags":[18,43674,25488,91,211,362,93,94],"class_list":["post-157321","post","type-post","status-publish","format-standard","has-post-thumbnail","hentry","category-roberto-vizcaino-opinion","tag-enrique-pena-nieto","tag-opinion","tag-pacto-por-mexico","tag-pan","tag-prd","tag-pri","tag-roberto-vizcaino","tag-tras-la-puerta-del-poder"],"_links":{"self":[{"href":"https:\/\/www.diarioimagen.net\/index.php?rest_route=\/wp\/v2\/posts\/157321","targetHints":{"allow":["GET"]}}],"collection":[{"href":"https:\/\/www.diarioimagen.net\/index.php?rest_route=\/wp\/v2\/posts"}],"about":[{"href":"https:\/\/www.diarioimagen.net\/index.php?rest_route=\/wp\/v2\/types\/post"}],"author":[{"embeddable":true,"href":"https:\/\/www.diarioimagen.net\/index.php?rest_route=\/wp\/v2\/users\/3"}],"replies":[{"embeddable":true,"href":"https:\/\/www.diarioimagen.net\/index.php?rest_route=%2Fwp%2Fv2%2Fcomments&post=157321"}],"version-history":[{"count":0,"href":"https:\/\/www.diarioimagen.net\/index.php?rest_route=\/wp\/v2\/posts\/157321\/revisions"}],"wp:featuredmedia":[{"embeddable":true,"href":"https:\/\/www.diarioimagen.net\/index.php?rest_route=\/wp\/v2\/media\/157361"}],"wp:attachment":[{"href":"https:\/\/www.diarioimagen.net\/index.php?rest_route=%2Fwp%2Fv2%2Fmedia&parent=157321"}],"wp:term":[{"taxonomy":"category","embeddable":true,"href":"https:\/\/www.diarioimagen.net\/index.php?rest_route=%2Fwp%2Fv2%2Fcategories&post=157321"},{"taxonomy":"post_tag","embeddable":true,"href":"https:\/\/www.diarioimagen.net\/index.php?rest_route=%2Fwp%2Fv2%2Ftags&post=157321"}],"curies":[{"name":"wp","href":"https:\/\/api.w.org\/{rel}","templated":true}]}}