{"id":157363,"date":"2013-12-18T00:12:37","date_gmt":"2013-12-18T06:12:37","guid":{"rendered":"http:\/\/www.diarioimagen.net\/?p=157363"},"modified":"2013-12-23T01:42:16","modified_gmt":"2013-12-23T07:42:16","slug":"el-rector-de-la-uaem-jorge-olvera-garcia-convive-con-el-sindicato","status":"publish","type":"post","link":"https:\/\/www.diarioimagen.net\/?p=157363","title":{"rendered":"El rector de la UAEM, Jorge Olvera Garc\u00eda, convive con el sindicato"},"content":{"rendered":"<ul>\n<li><em><strong><span style=\"line-height: 1.5em;\">Hace un reconocimiento al trabajo que cotidianamente realizan empleados administrativos<\/span><\/strong><\/em><\/li>\n<\/ul>\n<p>&nbsp;<\/p>\n<div id=\"attachment_157364\" style=\"width: 250px\" class=\"wp-caption alignleft\"><a href=\"http:\/\/www.diarioimagen.net\/wp-content\/uploads\/2013\/12\/uaem-2253.jpg\"><img loading=\"lazy\" decoding=\"async\" aria-describedby=\"caption-attachment-157364\" class=\"size-medium wp-image-157364\" alt=\"El rector Jorge Olvera Garc\u00eda estuvo en el tradicional convivio de fin de a\u00f1o.\" src=\"http:\/\/www.diarioimagen.net\/wp-content\/uploads\/2013\/12\/uaem-2253-240x135.jpg\" width=\"240\" height=\"135\" srcset=\"https:\/\/www.diarioimagen.net\/wp-content\/uploads\/2013\/12\/uaem-2253-240x135.jpg 240w, https:\/\/www.diarioimagen.net\/wp-content\/uploads\/2013\/12\/uaem-2253-420x236.jpg 420w, https:\/\/www.diarioimagen.net\/wp-content\/uploads\/2013\/12\/uaem-2253-235x132.jpg 235w, https:\/\/www.diarioimagen.net\/wp-content\/uploads\/2013\/12\/uaem-2253-202x114.jpg 202w, https:\/\/www.diarioimagen.net\/wp-content\/uploads\/2013\/12\/uaem-2253-350x196.jpg 350w, https:\/\/www.diarioimagen.net\/wp-content\/uploads\/2013\/12\/uaem-2253-220x123.jpg 220w, https:\/\/www.diarioimagen.net\/wp-content\/uploads\/2013\/12\/uaem-2253-237x132.jpg 237w, https:\/\/www.diarioimagen.net\/wp-content\/uploads\/2013\/12\/uaem-2253.jpg 480w\" sizes=\"auto, (max-width: 240px) 100vw, 240px\" \/><\/a><p id=\"caption-attachment-157364\" class=\"wp-caption-text\">El rector Jorge Olvera Garc\u00eda estuvo en el tradicional convivio de fin de a\u00f1o.<\/p><\/div>\n<p>Los primeros d\u00edas de 2014, la Universidad Aut\u00f3noma del Estado de M\u00e9xico iniciar\u00e1 la correspondiente revisi\u00f3n salarial y como cada a\u00f1o, se buscar\u00e1 romper el tope impuesto por el gobierno federal, sostuvo el rector Jorge Olvera Garc\u00eda, durante el tradicional convivio de fin de a\u00f1o con los trabajadores agrupados en el Sindicato \u00danico de Trabajadores y Empleados al Servicio de la UAEM (SUTESUAEM).<\/p>\n<p>Acompa\u00f1ado por el secretario general de dicha agrupaci\u00f3n gremial, Le\u00f3n Carmona Castillo, y el de la Federaci\u00f3n de Asociaciones Aut\u00f3nomas de Personal Acad\u00e9mico de la UAEM (FAAPAUAEM), V\u00edctor Manuel Pineda Guti\u00e9rrez, reiter\u00f3 su reconocimiento al trabajo que cotidianamente realizan los universitarios, principalmente los trabajadores administrativos.<\/p>\n<p>\u201cSin el trabajo del personal administrativo, la m\u00e1xima casa de estudios mexiquense no ocupar\u00eda uno de las mejores posiciones entre las instituciones de educaci\u00f3n superior del pa\u00eds\u201d.<\/p>\n<p>La administraci\u00f3n 2013-2017 de la UAEM, dijo Jorge Olvera Garc\u00eda, est\u00e1 plenamente convencida de que el trabajo del sector administrativo de la instituci\u00f3n debe ser plenamente reconocido, por lo cual se impuls\u00f3 la entrega de la Nota al Cumplimiento Administrativo.<\/p>\n<p>Por su parte, Le\u00f3n Carmona Castillo asegur\u00f3 que la labor que realizan los m\u00e1s de 2 mil 500 trabajadores administrativos sindicalizados en cada uno de los espacios acad\u00e9micos de la instituci\u00f3n, es fundamental para el desarrollo de la Aut\u00f3noma mexiquense.<\/p>\n<p>Carmona Castillo destac\u00f3 la uni\u00f3n que existe entre los trabajadores universitarios y reiter\u00f3\u00a0 el compromiso de su gesti\u00f3n con la defensa y proyecci\u00f3n de los derechos laborales.<\/p>\n","protected":false},"excerpt":{"rendered":"<p>Los primeros d\u00edas de 2014, la Universidad Aut\u00f3noma del Estado de M\u00e9xico iniciar\u00e1 la correspondiente revisi\u00f3n salarial y como cada a\u00f1o, se buscar\u00e1 romper el tope impuesto por el gobierno federal, sostuvo el rector Jorge Olvera Garc\u00eda, durante el tradicional convivio de fin de a\u00f1o con los trabajadores agrupados en el Sindicato \u00danico de Trabajadores y Empleados al Servicio de la UAEM (SUTESUAEM).<\/p>\n","protected":false},"author":1,"featured_media":157364,"comment_status":"open","ping_status":"open","sticky":false,"template":"","format":"standard","meta":{"_monsterinsights_skip_tracking":false,"_monsterinsights_sitenote_active":false,"_monsterinsights_sitenote_note":"","_monsterinsights_sitenote_category":0,"footnotes":""},"categories":[5],"tags":[43675,27015,1491],"class_list":["post-157363","post","type-post","status-publish","format-standard","has-post-thumbnail","hentry","category-estado-de-mexico","tag-estado-de-mexico","tag-jorge-olvera-garcia","tag-uaem"],"_links":{"self":[{"href":"https:\/\/www.diarioimagen.net\/index.php?rest_route=\/wp\/v2\/posts\/157363","targetHints":{"allow":["GET"]}}],"collection":[{"href":"https:\/\/www.diarioimagen.net\/index.php?rest_route=\/wp\/v2\/posts"}],"about":[{"href":"https:\/\/www.diarioimagen.net\/index.php?rest_route=\/wp\/v2\/types\/post"}],"author":[{"embeddable":true,"href":"https:\/\/www.diarioimagen.net\/index.php?rest_route=\/wp\/v2\/users\/1"}],"replies":[{"embeddable":true,"href":"https:\/\/www.diarioimagen.net\/index.php?rest_route=%2Fwp%2Fv2%2Fcomments&post=157363"}],"version-history":[{"count":0,"href":"https:\/\/www.diarioimagen.net\/index.php?rest_route=\/wp\/v2\/posts\/157363\/revisions"}],"wp:featuredmedia":[{"embeddable":true,"href":"https:\/\/www.diarioimagen.net\/index.php?rest_route=\/wp\/v2\/media\/157364"}],"wp:attachment":[{"href":"https:\/\/www.diarioimagen.net\/index.php?rest_route=%2Fwp%2Fv2%2Fmedia&parent=157363"}],"wp:term":[{"taxonomy":"category","embeddable":true,"href":"https:\/\/www.diarioimagen.net\/index.php?rest_route=%2Fwp%2Fv2%2Fcategories&post=157363"},{"taxonomy":"post_tag","embeddable":true,"href":"https:\/\/www.diarioimagen.net\/index.php?rest_route=%2Fwp%2Fv2%2Ftags&post=157363"}],"curies":[{"name":"wp","href":"https:\/\/api.w.org\/{rel}","templated":true}]}}