{"id":157430,"date":"2013-12-18T17:16:26","date_gmt":"2013-12-18T23:16:26","guid":{"rendered":"http:\/\/www.diarioimagen.net\/?p=157430"},"modified":"2013-12-23T01:42:18","modified_gmt":"2013-12-23T07:42:18","slug":"habra-consulta-sobre-petroleo-pese-a-entreguistas-cardenas","status":"publish","type":"post","link":"https:\/\/www.diarioimagen.net\/?p=157430","title":{"rendered":"Habr\u00e1 consulta sobre petr\u00f3leo pese a \u201centreguistas\u201d: C\u00e1rdenas"},"content":{"rendered":"<ul>\n<li><em><strong>Firma Plan por la Unidad en Defensa de la Soberan\u00eda Nacional y los Recursos Energ\u00e9ticos<\/strong><\/em><\/li>\n<\/ul>\n<div id=\"attachment_157431\" style=\"width: 250px\" class=\"wp-caption alignleft\"><img loading=\"lazy\" decoding=\"async\" aria-describedby=\"caption-attachment-157431\" class=\"size-medium wp-image-157431\" alt=\"El Plan por la unidad en defensa de la soberan\u00eda nacional y los recursos energ\u00e9ticos ha sido signado en el club de periodistas por Cuauht\u00e9moc C\u00e1rdenas, el padre Miguel Concha Malo, Porfirio Mu\u00f1oz Ledo, Jes\u00fas Zambrano (PRD), Ricardo Cant\u00fa (PT), Cuauht\u00e9moc Velasco (Movimiento Ciudadano), Salvador Mart\u00ednez della Roca, Alejandro S\u00e1nchez Camacho, entre otros.\" src=\"http:\/\/www.diarioimagen.net\/wp-content\/uploads\/2013\/12\/cardenas-portal-240x135.jpg\" width=\"240\" height=\"135\" srcset=\"https:\/\/www.diarioimagen.net\/wp-content\/uploads\/2013\/12\/cardenas-portal-240x135.jpg 240w, https:\/\/www.diarioimagen.net\/wp-content\/uploads\/2013\/12\/cardenas-portal-420x236.jpg 420w, https:\/\/www.diarioimagen.net\/wp-content\/uploads\/2013\/12\/cardenas-portal-235x132.jpg 235w, https:\/\/www.diarioimagen.net\/wp-content\/uploads\/2013\/12\/cardenas-portal-202x114.jpg 202w, https:\/\/www.diarioimagen.net\/wp-content\/uploads\/2013\/12\/cardenas-portal-350x196.jpg 350w, https:\/\/www.diarioimagen.net\/wp-content\/uploads\/2013\/12\/cardenas-portal-220x123.jpg 220w, https:\/\/www.diarioimagen.net\/wp-content\/uploads\/2013\/12\/cardenas-portal-237x132.jpg 237w, https:\/\/www.diarioimagen.net\/wp-content\/uploads\/2013\/12\/cardenas-portal.jpg 480w\" sizes=\"auto, (max-width: 240px) 100vw, 240px\" \/><p id=\"caption-attachment-157431\" class=\"wp-caption-text\">El Plan por la unidad en defensa de la soberan\u00eda nacional y los recursos energ\u00e9ticos ha sido signado en el club de periodistas por Cuauht\u00e9moc C\u00e1rdenas, el padre Miguel Concha Malo, Porfirio Mu\u00f1oz Ledo, Jes\u00fas Zambrano (PRD), Ricardo Cant\u00fa (PT), Cuauht\u00e9moc Velasco (Movimiento Ciudadano), Salvador Mart\u00ednez della Roca, Alejandro S\u00e1nchez Camacho, entre otros.<\/p><\/div>\n<p><span style=\"line-height: 1.5em;\">El ingeniero Cuauht\u00e9moc C\u00e1rdenas advirti\u00f3 que en 2015 se llevar\u00e1 a cabo la consulta popular sobre la reforma energ\u00e9tica, a pesar de que \u201cla reacci\u00f3n entreguista trata de desalentar nuestra lucha confundiendo a la opini\u00f3n p\u00fablica, se\u00f1alando que no es posible la revocaci\u00f3n de las reformas constitucionales\u201d.<\/span><\/p>\n<p><span style=\"line-height: 1.5em;\">Advirti\u00f3: \u201cquieren desalentar a esta consulta, quieren que no se lleve a cabo, pero yo estoy cierto en que el sentir de la gran mayor\u00eda de los mexicanos est\u00e1 porque estas reformas se echen abajo. Yo espero que las autoridades y la Suprema Corte cumplan con sus obligaciones y no atropellen la ley en lo que hace a la convocatoria de esta consulta\u201d<\/span><\/p>\n<p><span style=\"line-height: 1.5em;\">En el marco de la firma del Plan por la unidad en defensa de la soberan\u00eda nacional y los recursos energ\u00e9ticos por parte de dirigentes pol\u00edticos y sociales C\u00e1rdenas advirti\u00f3 que con la iniciativa de ley reglamentaria de la consulta popular, a\u00fan pendiente de discusi\u00f3n y aprobaci\u00f3n en el Congreso se pretende introducir obst\u00e1culos que impidan la aplicaci\u00f3n del ejercicio.<\/span><\/p>\n","protected":false},"excerpt":{"rendered":"<p>El ingeniero Cuauht\u00e9moc C\u00e1rdenas advirti\u00f3 que en 2015 se llevar\u00e1 a cabo la consulta popular sobre la reforma energ\u00e9tica, a pesar de que \u201cla reacci\u00f3n entreguista trata de desalentar nuestra lucha confundiendo a la opini\u00f3n p\u00fablica, se\u00f1alando que no es posible la revocaci\u00f3n de las reformas constitucionales\u201d.<\/p>\n","protected":false},"author":5,"featured_media":157431,"comment_status":"open","ping_status":"open","sticky":false,"template":"","format":"standard","meta":{"_monsterinsights_skip_tracking":false,"_monsterinsights_sitenote_active":false,"_monsterinsights_sitenote_note":"","_monsterinsights_sitenote_category":0,"footnotes":""},"categories":[17],"tags":[21544,20571],"class_list":["post-157430","post","type-post","status-publish","format-standard","has-post-thumbnail","hentry","category-especiales","tag-cuauhtemoc-cardenas","tag-suprema-corte"],"_links":{"self":[{"href":"https:\/\/www.diarioimagen.net\/index.php?rest_route=\/wp\/v2\/posts\/157430","targetHints":{"allow":["GET"]}}],"collection":[{"href":"https:\/\/www.diarioimagen.net\/index.php?rest_route=\/wp\/v2\/posts"}],"about":[{"href":"https:\/\/www.diarioimagen.net\/index.php?rest_route=\/wp\/v2\/types\/post"}],"author":[{"embeddable":true,"href":"https:\/\/www.diarioimagen.net\/index.php?rest_route=\/wp\/v2\/users\/5"}],"replies":[{"embeddable":true,"href":"https:\/\/www.diarioimagen.net\/index.php?rest_route=%2Fwp%2Fv2%2Fcomments&post=157430"}],"version-history":[{"count":0,"href":"https:\/\/www.diarioimagen.net\/index.php?rest_route=\/wp\/v2\/posts\/157430\/revisions"}],"wp:featuredmedia":[{"embeddable":true,"href":"https:\/\/www.diarioimagen.net\/index.php?rest_route=\/wp\/v2\/media\/157431"}],"wp:attachment":[{"href":"https:\/\/www.diarioimagen.net\/index.php?rest_route=%2Fwp%2Fv2%2Fmedia&parent=157430"}],"wp:term":[{"taxonomy":"category","embeddable":true,"href":"https:\/\/www.diarioimagen.net\/index.php?rest_route=%2Fwp%2Fv2%2Fcategories&post=157430"},{"taxonomy":"post_tag","embeddable":true,"href":"https:\/\/www.diarioimagen.net\/index.php?rest_route=%2Fwp%2Fv2%2Ftags&post=157430"}],"curies":[{"name":"wp","href":"https:\/\/api.w.org\/{rel}","templated":true}]}}