{"id":157443,"date":"2013-12-19T00:08:40","date_gmt":"2013-12-19T06:08:40","guid":{"rendered":"http:\/\/www.diarioimagen.net\/?p=157443"},"modified":"2013-12-23T01:43:26","modified_gmt":"2013-12-23T07:43:26","slug":"inauguran-un-complejo-inmobiliario-en-veracruz","status":"publish","type":"post","link":"https:\/\/www.diarioimagen.net\/?p=157443","title":{"rendered":"Inauguran complejo inmobiliario en Veracruz"},"content":{"rendered":"<ul>\n<li><strong><em>Carlos Slim Hel\u00fa y\u00a0Javier Duarte Ochoa<\/em><\/strong><\/li>\n<\/ul>\n<div id=\"attachment_157444\" style=\"width: 250px\" class=\"wp-caption alignleft\"><img loading=\"lazy\" decoding=\"async\" aria-describedby=\"caption-attachment-157444\" class=\"size-medium wp-image-157444 \" alt=\"El empresario Carlos Slim y el gobernador de Veracruz, Javier Duarte, al inaugurar parte del complejo Nuevo Veracruz.\" src=\"http:\/\/www.diarioimagen.net\/wp-content\/uploads\/2013\/12\/COMPLEJO-portal-240x135.jpg\" width=\"240\" height=\"135\" srcset=\"https:\/\/www.diarioimagen.net\/wp-content\/uploads\/2013\/12\/COMPLEJO-portal-240x135.jpg 240w, https:\/\/www.diarioimagen.net\/wp-content\/uploads\/2013\/12\/COMPLEJO-portal-420x236.jpg 420w, https:\/\/www.diarioimagen.net\/wp-content\/uploads\/2013\/12\/COMPLEJO-portal-235x132.jpg 235w, https:\/\/www.diarioimagen.net\/wp-content\/uploads\/2013\/12\/COMPLEJO-portal-202x114.jpg 202w, https:\/\/www.diarioimagen.net\/wp-content\/uploads\/2013\/12\/COMPLEJO-portal-350x196.jpg 350w, https:\/\/www.diarioimagen.net\/wp-content\/uploads\/2013\/12\/COMPLEJO-portal-220x123.jpg 220w, https:\/\/www.diarioimagen.net\/wp-content\/uploads\/2013\/12\/COMPLEJO-portal-237x132.jpg 237w, https:\/\/www.diarioimagen.net\/wp-content\/uploads\/2013\/12\/COMPLEJO-portal.jpg 480w\" sizes=\"auto, (max-width: 240px) 100vw, 240px\" \/><p id=\"caption-attachment-157444\" class=\"wp-caption-text\">El empresario Carlos Slim y el gobernador de Veracruz, Javier Duarte, al inaugurar parte del complejo Nuevo Veracruz.<\/p><\/div>\n<p><strong>Veracruz, Ver<\/strong>.\u2013 El empresario Carlos Slim y el gobernador Javier Duarte Ochoa, inauguraron el complejo inmobiliario Nuevo Veracruz, el cual tiene una inversi\u00f3n inicial de seis mil millones de pesos e integrar\u00e1 un centro comercial, hospital, hotel, colegios, una universidad y zonas residenciales y habitacionales.<\/p>\n<p>El desarrollo del Grupo Carso, que involucra la creaci\u00f3n de 15 mil empleos directos, 30 mil indirectos durante su construcci\u00f3n y 8 mil operativos permanentes, tiene una inversi\u00f3n estimada en un plazo de 10 a\u00f1os de m\u00e1s de 22 mil millones de pesos.<\/p>\n<p>El Nuevo Veracruz implic\u00f3 la construcci\u00f3n de una vialidad de 8.4 kil\u00f3metros que une al puerto con la terminal a\u00e9rea en 15 minutos, lo que significa el ahorro de 40 minutos para los m\u00e1s de 14 mil veh\u00edculos que transitan a diario por esta v\u00eda.<\/p>\n<p>El centro comercial, construido en 71 mil metros cuadrados, cuenta con tiendas departamentales, 90 locales comerciales y zonas de recreaci\u00f3n; en tanto que dentro del corredor comercial se instal\u00f3 una gasolinera y agencias de autos.<\/p>\n<p>En el primer semestre del pr\u00f3ximo a\u00f1o, el centro urbano abrir\u00e1 un hospital con 45 camas y 140 consultorios; un hotel de negocios y familiar de 120 habitaciones, cuya ubicaci\u00f3n es estrat\u00e9gica por su cercan\u00eda con el Aeropuerto Internacional de Veracruz.<\/p>\n<p>En Nuevo Veracruz se construir\u00e1 la zona residencial, que en una primera etapa en 2014 contar\u00e1 con 116 casas, para ampliarse a 400 en 2015 y finalizar en el a\u00f1o 2020 con cuatro mil 600.<\/p>\n<p>A su vez, la zona habitacional se integrar\u00e1 con m\u00e1s de mil 400 casas equipadas con todos los servicios, escuelas, vigilancia y estaci\u00f3n de bomberos; en tanto que la Universidad Cristobal Col\u00f3n concentrar\u00e1 sus actuales instalaciones en Nuevo Veracruz en 2015.<b> <\/b><\/p>\n","protected":false},"excerpt":{"rendered":"<p>El empresario Carlos Slim y el gobernador Javier Duarte Ochoa, inauguraron el complejo inmobiliario Nuevo Veracruz, el cual tiene una inversi\u00f3n inicial de seis mil millones de pesos e integrar\u00e1 un centro comercial, hospital, hotel, colegios, una universidad y zonas residenciales y habitacionales.<\/p>\n","protected":false},"author":5,"featured_media":157444,"comment_status":"open","ping_status":"open","sticky":false,"template":"","format":"standard","meta":{"_monsterinsights_skip_tracking":false,"_monsterinsights_sitenote_active":false,"_monsterinsights_sitenote_note":"","_monsterinsights_sitenote_category":0,"footnotes":""},"categories":[3],"tags":[64,974,52],"class_list":["post-157443","post","type-post","status-publish","format-standard","has-post-thumbnail","hentry","category-nacional","tag-carlos-slim","tag-carlos-slim-helu","tag-veracruz"],"_links":{"self":[{"href":"https:\/\/www.diarioimagen.net\/index.php?rest_route=\/wp\/v2\/posts\/157443","targetHints":{"allow":["GET"]}}],"collection":[{"href":"https:\/\/www.diarioimagen.net\/index.php?rest_route=\/wp\/v2\/posts"}],"about":[{"href":"https:\/\/www.diarioimagen.net\/index.php?rest_route=\/wp\/v2\/types\/post"}],"author":[{"embeddable":true,"href":"https:\/\/www.diarioimagen.net\/index.php?rest_route=\/wp\/v2\/users\/5"}],"replies":[{"embeddable":true,"href":"https:\/\/www.diarioimagen.net\/index.php?rest_route=%2Fwp%2Fv2%2Fcomments&post=157443"}],"version-history":[{"count":0,"href":"https:\/\/www.diarioimagen.net\/index.php?rest_route=\/wp\/v2\/posts\/157443\/revisions"}],"wp:featuredmedia":[{"embeddable":true,"href":"https:\/\/www.diarioimagen.net\/index.php?rest_route=\/wp\/v2\/media\/157444"}],"wp:attachment":[{"href":"https:\/\/www.diarioimagen.net\/index.php?rest_route=%2Fwp%2Fv2%2Fmedia&parent=157443"}],"wp:term":[{"taxonomy":"category","embeddable":true,"href":"https:\/\/www.diarioimagen.net\/index.php?rest_route=%2Fwp%2Fv2%2Fcategories&post=157443"},{"taxonomy":"post_tag","embeddable":true,"href":"https:\/\/www.diarioimagen.net\/index.php?rest_route=%2Fwp%2Fv2%2Ftags&post=157443"}],"curies":[{"name":"wp","href":"https:\/\/api.w.org\/{rel}","templated":true}]}}