{"id":157460,"date":"2013-12-19T00:07:10","date_gmt":"2013-12-19T06:07:10","guid":{"rendered":"http:\/\/www.diarioimagen.net\/?p=157460"},"modified":"2013-12-23T01:43:25","modified_gmt":"2013-12-23T07:43:25","slug":"mexico-fortalece-sus-mercados-sagarpa","status":"publish","type":"post","link":"https:\/\/www.diarioimagen.net\/?p=157460","title":{"rendered":"M\u00e9xico fortalece sus mercados: Sagarpa"},"content":{"rendered":"<ul>\n<li><strong><em>Es abastecedor de agroalimentos<\/em><\/strong><\/li>\n<\/ul>\n<div id=\"attachment_157555\" style=\"width: 250px\" class=\"wp-caption alignleft\"><a href=\"http:\/\/www.diarioimagen.net\/wp-content\/uploads\/2013\/12\/SAGARPA-2254.jpg\"><img loading=\"lazy\" decoding=\"async\" aria-describedby=\"caption-attachment-157555\" class=\"size-medium wp-image-157555\" alt=\"Enrique Mart\u00ednez y Mart\u00ednez, titular de la Sagarpa, al reunirse con agroproductores de Jalisco.\" src=\"http:\/\/www.diarioimagen.net\/wp-content\/uploads\/2013\/12\/SAGARPA-2254-240x135.jpg\" width=\"240\" height=\"135\" srcset=\"https:\/\/www.diarioimagen.net\/wp-content\/uploads\/2013\/12\/SAGARPA-2254-240x135.jpg 240w, https:\/\/www.diarioimagen.net\/wp-content\/uploads\/2013\/12\/SAGARPA-2254-420x236.jpg 420w, https:\/\/www.diarioimagen.net\/wp-content\/uploads\/2013\/12\/SAGARPA-2254-235x132.jpg 235w, https:\/\/www.diarioimagen.net\/wp-content\/uploads\/2013\/12\/SAGARPA-2254-202x114.jpg 202w, https:\/\/www.diarioimagen.net\/wp-content\/uploads\/2013\/12\/SAGARPA-2254-350x196.jpg 350w, https:\/\/www.diarioimagen.net\/wp-content\/uploads\/2013\/12\/SAGARPA-2254-220x123.jpg 220w, https:\/\/www.diarioimagen.net\/wp-content\/uploads\/2013\/12\/SAGARPA-2254-237x132.jpg 237w, https:\/\/www.diarioimagen.net\/wp-content\/uploads\/2013\/12\/SAGARPA-2254.jpg 480w\" sizes=\"auto, (max-width: 240px) 100vw, 240px\" \/><\/a><p id=\"caption-attachment-157555\" class=\"wp-caption-text\">Enrique Mart\u00ednez y Mart\u00ednez, titular de la Sagarpa, al reunirse con agroproductores de Jalisco.<\/p><\/div>\n<p>El pa\u00eds fortalece sus mercados internacionales y se posiciona como importante abastecedor de productos agroalimentarios de calidad en naciones asi\u00e1ticas, continente donde se inici\u00f3 una nueva relaci\u00f3n, principalmente con China, donde ya tienen presencia productos mexicanos. As\u00ed lo asegur\u00f3 el titular de la Secretar\u00eda de Agricultura, Ganader\u00eda, Desarrollo Rural, Pesca y Alimentaci\u00f3n (Sagarpa), Enrique Mart\u00ednez y Mart\u00ednez, durante una reuni\u00f3n con productores y agroempresarios del estado de Jalisco, donde mencion\u00f3 que entre los productos que tienen presencia en China son el tequila 100 por ciento agave y carne de cerdo.<\/p>\n<p>Mart\u00ednez y Mart\u00ednez mencion\u00f3 que con una importante participaci\u00f3n en los mercados tradicionales de Estados Unidos y Canad\u00e1, M\u00e9xico se perfila hacia la apertura de nuevas \u00e1reas comerciales en zonas con demanda potencial, por lo que se avanza en los protocolos sanitarios para la entrada de berries, frutas, c\u00edtricos y carne de bovino, entre otros.<\/p>\n<p>En un comunicado, la Sagarpa refiri\u00f3 que el encuentro se realiz\u00f3 en San Juan de los Lagos, Jalisco, donde estuvo presente el gobernador del estado, Jorge Arist\u00f3teles Sandoval D\u00edaz, as\u00ed como los principales productores de cerdo, bovinos, pollo y huevo de Jalisco. El titular de la Sagarpa se\u00f1al\u00f3 que la regi\u00f3n de Los Altos de Jalisco representa un referente en el sector agroalimentario, es por ello que su recuperaci\u00f3n e impulso productivo estar\u00edan orientados al mercado nacional e internacional.<\/p>\n<p>&nbsp;<\/p>\n","protected":false},"excerpt":{"rendered":"<p>El pa\u00eds fortalece sus mercados internacionales y se posiciona como importante abastecedor de productos agroalimentarios de calidad en<\/p>\n","protected":false},"author":3,"featured_media":157555,"comment_status":"open","ping_status":"open","sticky":false,"template":"","format":"standard","meta":{"_monsterinsights_skip_tracking":false,"_monsterinsights_sitenote_active":false,"_monsterinsights_sitenote_note":"","_monsterinsights_sitenote_category":0,"footnotes":""},"categories":[3],"tags":[26416,12530,44,43673,20091],"class_list":["post-157460","post","type-post","status-publish","format-standard","has-post-thumbnail","hentry","category-nacional","tag-enrique-martinez-y-martinez","tag-mercados","tag-mexico","tag-nacional","tag-sagarpa"],"_links":{"self":[{"href":"https:\/\/www.diarioimagen.net\/index.php?rest_route=\/wp\/v2\/posts\/157460","targetHints":{"allow":["GET"]}}],"collection":[{"href":"https:\/\/www.diarioimagen.net\/index.php?rest_route=\/wp\/v2\/posts"}],"about":[{"href":"https:\/\/www.diarioimagen.net\/index.php?rest_route=\/wp\/v2\/types\/post"}],"author":[{"embeddable":true,"href":"https:\/\/www.diarioimagen.net\/index.php?rest_route=\/wp\/v2\/users\/3"}],"replies":[{"embeddable":true,"href":"https:\/\/www.diarioimagen.net\/index.php?rest_route=%2Fwp%2Fv2%2Fcomments&post=157460"}],"version-history":[{"count":0,"href":"https:\/\/www.diarioimagen.net\/index.php?rest_route=\/wp\/v2\/posts\/157460\/revisions"}],"wp:featuredmedia":[{"embeddable":true,"href":"https:\/\/www.diarioimagen.net\/index.php?rest_route=\/wp\/v2\/media\/157555"}],"wp:attachment":[{"href":"https:\/\/www.diarioimagen.net\/index.php?rest_route=%2Fwp%2Fv2%2Fmedia&parent=157460"}],"wp:term":[{"taxonomy":"category","embeddable":true,"href":"https:\/\/www.diarioimagen.net\/index.php?rest_route=%2Fwp%2Fv2%2Fcategories&post=157460"},{"taxonomy":"post_tag","embeddable":true,"href":"https:\/\/www.diarioimagen.net\/index.php?rest_route=%2Fwp%2Fv2%2Ftags&post=157460"}],"curies":[{"name":"wp","href":"https:\/\/api.w.org\/{rel}","templated":true}]}}