{"id":157507,"date":"2013-12-19T00:06:09","date_gmt":"2013-12-19T06:06:09","guid":{"rendered":"http:\/\/www.diarioimagen.net\/?p=157507"},"modified":"2013-12-23T01:42:38","modified_gmt":"2013-12-23T07:42:38","slug":"pemex-fortalece-relacion-productiva-con-campeche","status":"publish","type":"post","link":"https:\/\/www.diarioimagen.net\/?p=157507","title":{"rendered":"Pemex fortalece relaci\u00f3n productiva con Campeche"},"content":{"rendered":"<ul>\n<li><strong><em>Emilio Lozoya, director de la paraestatal, afirma que la empresa coadyuvar\u00e1 a fortalecer el desarrollo de las regiones petroleras<\/em><\/strong><\/li>\n<\/ul>\n<div id=\"attachment_157553\" style=\"width: 250px\" class=\"wp-caption alignleft\"><a href=\"http:\/\/www.diarioimagen.net\/wp-content\/uploads\/2013\/12\/PEMEX-2254.jpg\"><img loading=\"lazy\" decoding=\"async\" aria-describedby=\"caption-attachment-157553\" class=\"size-medium wp-image-157553\" alt=\"El director general de Pemex, Emilio Lozoya Austin, firm\u00f3 un convenio con el gobierno del estado de Campeche.\" src=\"http:\/\/www.diarioimagen.net\/wp-content\/uploads\/2013\/12\/PEMEX-2254-240x135.jpg\" width=\"240\" height=\"135\" srcset=\"https:\/\/www.diarioimagen.net\/wp-content\/uploads\/2013\/12\/PEMEX-2254-240x135.jpg 240w, https:\/\/www.diarioimagen.net\/wp-content\/uploads\/2013\/12\/PEMEX-2254-420x236.jpg 420w, https:\/\/www.diarioimagen.net\/wp-content\/uploads\/2013\/12\/PEMEX-2254-235x132.jpg 235w, https:\/\/www.diarioimagen.net\/wp-content\/uploads\/2013\/12\/PEMEX-2254-202x114.jpg 202w, https:\/\/www.diarioimagen.net\/wp-content\/uploads\/2013\/12\/PEMEX-2254-350x196.jpg 350w, https:\/\/www.diarioimagen.net\/wp-content\/uploads\/2013\/12\/PEMEX-2254-220x123.jpg 220w, https:\/\/www.diarioimagen.net\/wp-content\/uploads\/2013\/12\/PEMEX-2254-237x132.jpg 237w, https:\/\/www.diarioimagen.net\/wp-content\/uploads\/2013\/12\/PEMEX-2254.jpg 480w\" sizes=\"auto, (max-width: 240px) 100vw, 240px\" \/><\/a><p id=\"caption-attachment-157553\" class=\"wp-caption-text\">El director general de Pemex, Emilio Lozoya Austin, firm\u00f3 un convenio con el gobierno del estado de Campeche.<\/p><\/div>\n<p>Petr\u00f3leos Mexicanos (Pemex) suscribi\u00f3 un acuerdo con el gobierno de Campeche para ampliar y fortalecer la relaci\u00f3n productiva entre ambas, en beneficio de la entidad.<\/p>\n<p>En un comunicado, la paraestatal detall\u00f3 que el acuerdo fue firmado ayer por el director general de Pemex, Emilio Lozoya Austin, y el gobernador de Campeche, Fernando Ortega.<\/p>\n<p>En el acto, Lozoya expuso que gracias a la reforma energ\u00e9tica recientemente aprobada Pemex ser\u00e1 m\u00e1s fuerte y contar\u00e1 con mayor flexibilidad en su toma de decisiones, as\u00ed como m\u00e1s aut\u00f3noma t\u00e9cnica y presupuestal para detonar el desarrollo del pa\u00eds.<\/p>\n<p>Insisti\u00f3 en que la inversi\u00f3n privada servir\u00e1 para incrementar la producci\u00f3n, aumentar la renta petrolera y \u201cmejorar las condiciones de vida y crear m\u00e1s oportunidades de empleo para los mexicanos\u201d.<\/p>\n<p>El directivo reiter\u00f3 el compromiso con la transparencia en la aplicaci\u00f3n de recursos, as\u00ed como la responsabilidad de la paraestatal por coadyuvar a fortalecer el desarrollo econ\u00f3mico y social de las regiones prioritarias para la actividad petrolera.<\/p>\n<p>El convenio firmado este d\u00eda favorece el desarrollo de la industria petrolera en la Sonda de Campeche con un amplio respeto al entorno ambiental, as\u00ed como a las comunidades aleda\u00f1as y sus actividades.<\/p>\n<p>Adem\u00e1s, el convenio implica apoyar acciones de protecci\u00f3n ambiental y restauraci\u00f3n ecol\u00f3gica, de manera que se podr\u00e1n construir nuevas obras y trabajar en programas de desarrollo social, se destaca en el comunicado.<\/p>\n<p>Asimismo, el gobierno del estado, los gobiernos municipales y Pemex coadyuvar\u00e1n al fomento de la inversi\u00f3n tanto en la industria petrolera como en sus ramas afines, con el objetivo de fortalecer la oferta de empleos en la regi\u00f3n.<\/p>\n<p>En el acto se anunci\u00f3 tambi\u00e9n la creaci\u00f3n de un Grupo Institucional de Planeaci\u00f3n, Evaluaci\u00f3n y Seguimiento, en el que participar\u00e1n representantes de la administraci\u00f3n estatal, de los municipios de la entidad con influencia petrolera, de Pemex y de los sectores empresarial, educativo y de investigaci\u00f3n.<\/p>\n<p>&nbsp;<\/p>\n","protected":false},"excerpt":{"rendered":"<p>Petr\u00f3leos Mexicanos (Pemex) suscribi\u00f3 un acuerdo con el gobierno de Campeche para ampliar y fortalecer la relaci\u00f3n productiva entre ambas, en beneficio de la entidad.<\/p>\n","protected":false},"author":3,"featured_media":157553,"comment_status":"open","ping_status":"open","sticky":false,"template":"","format":"standard","meta":{"_monsterinsights_skip_tracking":false,"_monsterinsights_sitenote_active":false,"_monsterinsights_sitenote_note":"","_monsterinsights_sitenote_category":0,"footnotes":""},"categories":[3],"tags":[7419,24334,43673,292,2411,16953],"class_list":["post-157507","post","type-post","status-publish","format-standard","has-post-thumbnail","hentry","category-nacional","tag-campeche","tag-fernando-ortega-bernes","tag-nacional","tag-pemex","tag-petroleos-mexicanos","tag-produccion"],"_links":{"self":[{"href":"https:\/\/www.diarioimagen.net\/index.php?rest_route=\/wp\/v2\/posts\/157507","targetHints":{"allow":["GET"]}}],"collection":[{"href":"https:\/\/www.diarioimagen.net\/index.php?rest_route=\/wp\/v2\/posts"}],"about":[{"href":"https:\/\/www.diarioimagen.net\/index.php?rest_route=\/wp\/v2\/types\/post"}],"author":[{"embeddable":true,"href":"https:\/\/www.diarioimagen.net\/index.php?rest_route=\/wp\/v2\/users\/3"}],"replies":[{"embeddable":true,"href":"https:\/\/www.diarioimagen.net\/index.php?rest_route=%2Fwp%2Fv2%2Fcomments&post=157507"}],"version-history":[{"count":0,"href":"https:\/\/www.diarioimagen.net\/index.php?rest_route=\/wp\/v2\/posts\/157507\/revisions"}],"wp:featuredmedia":[{"embeddable":true,"href":"https:\/\/www.diarioimagen.net\/index.php?rest_route=\/wp\/v2\/media\/157553"}],"wp:attachment":[{"href":"https:\/\/www.diarioimagen.net\/index.php?rest_route=%2Fwp%2Fv2%2Fmedia&parent=157507"}],"wp:term":[{"taxonomy":"category","embeddable":true,"href":"https:\/\/www.diarioimagen.net\/index.php?rest_route=%2Fwp%2Fv2%2Fcategories&post=157507"},{"taxonomy":"post_tag","embeddable":true,"href":"https:\/\/www.diarioimagen.net\/index.php?rest_route=%2Fwp%2Fv2%2Ftags&post=157507"}],"curies":[{"name":"wp","href":"https:\/\/api.w.org\/{rel}","templated":true}]}}