{"id":157682,"date":"2013-12-20T00:08:51","date_gmt":"2013-12-20T06:08:51","guid":{"rendered":"http:\/\/www.diarioimagen.net\/?p=157682"},"modified":"2013-12-23T01:40:59","modified_gmt":"2013-12-23T07:40:59","slug":"analistas-preven-pib-de-3-5-durante-2014","status":"publish","type":"post","link":"https:\/\/www.diarioimagen.net\/?p=157682","title":{"rendered":"Analistas prev\u00e9n PIB de 3.5% durante 2014"},"content":{"rendered":"<ul>\n<li><strong><em>Sobre la inflaci\u00f3n para este 2013 y para el pr\u00f3ximo a\u00f1o, las expectativas son similares a lo pronosticado en noviembre<\/em><\/strong><\/li>\n<\/ul>\n<div id=\"attachment_157722\" style=\"width: 250px\" class=\"wp-caption alignleft\"><a href=\"http:\/\/www.diarioimagen.net\/wp-content\/uploads\/2013\/12\/BANXICO-2255.jpg\"><img loading=\"lazy\" decoding=\"async\" aria-describedby=\"caption-attachment-157722\" class=\"size-medium wp-image-157722\" alt=\"El Banco de M\u00e9xico present\u00f3 ayer resultados de una encuesta entre analistas financieros privados.\" src=\"http:\/\/www.diarioimagen.net\/wp-content\/uploads\/2013\/12\/BANXICO-2255-240x135.jpg\" width=\"240\" height=\"135\" srcset=\"https:\/\/www.diarioimagen.net\/wp-content\/uploads\/2013\/12\/BANXICO-2255-240x135.jpg 240w, https:\/\/www.diarioimagen.net\/wp-content\/uploads\/2013\/12\/BANXICO-2255-420x236.jpg 420w, https:\/\/www.diarioimagen.net\/wp-content\/uploads\/2013\/12\/BANXICO-2255-235x132.jpg 235w, https:\/\/www.diarioimagen.net\/wp-content\/uploads\/2013\/12\/BANXICO-2255-202x114.jpg 202w, https:\/\/www.diarioimagen.net\/wp-content\/uploads\/2013\/12\/BANXICO-2255-350x196.jpg 350w, https:\/\/www.diarioimagen.net\/wp-content\/uploads\/2013\/12\/BANXICO-2255-220x123.jpg 220w, https:\/\/www.diarioimagen.net\/wp-content\/uploads\/2013\/12\/BANXICO-2255-237x132.jpg 237w, https:\/\/www.diarioimagen.net\/wp-content\/uploads\/2013\/12\/BANXICO-2255.jpg 480w\" sizes=\"auto, (max-width: 240px) 100vw, 240px\" \/><\/a><p id=\"caption-attachment-157722\" class=\"wp-caption-text\">El Banco de M\u00e9xico present\u00f3 ayer resultados de una encuesta entre analistas financieros privados.<\/p><\/div>\n<p>Seg\u00fan especialistas consultados por el Banco de M\u00e9xico (Banxico), las expectativas de crecimiento del producto interno bruto (PIB) se mantuvieron en los niveles previstos para 2013, mientras que los pron\u00f3sticos para el pr\u00f3ximo 2014 prev\u00e9n un crecimiento de dicho indicador.<\/p>\n<p>As\u00ed, para la tasa de crecimiento anual del producto interno bruto (PIB) de 2013, el intervalo al que los especialistas consultados continuaron asignando la mayor probabilidad fue el de 1.0 a 1.4 por ciento.<\/p>\n<p>Para 2014, los analistas asignaron la mayor probabilidad al intervalo de 3.0 a 3.4 por ciento, de igual forma que en noviembre, al tiempo que aumentaron la probabilidad otorgada al intervalo de 3.5 a 3.9 por ciento.<\/p>\n<p>Respecto a las expectativas de inflaci\u00f3n general para el cierre de 2013 aumentaron con respecto a la encuesta de noviembre, al tiempo que las correspondientes al cierre de 2014 se mantuvieron en niveles similares.<\/p>\n<p>En cuanto a las expectativas de inflaci\u00f3n subyacente para los cierres de 2013 y 2014, \u00e9stas permanecieron en niveles similares a las de la encuesta de noviembre, si bien las medianas de dichas previsiones disminuyeron.<\/p>\n<p>La probabilidad que le asignaron los analistas a que la inflaci\u00f3n general se ubique dentro del intervalo de variabilidad de m\u00e1s o menos un punto porcentual en torno al objetivo de 3.0 por ciento permaneci\u00f3 cercana a la reportada en la encuesta anterior para los cierres de 2013 y 2014.<\/p>\n<p>De igual manera, la probabilidad otorgada a que la inflaci\u00f3n subyacente se encuentre en el intervalo entre 2.0 y 4.0 por ciento tambi\u00e9n se mantuvo en niveles similares a la del mes previo para los cierres de 2013 y 2014.<\/p>\n<p>En el reporte, el instituto central destaca que las expectativas de inflaci\u00f3n general para el cierre de 2013 y para los pr\u00f3ximos 12 meses aumentaron con respecto a la encuesta de noviembre, al tiempo que las correspondientes al cierre de 2014 se mantuvieron en niveles similares.<\/p>\n<p>&nbsp;<\/p>\n","protected":false},"excerpt":{"rendered":"<p>Seg\u00fan especialistas consultados por el Banco de M\u00e9xico (Banxico), las expectativas de crecimiento del producto interno bruto (PIB) se mantuvieron en los niveles previstos para 2013, mientras que los pron\u00f3sticos para el pr\u00f3ximo 2014 prev\u00e9n un crecimiento de dicho indicador.<\/p>\n","protected":false},"author":3,"featured_media":157722,"comment_status":"open","ping_status":"open","sticky":false,"template":"","format":"standard","meta":{"_monsterinsights_skip_tracking":false,"_monsterinsights_sitenote_active":false,"_monsterinsights_sitenote_note":"","_monsterinsights_sitenote_category":0,"footnotes":""},"categories":[3],"tags":[1520,1519,43673,2806],"class_list":["post-157682","post","type-post","status-publish","format-standard","has-post-thumbnail","hentry","category-nacional","tag-banco-de-mexico","tag-banxico","tag-nacional","tag-pib"],"_links":{"self":[{"href":"https:\/\/www.diarioimagen.net\/index.php?rest_route=\/wp\/v2\/posts\/157682","targetHints":{"allow":["GET"]}}],"collection":[{"href":"https:\/\/www.diarioimagen.net\/index.php?rest_route=\/wp\/v2\/posts"}],"about":[{"href":"https:\/\/www.diarioimagen.net\/index.php?rest_route=\/wp\/v2\/types\/post"}],"author":[{"embeddable":true,"href":"https:\/\/www.diarioimagen.net\/index.php?rest_route=\/wp\/v2\/users\/3"}],"replies":[{"embeddable":true,"href":"https:\/\/www.diarioimagen.net\/index.php?rest_route=%2Fwp%2Fv2%2Fcomments&post=157682"}],"version-history":[{"count":0,"href":"https:\/\/www.diarioimagen.net\/index.php?rest_route=\/wp\/v2\/posts\/157682\/revisions"}],"wp:featuredmedia":[{"embeddable":true,"href":"https:\/\/www.diarioimagen.net\/index.php?rest_route=\/wp\/v2\/media\/157722"}],"wp:attachment":[{"href":"https:\/\/www.diarioimagen.net\/index.php?rest_route=%2Fwp%2Fv2%2Fmedia&parent=157682"}],"wp:term":[{"taxonomy":"category","embeddable":true,"href":"https:\/\/www.diarioimagen.net\/index.php?rest_route=%2Fwp%2Fv2%2Fcategories&post=157682"},{"taxonomy":"post_tag","embeddable":true,"href":"https:\/\/www.diarioimagen.net\/index.php?rest_route=%2Fwp%2Fv2%2Ftags&post=157682"}],"curies":[{"name":"wp","href":"https:\/\/api.w.org\/{rel}","templated":true}]}}