{"id":157750,"date":"2013-12-23T00:08:39","date_gmt":"2013-12-23T06:08:39","guid":{"rendered":"http:\/\/www.diarioimagen.net\/?p=157750"},"modified":"2013-12-23T04:15:56","modified_gmt":"2013-12-23T10:15:56","slug":"cada-mes-cuenta-del-fideicomiso-del-metro","status":"publish","type":"post","link":"https:\/\/www.diarioimagen.net\/?p=157750","title":{"rendered":"Cada mes, cuenta del fideicomiso del Metro"},"content":{"rendered":"<ul>\n<li><strong><em>Administrar\u00e1 los recursos generados por el reciente aumento de 2 pesos al boleto<\/em><\/strong><\/li>\n<\/ul>\n<div id=\"attachment_157782\" style=\"width: 250px\" class=\"wp-caption alignleft\"><a href=\"http:\/\/www.diarioimagen.net\/wp-content\/uploads\/2013\/12\/Metro-2256.jpg\"><img loading=\"lazy\" decoding=\"async\" aria-describedby=\"caption-attachment-157782\" class=\"size-medium wp-image-157782\" alt=\"El director general del Metro, Joel Ortega, y el secretario de Finanzas del GDF, Edgar Amador Zamora, en conferencia de prensa.\" src=\"http:\/\/www.diarioimagen.net\/wp-content\/uploads\/2013\/12\/Metro-2256-240x135.jpg\" width=\"240\" height=\"135\" srcset=\"https:\/\/www.diarioimagen.net\/wp-content\/uploads\/2013\/12\/Metro-2256-240x135.jpg 240w, https:\/\/www.diarioimagen.net\/wp-content\/uploads\/2013\/12\/Metro-2256-420x236.jpg 420w, https:\/\/www.diarioimagen.net\/wp-content\/uploads\/2013\/12\/Metro-2256-235x132.jpg 235w, https:\/\/www.diarioimagen.net\/wp-content\/uploads\/2013\/12\/Metro-2256-202x114.jpg 202w, https:\/\/www.diarioimagen.net\/wp-content\/uploads\/2013\/12\/Metro-2256-350x196.jpg 350w, https:\/\/www.diarioimagen.net\/wp-content\/uploads\/2013\/12\/Metro-2256-220x123.jpg 220w, https:\/\/www.diarioimagen.net\/wp-content\/uploads\/2013\/12\/Metro-2256-237x132.jpg 237w, https:\/\/www.diarioimagen.net\/wp-content\/uploads\/2013\/12\/Metro-2256.jpg 480w\" sizes=\"auto, (max-width: 240px) 100vw, 240px\" \/><\/a><p id=\"caption-attachment-157782\" class=\"wp-caption-text\">El director general del Metro, Joel Ortega, y el secretario de Finanzas del GDF, Edgar Amador Zamora, en conferencia de prensa.<\/p><\/div>\n<p>La Secretar\u00eda de Finanzas del Distrito Federal puede asumir el compromiso de hacer p\u00fablicas cada mes los estados de cuenta del fideicomiso que administrar\u00e1 los recursos del aumento de dos pesos a la tarifa del Sistema de Transporte Colectivo (STC-Metro).<\/p>\n<p>El secretario de Finanzas local, Edgar Amador Zamora indic\u00f3 que \u201cpodemos asumir, sin ning\u00fan problema, el compromiso aqu\u00ed con el ingeniero (Joel Ortega) de publicar los estados de cuenta mensuales del fideicomiso\u201d, ya que \u00e9ste se constituye como un \u00f3rgano transparente.<\/p>\n<p>En conferencia de prensa, agreg\u00f3 que en la revisi\u00f3n de cuentas del presupuesto del Metrob\u00fas y del Fideicomiso se reporta trimestralmente a la Asamblea Legislativa del Distrito Federal (ALDF).<\/p>\n<p>El funcionario enfatiz\u00f3 que la transparencia y rendici\u00f3n de cuentas es importante, entre otros motivos, para que la poblaci\u00f3n conozca que el aumento a la tarifa no tiene una funci\u00f3n recaudatoria para las arcas capitalinas, sino que todos los recursos van a ir directamente al usuario.<\/p>\n<p>Asimismo, dijo, es necesario para responder ante los \u00f3rganos de fiscalizaci\u00f3n y de la ALDF, as\u00ed como para brindar certeza a los bancos y todos aquellos que participen en el financiamiento para los diversos proyectos para el transporte.<\/p>\n<p>Amador Zamora reconoci\u00f3 la dificultad de efectuar una calendarizaci\u00f3n para el cumplimiento de las 11 acciones de mejoramiento a las que se comprometi\u00f3 el gobierno local con el aumento de pasaje, toda vez que son procesos complicados y \u201csi bien se tienen claro que se debe realizar primero y que cosa despu\u00e9s \u201cponer fechas espec\u00edficas ser\u00eda un poco ahorcar\u201d.<\/p>\n<p>A su vez, el director general del Metro, Joel Ortega Cuevas, expres\u00f3 que este es un mecanismo financiero importante que tendr\u00e1 a su disposici\u00f3n dos mil 500 millones de pesos anuales y que ser\u00e1n empleados para los proyectos m\u00e1s grandes de mejoramiento de ese medio.<\/p>\n<p>Entre ellos mencion\u00f3 el inicio del proceso de licitaci\u00f3n para comprar 45 trenes nuevos con aire acondicionado para la L\u00ednea 1, as\u00ed como 12 m\u00e1s para la L\u00ednea 12, adem\u00e1s de la ejecuci\u00f3n de 25 escaleras el\u00e9ctricas en diversas l\u00edneas.<\/p>\n<p>Otros proyectos importantes, refiri\u00f3, son la modernizaci\u00f3n del sistema de tracci\u00f3n-frenado en varias l\u00edneas, as\u00ed como renivelar las v\u00edas en la L\u00ednea A, entre otros proyectos.<\/p>\n<p>Al respecto, Amador Zamora explic\u00f3 que se constituir\u00e1 en primera instancia un fideicomiso maestro que deber\u00e1 ser aprobado por el Consejo de Administraci\u00f3n del Metro y este se instaurar\u00e1 sin ninguna carga burocr\u00e1tica adicional.<\/p>\n<p>Por otra parte, Ortega Cuevas record\u00f3 que el Metro cuenta con un presupuesto de 13 mil millones de pesos con las que se realizar\u00e1n tambi\u00e9n adquisiciones que ser\u00e1n concurrentes para cumplir con los compromisos planteados por la administraci\u00f3n local en beneficio de la ciudadan\u00eda.<b><\/b><\/p>\n<p>&nbsp;<\/p>\n","protected":false},"excerpt":{"rendered":"<p>La Secretar\u00eda de Finanzas del Distrito Federal puede asumir el compromiso de hacer p\u00fablicas cada mes los estados de cuenta del fideicomiso que administrar\u00e1 los recursos del aumento de dos pesos a la tarifa del Sistema de Transporte Colectivo (STC-Metro).<\/p>\n","protected":false},"author":3,"featured_media":157782,"comment_status":"open","ping_status":"open","sticky":false,"template":"","format":"standard","meta":{"_monsterinsights_skip_tracking":false,"_monsterinsights_sitenote_active":false,"_monsterinsights_sitenote_note":"","_monsterinsights_sitenote_category":0,"footnotes":""},"categories":[3],"tags":[204,39,28007,163],"class_list":["post-157750","post","type-post","status-publish","format-standard","has-post-thumbnail","hentry","category-nacional","tag-ciudad-de-mexico","tag-distrito-federal","tag-joel-ortega-cuevas","tag-metro"],"_links":{"self":[{"href":"https:\/\/www.diarioimagen.net\/index.php?rest_route=\/wp\/v2\/posts\/157750","targetHints":{"allow":["GET"]}}],"collection":[{"href":"https:\/\/www.diarioimagen.net\/index.php?rest_route=\/wp\/v2\/posts"}],"about":[{"href":"https:\/\/www.diarioimagen.net\/index.php?rest_route=\/wp\/v2\/types\/post"}],"author":[{"embeddable":true,"href":"https:\/\/www.diarioimagen.net\/index.php?rest_route=\/wp\/v2\/users\/3"}],"replies":[{"embeddable":true,"href":"https:\/\/www.diarioimagen.net\/index.php?rest_route=%2Fwp%2Fv2%2Fcomments&post=157750"}],"version-history":[{"count":0,"href":"https:\/\/www.diarioimagen.net\/index.php?rest_route=\/wp\/v2\/posts\/157750\/revisions"}],"wp:featuredmedia":[{"embeddable":true,"href":"https:\/\/www.diarioimagen.net\/index.php?rest_route=\/wp\/v2\/media\/157782"}],"wp:attachment":[{"href":"https:\/\/www.diarioimagen.net\/index.php?rest_route=%2Fwp%2Fv2%2Fmedia&parent=157750"}],"wp:term":[{"taxonomy":"category","embeddable":true,"href":"https:\/\/www.diarioimagen.net\/index.php?rest_route=%2Fwp%2Fv2%2Fcategories&post=157750"},{"taxonomy":"post_tag","embeddable":true,"href":"https:\/\/www.diarioimagen.net\/index.php?rest_route=%2Fwp%2Fv2%2Ftags&post=157750"}],"curies":[{"name":"wp","href":"https:\/\/api.w.org\/{rel}","templated":true}]}}