{"id":157788,"date":"2013-12-23T00:09:03","date_gmt":"2013-12-23T06:09:03","guid":{"rendered":"http:\/\/www.diarioimagen.net\/?p=157788"},"modified":"2013-12-23T04:18:11","modified_gmt":"2013-12-23T10:18:11","slug":"renuevan-acuerdo-de-control-sanitario-en-comercio-exterior","status":"publish","type":"post","link":"https:\/\/www.diarioimagen.net\/?p=157788","title":{"rendered":"Renuevan acuerdo de control sanitario en comercio exterior"},"content":{"rendered":"<ul>\n<li><em><b style=\"line-height: 1.5em;\">Cofepris y agentes aduanales<\/b><\/em><\/li>\n<\/ul>\n<p>&nbsp;<\/p>\n<div id=\"attachment_157789\" style=\"width: 250px\" class=\"wp-caption alignleft\"><a href=\"http:\/\/www.diarioimagen.net\/wp-content\/uploads\/2013\/12\/cofepris-2256.jpg\"><img loading=\"lazy\" decoding=\"async\" aria-describedby=\"caption-attachment-157789\" class=\"size-medium wp-image-157789\" alt=\"Mikel Arriola, titular de la Cofepris, firm\u00f3 el convenio de colaboraci\u00f3n con integrantes de la CAAAREM.\" src=\"http:\/\/www.diarioimagen.net\/wp-content\/uploads\/2013\/12\/cofepris-2256-240x135.jpg\" width=\"240\" height=\"135\" srcset=\"https:\/\/www.diarioimagen.net\/wp-content\/uploads\/2013\/12\/cofepris-2256-240x135.jpg 240w, https:\/\/www.diarioimagen.net\/wp-content\/uploads\/2013\/12\/cofepris-2256-420x236.jpg 420w, https:\/\/www.diarioimagen.net\/wp-content\/uploads\/2013\/12\/cofepris-2256-235x132.jpg 235w, https:\/\/www.diarioimagen.net\/wp-content\/uploads\/2013\/12\/cofepris-2256-202x114.jpg 202w, https:\/\/www.diarioimagen.net\/wp-content\/uploads\/2013\/12\/cofepris-2256-350x196.jpg 350w, https:\/\/www.diarioimagen.net\/wp-content\/uploads\/2013\/12\/cofepris-2256-220x123.jpg 220w, https:\/\/www.diarioimagen.net\/wp-content\/uploads\/2013\/12\/cofepris-2256-237x132.jpg 237w, https:\/\/www.diarioimagen.net\/wp-content\/uploads\/2013\/12\/cofepris-2256.jpg 480w\" sizes=\"auto, (max-width: 240px) 100vw, 240px\" \/><\/a><p id=\"caption-attachment-157789\" class=\"wp-caption-text\">Mikel Arriola, titular de la Cofepris, firm\u00f3 el convenio de colaboraci\u00f3n con integrantes de la CAAAREM.<\/p><\/div>\n<p>La Comisi\u00f3n Federal para la Protecci\u00f3n contra Riesgos Sanitarios (Cofepris) inform\u00f3 que renov\u00f3 el Convenio de Colaboraci\u00f3n con la Confederaci\u00f3n de Asociaciones de Agentes Aduanales de la Rep\u00fablica Mexicana (CAAAREM), para seguir agilizando en 2014 el control sanitario del comercio exterior del pa\u00eds.<\/p>\n<p>Resalt\u00f3 que con este Convenio, se refuerzan las acciones de colaboraci\u00f3n entre Cofepris y la CAAAREM en materia de control sanitario del comercio exterior y se ampl\u00eda la cobertura y efectividad de la vigilancia sanitaria en las aduanas.<\/p>\n<p>En un comunicado, el comisionado federal de la Cofepris, Mikel Arriola, hizo \u00e9nfasis en las acciones de mejora que en materia de comercio exterior se han realizado durante este a\u00f1o, entre los que destacan la implementaci\u00f3n de la Ventanilla Digital Mexicana de Comercio Exterior.<\/p>\n<p>Dijo que esta ventanilla trabaja al 100 por ciento, con un total de 50 tr\u00e1mites disponibles, a trav\u00e9s de la cual hasta el d\u00eda de hoy se han atendido aproximadamente dos mil 210 tr\u00e1mites, por lo que invit\u00f3 a los agremiados de CAAAREM a promover esta herramienta para agilizar y reducir los costos de transacci\u00f3n de sus operaciones.<\/p>\n<p>Refiri\u00f3 que tambi\u00e9n en abril de 2013, la Cofepris emiti\u00f3 un comunicado al SAT con 11 criterios para disipar dudas, evitar malas interpretaciones entre las autoridades aduanales y los agentes, con lo que se dio certeza y agilidad durante el despacho aduanal de insumos para la salud.<\/p>\n<p>El funcionario resalt\u00f3 que la CAAAREM es un importante aliado en el efectivo cumplimiento del ejercicio de sus atribuciones en materia de control y vigilancia sanitaria de los productos de importaci\u00f3n y exportaci\u00f3n en beneficio de la salud de la poblaci\u00f3n, protegi\u00e9ndola contra los riesgos sanitarios que se puedan generar en las operaciones de comercio exterior.<\/p>\n","protected":false},"excerpt":{"rendered":"<p>La Comisi\u00f3n Federal para la Protecci\u00f3n contra Riesgos Sanitarios (Cofepris) inform\u00f3 que renov\u00f3 el Convenio de Colaboraci\u00f3n con la Confederaci\u00f3n de Asociaciones de Agentes Aduanales de la Rep\u00fablica Mexicana (CAAAREM), para seguir agilizando en 2014 el control sanitario del comercio exterior del pa\u00eds.<\/p>\n","protected":false},"author":1,"featured_media":157789,"comment_status":"open","ping_status":"open","sticky":false,"template":"","format":"standard","meta":{"_monsterinsights_skip_tracking":false,"_monsterinsights_sitenote_active":false,"_monsterinsights_sitenote_note":"","_monsterinsights_sitenote_category":0,"footnotes":""},"categories":[3],"tags":[4918,43673,43692],"class_list":["post-157788","post","type-post","status-publish","format-standard","has-post-thumbnail","hentry","category-nacional","tag-cofepris","tag-nacional","tag-salud"],"_links":{"self":[{"href":"https:\/\/www.diarioimagen.net\/index.php?rest_route=\/wp\/v2\/posts\/157788","targetHints":{"allow":["GET"]}}],"collection":[{"href":"https:\/\/www.diarioimagen.net\/index.php?rest_route=\/wp\/v2\/posts"}],"about":[{"href":"https:\/\/www.diarioimagen.net\/index.php?rest_route=\/wp\/v2\/types\/post"}],"author":[{"embeddable":true,"href":"https:\/\/www.diarioimagen.net\/index.php?rest_route=\/wp\/v2\/users\/1"}],"replies":[{"embeddable":true,"href":"https:\/\/www.diarioimagen.net\/index.php?rest_route=%2Fwp%2Fv2%2Fcomments&post=157788"}],"version-history":[{"count":0,"href":"https:\/\/www.diarioimagen.net\/index.php?rest_route=\/wp\/v2\/posts\/157788\/revisions"}],"wp:featuredmedia":[{"embeddable":true,"href":"https:\/\/www.diarioimagen.net\/index.php?rest_route=\/wp\/v2\/media\/157789"}],"wp:attachment":[{"href":"https:\/\/www.diarioimagen.net\/index.php?rest_route=%2Fwp%2Fv2%2Fmedia&parent=157788"}],"wp:term":[{"taxonomy":"category","embeddable":true,"href":"https:\/\/www.diarioimagen.net\/index.php?rest_route=%2Fwp%2Fv2%2Fcategories&post=157788"},{"taxonomy":"post_tag","embeddable":true,"href":"https:\/\/www.diarioimagen.net\/index.php?rest_route=%2Fwp%2Fv2%2Ftags&post=157788"}],"curies":[{"name":"wp","href":"https:\/\/api.w.org\/{rel}","templated":true}]}}