{"id":157818,"date":"2013-12-23T00:01:30","date_gmt":"2013-12-23T06:01:30","guid":{"rendered":"http:\/\/www.diarioimagen.net\/?p=157818"},"modified":"2013-12-23T05:28:29","modified_gmt":"2013-12-23T11:28:29","slug":"reforma-energetica-polo-de-inversion","status":"publish","type":"post","link":"https:\/\/www.diarioimagen.net\/?p=157818","title":{"rendered":"Reforma energ\u00e9tica, polo de inversi\u00f3n"},"content":{"rendered":"<h2>Picota<\/h2>\n<h5>Jorge Vel\u00e1zquez<\/h5>\n<p><span><br \/>\n<b>TAL Y COMO ANOTAMOS<\/b> en pasadas entregas, las reformas estructurales enviadas por el jefe del Ejecutivo federal, Enrique Pe\u00f1a Nieto, y aprobadas por el Congreso, establecen la plataforma de despegue para el pa\u00eds. Las voces, respecto a esta aseveraci\u00f3n, tanto en M\u00e9xico como en el extranjero, siguen reproduciendo. Las expectativas de crecimiento econ\u00f3mico se multiplican y advierten que tan s\u00f3lo con la reforma energ\u00e9tica, M\u00e9xico podr\u00eda atraer hasta 35 mil millones de d\u00f3lares anuales.<\/span><\/p>\n<p>Y las proyecciones tienen sustento. Junto al env\u00edo de las propuestas constitucionales, el actual gobierno respalda esos tratados de libre comercio que los anteriores mandatarios signaron s\u00f3lo para la foto, como puede observarse con los \u00faltimos viajes del presidente Pe\u00f1a Nieto, que ya dan los resultados econ\u00f3micos esperados.<\/p>\n<p>Y en ese contexto, la vicecoordinadora para el sector empresarial de la fracci\u00f3n del PRI en la C\u00e1mara baja, la chihuahuense Adriana Fuentes T\u00e9llez, no se equivoca al afirmar que la reforma energ\u00e9tica es una oportunidad \u00fanica para un pa\u00eds que llega, como siempre, tarde al menos diez a\u00f1os en relaci\u00f3n a otras naciones.<\/p>\n<p>La urgencia de la reforma para el pa\u00eds era clara, expres\u00f3 la legisladora. \u201cEn a\u00f1os recientes, Venezuela, Brasil y Colombia atrajeron m\u00e1s de 100 mil millones de d\u00f3lares de financiamiento extranjero para nuevos campos, adelant\u00e1ndose a M\u00e9xico\u201d. \u00a0No s\u00f3lo eso, la reforma tiene un doble prop\u00f3sito, muy visible, de sanidad financiera para el pa\u00eds: por un lado, los ingresos del sector ya no ir\u00e1n a parar al gasto corriente del r\u00e9gimen en turno. Hay que recordar que s\u00f3lo en los gobierno de Fox y Calder\u00f3n, al menos 800 mil millones de d\u00f3lares de la renta petrolera fueron irresponsablemente dilapidados, sin que se invirtieran en proyectos productivos. Ah\u00ed est\u00e1n los datos de la pobreza y el hambre en M\u00e9xico que son de verg\u00fcenza. As\u00ed que la reforma, afirm\u00f3 Fuentes T\u00e9llez, evitar\u00e1 tambi\u00e9n por otro lado, que el erario tenga que destinar millones de d\u00f3lares, tanto a la Comisi\u00f3n Federal de Electricidad (CFE) como a Petr\u00f3leos Mexicanos (Pemex).\u00a0Se tendr\u00e1n que convertir en empresas productivas y deber\u00e1n operar con los recursos que generen, en condiciones de competitividad y no de ineficiencia subsidiada.<\/p>\n<p><b>DICE MANLIO FABIO BELTRONES<\/b> que la expectativa de un mayor crecimiento a partir del a\u00f1o entrante es real y se afianza con la reforma constitucional en materia energ\u00e9tica, pero tambi\u00e9n con otras reformas que en conjunto hacen posible que M\u00e9xico recupere con mayor vigor la ruta del desarrollo con justicia y en democracia\u2026<b>LARGO Y DIF\u00cdCIL CAMINO ESE<\/b> el de la reforma educativa, porque luego del censo, ordenado por el secretario de Educaci\u00f3n, Emilio Chuayffet Chemor, ser\u00e1 hasta marzo del 2014 cuando se detecten deficiencias en los planteles, como la falta de ba\u00f1os, canchas o las escuelas sin techo; adem\u00e1s, ser\u00e1 posible terminar con los docentes que ocupan doble plaza, est\u00e1n comisionados o son \u2018aviadores\u2019, seg\u00fan el diputado del Partido Verde, Antonio Cu\u00e9llar Steffan. El legislador reconoci\u00f3 la labor de la Secretar\u00eda de Educaci\u00f3n P\u00fablica, que a trav\u00e9s de su titular -asegur\u00f3- en mucho ha abonado a terminar con los vicios que por mucho tiempo afectaron al sistema educativo y que son producto de una larga cadena de deficiencias legales e institucionales. \u201cEn el Partido Verde confiamos en que todo el trabajo legislativo que se realiz\u00f3 en el pasado periodo ordinario, pronto se ver\u00e1 reflejado en beneficios directos para los mexicanos, en el caso de la reforma educativa, ya estamos viendo resultados, como lo demuestra el Censo de Escuelas, Maestros y Alumnos, que representa una herramienta fundamental para transformar este sector\u201d, subray\u00f3.<\/p>\n<p><em><a href=\"mailto: jvelazquez_1999@yahoo.com\" target=\"_blank\"><em>jvelazquez_1999@yahoo.com<\/em><\/a><\/em><\/p>\n","protected":false},"excerpt":{"rendered":"<p><span style=\"color: #005497;\"><strong>Jorge Vel\u00e1zquez<\/strong><\/span><\/p>\n","protected":false},"author":1,"featured_media":0,"comment_status":"open","ping_status":"open","sticky":false,"template":"","format":"standard","meta":{"_monsterinsights_skip_tracking":false,"_monsterinsights_sitenote_active":false,"_monsterinsights_sitenote_note":"","_monsterinsights_sitenote_category":0,"footnotes":""},"categories":[16140],"tags":[43707,43674,22952],"class_list":["post-157818","post","type-post","status-publish","format-standard","hentry","category-jorge-velazquez","tag-jorge-velazquez","tag-opinion","tag-picota"],"_links":{"self":[{"href":"https:\/\/www.diarioimagen.net\/index.php?rest_route=\/wp\/v2\/posts\/157818","targetHints":{"allow":["GET"]}}],"collection":[{"href":"https:\/\/www.diarioimagen.net\/index.php?rest_route=\/wp\/v2\/posts"}],"about":[{"href":"https:\/\/www.diarioimagen.net\/index.php?rest_route=\/wp\/v2\/types\/post"}],"author":[{"embeddable":true,"href":"https:\/\/www.diarioimagen.net\/index.php?rest_route=\/wp\/v2\/users\/1"}],"replies":[{"embeddable":true,"href":"https:\/\/www.diarioimagen.net\/index.php?rest_route=%2Fwp%2Fv2%2Fcomments&post=157818"}],"version-history":[{"count":0,"href":"https:\/\/www.diarioimagen.net\/index.php?rest_route=\/wp\/v2\/posts\/157818\/revisions"}],"wp:attachment":[{"href":"https:\/\/www.diarioimagen.net\/index.php?rest_route=%2Fwp%2Fv2%2Fmedia&parent=157818"}],"wp:term":[{"taxonomy":"category","embeddable":true,"href":"https:\/\/www.diarioimagen.net\/index.php?rest_route=%2Fwp%2Fv2%2Fcategories&post=157818"},{"taxonomy":"post_tag","embeddable":true,"href":"https:\/\/www.diarioimagen.net\/index.php?rest_route=%2Fwp%2Fv2%2Ftags&post=157818"}],"curies":[{"name":"wp","href":"https:\/\/api.w.org\/{rel}","templated":true}]}}