{"id":157893,"date":"2013-12-26T00:10:49","date_gmt":"2013-12-26T06:10:49","guid":{"rendered":"http:\/\/www.diarioimagen.net\/?p=157893"},"modified":"2013-12-26T00:35:22","modified_gmt":"2013-12-26T06:35:22","slug":"mexico-fortalecio-su-presencia-en-el-mundo","status":"publish","type":"post","link":"https:\/\/www.diarioimagen.net\/?p=157893","title":{"rendered":"M\u00e9xico fortaleci\u00f3 su presencia en el mundo"},"content":{"rendered":"<ul>\n<li><strong><em>El cumplimiento de un intenso programa para diversificarla incluy\u00f3 16 viajes del presidente Enrique Pe\u00f1a Nieto al extranjero<\/em><\/strong><\/li>\n<\/ul>\n<div id=\"attachment_157915\" style=\"width: 250px\" class=\"wp-caption alignleft\"><a href=\"http:\/\/www.diarioimagen.net\/wp-content\/uploads\/2013\/12\/MEADE-2258.jpg\"><img loading=\"lazy\" decoding=\"async\" aria-describedby=\"caption-attachment-157915\" class=\"size-medium wp-image-157915\" alt=\"Jos\u00e9 Antonio Meade Kuribre\u00f1a, titular de la Secretar\u00eda de Relaciones Exteriores.\" src=\"http:\/\/www.diarioimagen.net\/wp-content\/uploads\/2013\/12\/MEADE-2258-240x135.jpg\" width=\"240\" height=\"135\" srcset=\"https:\/\/www.diarioimagen.net\/wp-content\/uploads\/2013\/12\/MEADE-2258-240x135.jpg 240w, https:\/\/www.diarioimagen.net\/wp-content\/uploads\/2013\/12\/MEADE-2258-420x236.jpg 420w, https:\/\/www.diarioimagen.net\/wp-content\/uploads\/2013\/12\/MEADE-2258-235x132.jpg 235w, https:\/\/www.diarioimagen.net\/wp-content\/uploads\/2013\/12\/MEADE-2258-202x114.jpg 202w, https:\/\/www.diarioimagen.net\/wp-content\/uploads\/2013\/12\/MEADE-2258-350x196.jpg 350w, https:\/\/www.diarioimagen.net\/wp-content\/uploads\/2013\/12\/MEADE-2258-220x123.jpg 220w, https:\/\/www.diarioimagen.net\/wp-content\/uploads\/2013\/12\/MEADE-2258-237x132.jpg 237w, https:\/\/www.diarioimagen.net\/wp-content\/uploads\/2013\/12\/MEADE-2258.jpg 480w\" sizes=\"auto, (max-width: 240px) 100vw, 240px\" \/><\/a><p id=\"caption-attachment-157915\" class=\"wp-caption-text\">Jos\u00e9 Antonio Meade Kuribre\u00f1a, titular de la Secretar\u00eda de Relaciones Exteriores.<\/p><\/div>\n<p>Durante 2013, la presencia de M\u00e9xico en el mundo se fortaleci\u00f3 y se diversific\u00f3 sensiblemente mediante el cumplimiento de un intenso programa que incluy\u00f3 16 viajes al exterior del presidente Enrique Pe\u00f1a Nieto, en los que se reuni\u00f3 con mandatarios de pa\u00edses que representan 55 por ciento de la poblaci\u00f3n mundial y 89 por ciento del Producto Interno Bruto mundial.<\/p>\n<p>De acuerdo a la Secretar\u00eda de Relaciones Exteriores (SRE), la actividad internacional de nuestro pa\u00eds estuvo \u201capegada a las cuatro metas de pol\u00edtica exterior se\u00f1aladas en el Plan Nacional de Desarrollo: consolidar la presencia de M\u00e9xico en el mundo, fortalecer la cooperaci\u00f3n internacional para el desarrollo, incrementar y dar eficacia a la promoci\u00f3n de M\u00e9xico en el exterior, e impulsar los intereses de M\u00e9xico y de los mexicanos fuera del pa\u00eds\u201d.<\/p>\n<p>Entre las naciones con las que M\u00e9xico tuvo acercamiento, se encuentran 18 de las primeras 20 con mayor intercambio comercial (77% del comercio global) y un potencial de inversi\u00f3n extranjera directa de 87 por ciento del total en el mundo.<\/p>\n<p>Esos pa\u00edses, adem\u00e1s, albergan aproximadamente el 99.8 por ciento de los mexicanos que residen en el exterior.<\/p>\n<p>La canciller\u00eda mexicana resalta en su resumen anual 2013, el fortalecimiento de nuestros nexos con Asia, un nuevo impulso a las relaciones con Europa, la ampliaci\u00f3n de la agenda de trabajo con Am\u00e9rica del Norte y los renovados v\u00ednculos con Am\u00e9rica Latina y el Caribe, como algunos de los logros alcanzados por M\u00e9xico en la primera etapa del proyecto de relaciones exteriores del gobierno del presidente Pe\u00f1a Nieto.<\/p>\n<p>Al cierre del a\u00f1o, el Presidente de la Rep\u00fablica, recibi\u00f3 a nueve mandatarios extranjeros en visita bilateral a M\u00e9xico, as\u00ed como a los pr\u00edncipes de Dinamarca y sostuvo 105 encuentros con 70 altos dignatarios: 58 jefes de Estado o de Gobierno, 10 titulares de organismos internacionales y dos jefes de gobiernos subnacionales (Galicia y Quebec).<\/p>\n<p>En este concentrado figuran, en el \u00e1mbito latinoamericano, la consolidaci\u00f3n de la Alianza del Pac\u00edfico, el fortalecimiento estrat\u00e9gico de la relaci\u00f3n con Cuba y la institucionalizaci\u00f3n de la relaci\u00f3n con Centroam\u00e9rica mediante el establecimiento de la Cumbre M\u00e9xico-SICA (Sistema de la Integraci\u00f3n Centroamericana).<\/p>\n<p>En otro campo, la SRE, resalta el posicionamiento de M\u00e9xico en defensa de los derechos humanos a nivel hemisf\u00e9rico y la elecci\u00f3n para formar parte del Consejo de Derechos Humanos de la ONU.<\/p>\n<p>As\u00ed como el impulso a las prioridades de M\u00e9xico en la agenda global del G20 y en la concertaci\u00f3n informal del MIKTA (M\u00e9xico, Indonesia, Corea del Sur, Turqu\u00eda y Australia): adem\u00e1s de la diversificaci\u00f3n de la interlocuci\u00f3n con pa\u00edses europeos como Portugal, Irlanda y Dinamarca.<\/p>\n<p>Los foros, mecanismos y organizaciones internacionales en los que M\u00e9xico ha impulsado una mayor participaci\u00f3n son de \u00edndole econ\u00f3mica y comercial, tales como el TLCAN, la Alianza del Pac\u00edfico, MIKTA y el Acuerdo de Asociaci\u00f3n Transpac\u00edfico (TPP).<\/p>\n<p>Como parte del esfuerzo para posicionar a M\u00e9xico en el mundo, el secretario de Relaciones Exteriores, Jos\u00e9 Antonio Meade Kuribre\u00f1a, efectu\u00f3 54 viajes a 26 pa\u00edses, con los cuales se \u201cfortalecieron los nexos de manera significativa\u201d.<\/p>\n<p>En este marco, el canciller reforz\u00f3 la relaci\u00f3n con los principales socios comerciales de M\u00e9xico en el mundo y, en El Vaticano, invit\u00f3 al Papa Francisco a visitar M\u00e9xico.<\/p>\n<p>Al resaltar la presencia de M\u00e9xico en los medios de comunicaci\u00f3n en el mundo, tanto de Norteam\u00e9rica como de regiones como Europa, Asia, \u00c1frica y Medio Oriente, con un cambio sustantivo en la cobertura y en los temas m\u00e1s relevantes de nuestro pa\u00eds, que van desde lo econ\u00f3mico a lo pol\u00edtico.<\/p>\n<p>Como parte de las acciones m\u00e1s relevantes que se llevaron a cabo en el a\u00f1o que est\u00e1 por concluir, se encuentran, en el \u00e1mbito de Am\u00e9rica del Norte, la visita a M\u00e9xico del presidente Barack Obama y del vicepresidente Joe Biden, y las del canciller Meade a Estados Unidos y Canad\u00e1, en julio de 2013.<\/p>\n<p>Respecto a Asia y Medio Oriente, la SRE, destac\u00f3 la firma de memor\u00e1ndums de entendimiento con China en campos como la cooperaci\u00f3n energ\u00e9tica, en industrias emergentes, miner\u00eda, construcci\u00f3n e infraestructura, entre otros, y la creaci\u00f3n de un Grupo Bilateral de Trabajo de Alto Nivel.<\/p>\n<p>Todo ello, apunta la canciller\u00eda, durante la visita que hizo a ese pa\u00eds el mandatario mexicano, la cual fue correspondida con la visita de Estado que su hom\u00f3logo de China, Xi Jinping, efectu\u00f3 a nuestro pa\u00eds.<\/p>\n<p>De hecho, \u201cM\u00e9xico y China han acordado establecer una Alianza Estrat\u00e9gica Integral que impulsar\u00e1 las relaciones en todos los \u00e1mbitos\u201d.<\/p>\n<p>En Am\u00e9rica Latina, entre las acciones relevantes se encuentra el relanzamiento de las relaciones con Cuba y Venezuela. Con el pa\u00eds isle\u00f1o, se puso al d\u00eda el marco jur\u00eddico bilateral y se renov\u00f3 el di\u00e1logo pol\u00edtico.<\/p>\n<p>En el caso de Venezuela, el presidente Pe\u00f1a Nieto particip\u00f3 en las exequias del presidente Hugo Ch\u00e1vez y el canciller venezolano El\u00edas Jaua visit\u00f3 M\u00e9xico para elaborar una agenda conjunta de trabajo.<\/p>\n<p>Sobre las actividades en Europa, el presidente Pe\u00f1a Nieto fue invitado a la reuni\u00f3n del G8, mientras que visitaron nuestro pa\u00eds presidentes, jefes de Estado y representantes oficiales de Dinamarca, Irlanda, Macedonia, Suecia y Portugal, adem\u00e1s del ministro de Relaciones Exteriores de Alemania, pa\u00eds con el que se acord\u00f3 un Programa de Cooperaci\u00f3n para el Desarrollo.<\/p>\n<p>En este a\u00f1o, M\u00e9xico relanz\u00f3 sus relaciones bilaterales con Francia, pa\u00eds con el que se estableci\u00f3 un Consejo Estrat\u00e9gico bilateral, conformado por empresarios, acad\u00e9micos y representantes gubernamentales con el mandato de presentar proyectos concretos que permitan incrementar los intercambios y la cooperaci\u00f3n.<\/p>\n<p>En Rusia, durante la reuni\u00f3n del G20, a la que asisti\u00f3 el Presidente de la Rep\u00fablica, surgi\u00f3 el grupo informal de potencias medias emergentes (MIKTA) y, en Jap\u00f3n, el mandatario mexicano consolid\u00f3 al pa\u00eds como el principal socio comercial de esa naci\u00f3n en Am\u00e9rica Latina.<\/p>\n<p>Como resultado de las acciones de acercamiento con el Medio Oriente, el presidente de Israel visit\u00f3 M\u00e9xico y firm\u00f3 acuerdos de cooperaci\u00f3n en asistencia t\u00e9cnica en diversos campos.<\/p>\n<p>En Sud\u00e1frica, el presidente Pe\u00f1a Nieto asisti\u00f3 al homenaje p\u00f3stumo y funerales de Estado del ex presidente Nelson Mandela.<\/p>\n<p>Adem\u00e1s, en el \u00e1mbito internacional, M\u00e9xico jug\u00f3 un papel destacado en las negociaciones en el seno de la ONU para lograr un tratado internacional para regular el comercio de armas. Luego de su aprobaci\u00f3n, M\u00e9xico fue uno de los primeros pa\u00edses en ratificarlo mediante el procedimiento legislativo correspondiente.<\/p>\n<p>El secretario Meade particip\u00f3 en el debate general de la 68 Asamblea General de la ONU en representaci\u00f3n del presidente Pe\u00f1a Nieto. Durante su intervenci\u00f3n, el canciller destac\u00f3 la relevancia de los Objetivos de Desarrollo del Milenio y la importancia del acuerdo que les seguir\u00e1 despu\u00e9s de 2015.<\/p>\n","protected":false},"excerpt":{"rendered":"<p>Durante 2013, la presencia de M\u00e9xico en el mundo se fortaleci\u00f3 y se diversific\u00f3 sensiblemente mediante el cumplimiento de un intenso programa que incluy\u00f3 16 viajes al exterior del presidente Enrique Pe\u00f1a Nieto, en los que se reuni\u00f3 con mandatarios de pa\u00edses que representan 55 por ciento de la poblaci\u00f3n mundial y 89 por ciento del Producto Interno Bruto mundial.<\/p>\n","protected":false},"author":3,"featured_media":157915,"comment_status":"open","ping_status":"open","sticky":false,"template":"","format":"standard","meta":{"_monsterinsights_skip_tracking":false,"_monsterinsights_sitenote_active":false,"_monsterinsights_sitenote_note":"","_monsterinsights_sitenote_category":0,"footnotes":""},"categories":[3],"tags":[44,43679,43673],"class_list":["post-157893","post","type-post","status-publish","format-standard","has-post-thumbnail","hentry","category-nacional","tag-mexico","tag-mundo","tag-nacional"],"_links":{"self":[{"href":"https:\/\/www.diarioimagen.net\/index.php?rest_route=\/wp\/v2\/posts\/157893","targetHints":{"allow":["GET"]}}],"collection":[{"href":"https:\/\/www.diarioimagen.net\/index.php?rest_route=\/wp\/v2\/posts"}],"about":[{"href":"https:\/\/www.diarioimagen.net\/index.php?rest_route=\/wp\/v2\/types\/post"}],"author":[{"embeddable":true,"href":"https:\/\/www.diarioimagen.net\/index.php?rest_route=\/wp\/v2\/users\/3"}],"replies":[{"embeddable":true,"href":"https:\/\/www.diarioimagen.net\/index.php?rest_route=%2Fwp%2Fv2%2Fcomments&post=157893"}],"version-history":[{"count":0,"href":"https:\/\/www.diarioimagen.net\/index.php?rest_route=\/wp\/v2\/posts\/157893\/revisions"}],"wp:featuredmedia":[{"embeddable":true,"href":"https:\/\/www.diarioimagen.net\/index.php?rest_route=\/wp\/v2\/media\/157915"}],"wp:attachment":[{"href":"https:\/\/www.diarioimagen.net\/index.php?rest_route=%2Fwp%2Fv2%2Fmedia&parent=157893"}],"wp:term":[{"taxonomy":"category","embeddable":true,"href":"https:\/\/www.diarioimagen.net\/index.php?rest_route=%2Fwp%2Fv2%2Fcategories&post=157893"},{"taxonomy":"post_tag","embeddable":true,"href":"https:\/\/www.diarioimagen.net\/index.php?rest_route=%2Fwp%2Fv2%2Ftags&post=157893"}],"curies":[{"name":"wp","href":"https:\/\/api.w.org\/{rel}","templated":true}]}}