{"id":157959,"date":"2013-12-27T00:08:49","date_gmt":"2013-12-27T06:08:49","guid":{"rendered":"http:\/\/www.diarioimagen.net\/?p=157959"},"modified":"2013-12-27T03:38:02","modified_gmt":"2013-12-27T09:38:02","slug":"ssa-vacunara-contra-el-vph-a-escala-nacional","status":"publish","type":"post","link":"https:\/\/www.diarioimagen.net\/?p=157959","title":{"rendered":"Ssa vacunar\u00e1 contra el VPH a escala nacional"},"content":{"rendered":"<ul>\n<li><strong><em>Mercedes Juan L\u00f3pez destaca que el programa est\u00e1 en etapa de an\u00e1lisis para conocer los costos<\/em><\/strong><\/li>\n<\/ul>\n<div id=\"attachment_158025\" style=\"width: 250px\" class=\"wp-caption alignleft\"><a href=\"http:\/\/www.diarioimagen.net\/wp-content\/uploads\/2013\/12\/MERCEDES-2259.jpg\"><img loading=\"lazy\" decoding=\"async\" aria-describedby=\"caption-attachment-158025\" class=\"size-medium wp-image-158025\" alt=\"Mercedes Juan L\u00f3pez, titular de la Secretar\u00eda de Salud del gobierno federal.\" src=\"http:\/\/www.diarioimagen.net\/wp-content\/uploads\/2013\/12\/MERCEDES-2259-240x135.jpg\" width=\"240\" height=\"135\" srcset=\"https:\/\/www.diarioimagen.net\/wp-content\/uploads\/2013\/12\/MERCEDES-2259-240x135.jpg 240w, https:\/\/www.diarioimagen.net\/wp-content\/uploads\/2013\/12\/MERCEDES-2259-420x236.jpg 420w, https:\/\/www.diarioimagen.net\/wp-content\/uploads\/2013\/12\/MERCEDES-2259-235x132.jpg 235w, https:\/\/www.diarioimagen.net\/wp-content\/uploads\/2013\/12\/MERCEDES-2259-202x114.jpg 202w, https:\/\/www.diarioimagen.net\/wp-content\/uploads\/2013\/12\/MERCEDES-2259-350x196.jpg 350w, https:\/\/www.diarioimagen.net\/wp-content\/uploads\/2013\/12\/MERCEDES-2259-220x123.jpg 220w, https:\/\/www.diarioimagen.net\/wp-content\/uploads\/2013\/12\/MERCEDES-2259-237x132.jpg 237w, https:\/\/www.diarioimagen.net\/wp-content\/uploads\/2013\/12\/MERCEDES-2259.jpg 480w\" sizes=\"auto, (max-width: 240px) 100vw, 240px\" \/><\/a><p id=\"caption-attachment-158025\" class=\"wp-caption-text\">Mercedes Juan L\u00f3pez, titular de la Secretar\u00eda de Salud del gobierno federal.<\/p><\/div>\n<p>La secretaria de Salud, Mercedes Juan L\u00f3pez, anunci\u00f3 que en 2014 se incluir\u00e1 a nivel nacional la vacunaci\u00f3n del virus de papiloma humano en menores de primaria, con el prop\u00f3sito de fortalecer las acciones que se llevan a cabo contra el c\u00e1ncer c\u00e9rvico-uterino.<\/p>\n<p>En entrevista, coment\u00f3 que este programa de vacunaci\u00f3n, que se prev\u00e9 arrancar el pr\u00f3ximo ciclo escolar, est\u00e1 en etapa de an\u00e1lisis para conocer los costos y con ello el n\u00famero de vacunas y las regiones en donde se llevar\u00e1 a cabo la primera etapa de vacunaci\u00f3n para ni\u00f1as de quinto a\u00f1o de primaria.<\/p>\n<p>Sobre esa aplicaci\u00f3n y el n\u00famero de vacunas, respondi\u00f3 que \u201cs\u00ed, ya est\u00e1 contemplado. Yo creo que el pr\u00f3ximo periodo escolar, no se sabe cu\u00e1ntos, porque depende de los recursos que tengamos, pero ya se defini\u00f3 arrancarlo\u201d.<\/p>\n<p>La funcionaria federal resalt\u00f3 el beneficio que tiene esta vacuna, que desde hace tres a\u00f1os se aplica a ni\u00f1as de quinto grado de primaria, porque se garantiza la protecci\u00f3n contra el papiloma humano, sobre todo para atacar la sepa que provoca c\u00e1ncer c\u00e9rvico-uterino, tomando una poblaci\u00f3n que no ha iniciado su vida sexual.<\/p>\n<p>Record\u00f3 que en el caso de las ni\u00f1as que cursan el quinto grado de primaria, desde hace tres a\u00f1os han recibido la vacunaci\u00f3n, con garant\u00eda de que les apliquen las dos dosis antes de concluir la primaria, de esta forma cuando inicien su vida sexual estar\u00e1n protegidas contra el virus.<\/p>\n<p>De ah\u00ed, la importancia de que ahora tambi\u00e9n se vacune a los ni\u00f1os, pues se contribuir\u00e1 para reforzar la prevenci\u00f3n contra ese virus, \u201cque afortunadamente ha ido disminuyendo, como causa de mortalidad, gracias a todas las acciones de detecci\u00f3n oportuna que se han puesto en marcha\u201d.<\/p>\n<p>Agreg\u00f3 que los beneficios de esa vacunaci\u00f3n preventiva en ni\u00f1as de primaria y pr\u00f3ximamente en ni\u00f1os, se ver\u00e1n reflejados en unos a\u00f1os con m\u00e1s disminuci\u00f3n de c\u00e1ncer c\u00e9rvico-uterino.<b><\/b><\/p>\n<p>&nbsp;<\/p>\n","protected":false},"excerpt":{"rendered":"<p>La secretaria de Salud, Mercedes Juan L\u00f3pez, anunci\u00f3 que en 2014 se incluir\u00e1 a nivel nacional la vacunaci\u00f3n del virus de papiloma humano en menores de primaria, con el prop\u00f3sito de fortalecer las acciones que se llevan a cabo contra el c\u00e1ncer c\u00e9rvico-uterino.<\/p>\n","protected":false},"author":3,"featured_media":158025,"comment_status":"open","ping_status":"open","sticky":false,"template":"","format":"standard","meta":{"_monsterinsights_skip_tracking":false,"_monsterinsights_sitenote_active":false,"_monsterinsights_sitenote_note":"","_monsterinsights_sitenote_category":0,"footnotes":""},"categories":[3],"tags":[25540,432,18220],"class_list":["post-157959","post","type-post","status-publish","format-standard","has-post-thumbnail","hentry","category-nacional","tag-mercedes-juan-lopez","tag-secretaria-de-salud","tag-vph"],"_links":{"self":[{"href":"https:\/\/www.diarioimagen.net\/index.php?rest_route=\/wp\/v2\/posts\/157959","targetHints":{"allow":["GET"]}}],"collection":[{"href":"https:\/\/www.diarioimagen.net\/index.php?rest_route=\/wp\/v2\/posts"}],"about":[{"href":"https:\/\/www.diarioimagen.net\/index.php?rest_route=\/wp\/v2\/types\/post"}],"author":[{"embeddable":true,"href":"https:\/\/www.diarioimagen.net\/index.php?rest_route=\/wp\/v2\/users\/3"}],"replies":[{"embeddable":true,"href":"https:\/\/www.diarioimagen.net\/index.php?rest_route=%2Fwp%2Fv2%2Fcomments&post=157959"}],"version-history":[{"count":0,"href":"https:\/\/www.diarioimagen.net\/index.php?rest_route=\/wp\/v2\/posts\/157959\/revisions"}],"wp:featuredmedia":[{"embeddable":true,"href":"https:\/\/www.diarioimagen.net\/index.php?rest_route=\/wp\/v2\/media\/158025"}],"wp:attachment":[{"href":"https:\/\/www.diarioimagen.net\/index.php?rest_route=%2Fwp%2Fv2%2Fmedia&parent=157959"}],"wp:term":[{"taxonomy":"category","embeddable":true,"href":"https:\/\/www.diarioimagen.net\/index.php?rest_route=%2Fwp%2Fv2%2Fcategories&post=157959"},{"taxonomy":"post_tag","embeddable":true,"href":"https:\/\/www.diarioimagen.net\/index.php?rest_route=%2Fwp%2Fv2%2Ftags&post=157959"}],"curies":[{"name":"wp","href":"https:\/\/api.w.org\/{rel}","templated":true}]}}