{"id":158121,"date":"2013-12-30T00:08:18","date_gmt":"2013-12-30T06:08:18","guid":{"rendered":"http:\/\/www.diarioimagen.net\/?p=158121"},"modified":"2013-12-30T01:20:06","modified_gmt":"2013-12-30T07:20:06","slug":"hundimiento-en-tramo-carretero-entre-tijuana-y-ensenada","status":"publish","type":"post","link":"https:\/\/www.diarioimagen.net\/?p=158121","title":{"rendered":"Hundimiento en tramo carretero entre Tijuana y Ensenada"},"content":{"rendered":"<p><a href=\"http:\/\/www.diarioimagen.net\/wp-content\/uploads\/2013\/12\/tijuana-2260.jpg\"><img loading=\"lazy\" decoding=\"async\" class=\"alignleft size-medium wp-image-158130\" style=\"margin-right: 9px; margin-bottom: 9px;\" alt=\"tijuana-2260\" src=\"http:\/\/www.diarioimagen.net\/wp-content\/uploads\/2013\/12\/tijuana-2260-240x135.jpg\" width=\"240\" height=\"135\" srcset=\"https:\/\/www.diarioimagen.net\/wp-content\/uploads\/2013\/12\/tijuana-2260-240x135.jpg 240w, https:\/\/www.diarioimagen.net\/wp-content\/uploads\/2013\/12\/tijuana-2260-420x236.jpg 420w, https:\/\/www.diarioimagen.net\/wp-content\/uploads\/2013\/12\/tijuana-2260-235x132.jpg 235w, https:\/\/www.diarioimagen.net\/wp-content\/uploads\/2013\/12\/tijuana-2260-202x114.jpg 202w, https:\/\/www.diarioimagen.net\/wp-content\/uploads\/2013\/12\/tijuana-2260-350x196.jpg 350w, https:\/\/www.diarioimagen.net\/wp-content\/uploads\/2013\/12\/tijuana-2260-220x123.jpg 220w, https:\/\/www.diarioimagen.net\/wp-content\/uploads\/2013\/12\/tijuana-2260-237x132.jpg 237w, https:\/\/www.diarioimagen.net\/wp-content\/uploads\/2013\/12\/tijuana-2260.jpg 480w\" sizes=\"auto, (max-width: 240px) 100vw, 240px\" \/><\/a>Autoridades del estado de Baja California reportaron un hundimiento de 40 metros en la carpeta asf\u00e1ltica de la carretera Esc\u00e9nica, a la altura del kil\u00f3metro 93 entre Tijuana y Ensenada, donde se ubica una falla s\u00edsmica.<\/p>\n<p>En su p\u00e1gina de twitter, Caminos y Puentes Federales (Capufe) advierte a los viajeros: \u00abPrecauci\u00f3n. Cierre total a la circulaci\u00f3n en la Aut. Tijuana-Ensenada km 93, en ambos sentidos, por afectaciones a la carpeta asf\u00e1ltica\u00bb.<\/p>\n<p>Por su parte, la Direcci\u00f3n Estatal de Protecci\u00f3n Civil (DEPC) se\u00f1al\u00f3 que el deslizamiento de tierra citado tiene una longitud aproximada de 40 metros, a la altura del kil\u00f3metro 93, donde se ubica una de las fallas s\u00edsmicas.<\/p>\n<p>La dependencia indic\u00f3 que el tramo carretero de cuota La Misi\u00f3n-San Miguel est\u00e1 cerrado en ambos sentidos y s\u00f3lo se admite tr\u00e1fico local, por el deslizamiento de terreno.<\/p>\n<p>Personal de distintas dependencias se encuentra en el lugar desde aproximadamente las 02:00 horas, cuando inici\u00f3 el hundimiento de la carpeta asf\u00e1ltica, sin que se tenga el registro de lesionados.<\/p>\n<p>La recomendaci\u00f3n de las autoridades es que los viajeros que necesiten trasladarse de Tijuana a Ensenada o viceversa, utilicen la carretera libre en el tramo comprendido entre La Misi\u00f3n y San Miguel.<\/p>\n","protected":false},"excerpt":{"rendered":"<p>Autoridades del estado de Baja California reportaron un hundimiento de 40 metros en la carpeta asf\u00e1ltica de la carretera Esc\u00e9nica, a la altura del kil\u00f3metro 93 entre Tijuana y Ensenada, donde se ubica una falla s\u00edsmica.<\/p>\n","protected":false},"author":3,"featured_media":158130,"comment_status":"open","ping_status":"open","sticky":false,"template":"","format":"standard","meta":{"_monsterinsights_skip_tracking":false,"_monsterinsights_sitenote_active":false,"_monsterinsights_sitenote_note":"","_monsterinsights_sitenote_category":0,"footnotes":""},"categories":[3],"tags":[7157,2926,9519,3282],"class_list":["post-158121","post","type-post","status-publish","format-standard","has-post-thumbnail","hentry","category-nacional","tag-caminos-y-puentes-federales","tag-capufe","tag-ensenada","tag-tijuana"],"_links":{"self":[{"href":"https:\/\/www.diarioimagen.net\/index.php?rest_route=\/wp\/v2\/posts\/158121","targetHints":{"allow":["GET"]}}],"collection":[{"href":"https:\/\/www.diarioimagen.net\/index.php?rest_route=\/wp\/v2\/posts"}],"about":[{"href":"https:\/\/www.diarioimagen.net\/index.php?rest_route=\/wp\/v2\/types\/post"}],"author":[{"embeddable":true,"href":"https:\/\/www.diarioimagen.net\/index.php?rest_route=\/wp\/v2\/users\/3"}],"replies":[{"embeddable":true,"href":"https:\/\/www.diarioimagen.net\/index.php?rest_route=%2Fwp%2Fv2%2Fcomments&post=158121"}],"version-history":[{"count":0,"href":"https:\/\/www.diarioimagen.net\/index.php?rest_route=\/wp\/v2\/posts\/158121\/revisions"}],"wp:featuredmedia":[{"embeddable":true,"href":"https:\/\/www.diarioimagen.net\/index.php?rest_route=\/wp\/v2\/media\/158130"}],"wp:attachment":[{"href":"https:\/\/www.diarioimagen.net\/index.php?rest_route=%2Fwp%2Fv2%2Fmedia&parent=158121"}],"wp:term":[{"taxonomy":"category","embeddable":true,"href":"https:\/\/www.diarioimagen.net\/index.php?rest_route=%2Fwp%2Fv2%2Fcategories&post=158121"},{"taxonomy":"post_tag","embeddable":true,"href":"https:\/\/www.diarioimagen.net\/index.php?rest_route=%2Fwp%2Fv2%2Ftags&post=158121"}],"curies":[{"name":"wp","href":"https:\/\/api.w.org\/{rel}","templated":true}]}}