{"id":158147,"date":"2013-12-31T00:09:19","date_gmt":"2013-12-31T06:09:19","guid":{"rendered":"http:\/\/www.diarioimagen.net\/?p=158147"},"modified":"2014-02-05T04:09:04","modified_gmt":"2014-02-05T10:09:04","slug":"mediran-alcance-economico-del-turismo","status":"publish","type":"post","link":"https:\/\/www.diarioimagen.net\/?p=158147","title":{"rendered":"Medir\u00e1n alcance econ\u00f3mico del turismo"},"content":{"rendered":"<h2>Arco Norte<\/h2>\n<h5>Jos\u00e9 Luis Monta\u00f1ez Aguilar<\/h5>\n<p><span>\u00a0<\/span><\/p>\n<div id=\"attachment_158177\" style=\"width: 250px\" class=\"wp-caption alignleft\"><a href=\"http:\/\/www.diarioimagen.net\/wp-content\/uploads\/2013\/12\/rosalinda-2261.jpg\"><img loading=\"lazy\" decoding=\"async\" aria-describedby=\"caption-attachment-158177\" class=\"size-medium wp-image-158177\" alt=\"Rosalinda Elizabeth Ben\u00edtez Gonz\u00e1lez, secretaria de Turismo estatal.\" src=\"http:\/\/www.diarioimagen.net\/wp-content\/uploads\/2013\/12\/rosalinda-2261-240x135.jpg\" width=\"240\" height=\"135\" srcset=\"https:\/\/www.diarioimagen.net\/wp-content\/uploads\/2013\/12\/rosalinda-2261-240x135.jpg 240w, https:\/\/www.diarioimagen.net\/wp-content\/uploads\/2013\/12\/rosalinda-2261-420x236.jpg 420w, https:\/\/www.diarioimagen.net\/wp-content\/uploads\/2013\/12\/rosalinda-2261-235x132.jpg 235w, https:\/\/www.diarioimagen.net\/wp-content\/uploads\/2013\/12\/rosalinda-2261-202x114.jpg 202w, https:\/\/www.diarioimagen.net\/wp-content\/uploads\/2013\/12\/rosalinda-2261-350x196.jpg 350w, https:\/\/www.diarioimagen.net\/wp-content\/uploads\/2013\/12\/rosalinda-2261-220x123.jpg 220w, https:\/\/www.diarioimagen.net\/wp-content\/uploads\/2013\/12\/rosalinda-2261-237x132.jpg 237w, https:\/\/www.diarioimagen.net\/wp-content\/uploads\/2013\/12\/rosalinda-2261.jpg 480w\" sizes=\"auto, (max-width: 240px) 100vw, 240px\" \/><\/a><p id=\"caption-attachment-158177\" class=\"wp-caption-text\">Rosalinda Elizabeth Ben\u00edtez Gonz\u00e1lez, secretaria de Turismo estatal.<\/p><\/div>\n<p>Con objeto de establecer un marco de referencia para cuantificar la derrama econ\u00f3mica que deja a la entidad el Turismo de Reuniones, el gobierno estatal recibi\u00f3 a trav\u00e9s de la Secretar\u00eda de Turismo, el estudio\u00a0\u201cMedici\u00f3n de la Relevancia Econ\u00f3mica de las Reuniones en el Estado de M\u00e9xico\u201d,<i>\u00a0<\/i>elaborado por la empresa internacional Global Meetings and Tourism Specialists.<\/p>\n<p>La secretaria de Turismo, Rosalinda Elizabeth Ben\u00edtez Gonz\u00e1lez, se\u00f1al\u00f3 que el Estado de M\u00e9xico es la primera entidad del pa\u00eds que invierte en un estudio como este, para conocer los alcances y beneficios del Turismo de Reuniones para los prestadores de servicios y los habitantes de los destinos donde se ejerce esta actividad.<\/p>\n<p>Se\u00f1al\u00f3 que en 2012 se realizaron 4 mil 488 reuniones en el estado, con una participaci\u00f3n de m\u00e1s de 300 mil personas, donde el 47 por ciento fueron convenciones y reuniones corporativas, 29 por ciento congresos y conferencias, 10 por ciento eventos de incentivos, 12 por ciento seminarios y uno por ciento ferias al consumidor, lo que gener\u00f3 una ocupaci\u00f3n equivalente al 19 por ciento del total en la entidad.<\/p>\n<p>Rosalinda Ben\u00edtez precis\u00f3 que el gasto per c\u00e1pita de los participantes nacionales fue de 6 mil 200 pesos al d\u00eda y el de los extranjeros ascendi\u00f3 a 10 mil 667 pesos; mientras la estad\u00eda de un turista de placer que visita el estado es de 1.4 noches, el de un visitante de reuniones registra una ocupaci\u00f3n de 2.9 noches, lo que demuestra el potencial que tiene esta actividad.<\/p>\n<p>Agreg\u00f3 que con este estudio se podr\u00e1 estimar el tama\u00f1o del mercado por tipo de evento, origen y gasto, as\u00ed como la derrama directa e indirecta que deja a la entidad. Con esto se demuestra el inter\u00e9s para que el Turismo de Reuniones se consolide en el estado y as\u00ed ubicarlo entre los cinco principales destinos del pa\u00eds donde se puede ejercer esta actividad.<b>\u00a0<\/b><\/p>\n","protected":false},"excerpt":{"rendered":"<p><span style=\"color: #005497;\"><strong>Jos\u00e9 Luis Monta\u00f1ez Aguilar<\/strong><\/span><br \/>\n<br \/>\nCon objeto de establecer un marco de referencia para cuantificar la derrama econ\u00f3mica que deja a la entidad el Turismo de Reuniones, el gobierno estatal recibi\u00f3 a trav\u00e9s de la Secretar\u00eda de Turismo, el estudio \u201cMedici\u00f3n de la Relevancia Econ\u00f3mica de las Reuniones en el Estado de M\u00e9xico\u201d, elaborado por la empresa internacional Global Meetings and Tourism Specialists.<\/p>\n","protected":false},"author":5,"featured_media":158177,"comment_status":"open","ping_status":"open","sticky":false,"template":"","format":"standard","meta":{"_monsterinsights_skip_tracking":false,"_monsterinsights_sitenote_active":false,"_monsterinsights_sitenote_note":"","_monsterinsights_sitenote_category":0,"footnotes":""},"categories":[11622],"tags":[43681],"class_list":["post-158147","post","type-post","status-publish","format-standard","has-post-thumbnail","hentry","category-jose-luis-montanez-aguilar","tag-turismo"],"_links":{"self":[{"href":"https:\/\/www.diarioimagen.net\/index.php?rest_route=\/wp\/v2\/posts\/158147","targetHints":{"allow":["GET"]}}],"collection":[{"href":"https:\/\/www.diarioimagen.net\/index.php?rest_route=\/wp\/v2\/posts"}],"about":[{"href":"https:\/\/www.diarioimagen.net\/index.php?rest_route=\/wp\/v2\/types\/post"}],"author":[{"embeddable":true,"href":"https:\/\/www.diarioimagen.net\/index.php?rest_route=\/wp\/v2\/users\/5"}],"replies":[{"embeddable":true,"href":"https:\/\/www.diarioimagen.net\/index.php?rest_route=%2Fwp%2Fv2%2Fcomments&post=158147"}],"version-history":[{"count":0,"href":"https:\/\/www.diarioimagen.net\/index.php?rest_route=\/wp\/v2\/posts\/158147\/revisions"}],"wp:featuredmedia":[{"embeddable":true,"href":"https:\/\/www.diarioimagen.net\/index.php?rest_route=\/wp\/v2\/media\/158177"}],"wp:attachment":[{"href":"https:\/\/www.diarioimagen.net\/index.php?rest_route=%2Fwp%2Fv2%2Fmedia&parent=158147"}],"wp:term":[{"taxonomy":"category","embeddable":true,"href":"https:\/\/www.diarioimagen.net\/index.php?rest_route=%2Fwp%2Fv2%2Fcategories&post=158147"},{"taxonomy":"post_tag","embeddable":true,"href":"https:\/\/www.diarioimagen.net\/index.php?rest_route=%2Fwp%2Fv2%2Ftags&post=158147"}],"curies":[{"name":"wp","href":"https:\/\/api.w.org\/{rel}","templated":true}]}}