{"id":158287,"date":"2014-01-05T12:09:28","date_gmt":"2014-01-05T18:09:28","guid":{"rendered":"http:\/\/www.diarioimagen.net\/?p=158287"},"modified":"2014-01-06T02:35:28","modified_gmt":"2014-01-06T08:35:28","slug":"se-extienden-autodefensas-y-toman-municipio-de-paracuaro","status":"publish","type":"post","link":"https:\/\/www.diarioimagen.net\/?p=158287","title":{"rendered":"Se extienden autodefensas y toman municipio de Par\u00e1cuaro"},"content":{"rendered":"<ul>\n<li><em><strong>Michoac\u00e1n suma 13 localidades donde operan civiles armados; su l\u00edder Manuel Mireles est\u00e1 grave tras accidente<\/strong><\/em><\/li>\n<\/ul>\n<p><span style=\"line-height: 1.5em;\"><img loading=\"lazy\" decoding=\"async\" class=\"alignleft size-medium wp-image-158288\" alt=\"autodefensa-portal\" src=\"http:\/\/www.diarioimagen.net\/wp-content\/uploads\/2014\/01\/autodefensa-portal-240x135.jpg\" width=\"240\" height=\"135\" srcset=\"https:\/\/www.diarioimagen.net\/wp-content\/uploads\/2014\/01\/autodefensa-portal-240x135.jpg 240w, https:\/\/www.diarioimagen.net\/wp-content\/uploads\/2014\/01\/autodefensa-portal-420x236.jpg 420w, https:\/\/www.diarioimagen.net\/wp-content\/uploads\/2014\/01\/autodefensa-portal-235x132.jpg 235w, https:\/\/www.diarioimagen.net\/wp-content\/uploads\/2014\/01\/autodefensa-portal-202x114.jpg 202w, https:\/\/www.diarioimagen.net\/wp-content\/uploads\/2014\/01\/autodefensa-portal-350x196.jpg 350w, https:\/\/www.diarioimagen.net\/wp-content\/uploads\/2014\/01\/autodefensa-portal-220x123.jpg 220w, https:\/\/www.diarioimagen.net\/wp-content\/uploads\/2014\/01\/autodefensa-portal-237x132.jpg 237w, https:\/\/www.diarioimagen.net\/wp-content\/uploads\/2014\/01\/autodefensa-portal.jpg 480w\" sizes=\"auto, (max-width: 240px) 100vw, 240px\" \/>MORELIA, Michoac\u00e1n.\u2014 Al menos 300 personas armadas, presuntos integrantes de guardias comunitarias de Tepalcatepec, Aguililla y Buenavista, a bordo de 40 veh\u00edculos irrumpieron en el municipio de Par\u00e1cuaro y se enfrentaron con un grupo antag\u00f3nico; el saldo. Una persona muerta.<\/span><\/p>\n<p>Fuentes de la Procuradur\u00eda de Justicia de Michoac\u00e1n confirmaron que los tambi\u00e9n llamados grupos de autodefensa despojaron de armamento y equipo a polic\u00edas municipales.<\/p>\n<p><span style=\"line-height: 1.5em;\">Par\u00e1cuaro es el municipio\u00a0 13 donde se han extendido las operaciones de las autodefensas desde hace nueve meses; el resto son Los Reyes, Buenavista , Tomatl\u00e1n, Tepalcatepec, Aguililla, Coalcom\u00e1n, Uruapan, Tanc\u00edtaro, Salvador Escalante, La Huacana, Churumuco, Aquila y Zit\u00e1cuaro.<\/span><\/p>\n<p>Manuel Mireles Valverde, el dirigente m\u00e1s visible de las autodefensas michoacanas, se encuentra grave tras caer la aeronave en la que viajaba; uno de sus acompa\u00f1antes muri\u00f3 en el accidente.<\/p>\n","protected":false},"excerpt":{"rendered":"<p>Al menos 300 personas armadas, presuntos integrantes de guardias comunitarias de Tepalcatepec, Aguililla y Buenavista, a bordo de 40 veh\u00edculos irrumpieron en el municipio de Par\u00e1cuaro y se enfrentaron con un grupo antag\u00f3nico; el saldo. Una persona muerta.<\/p>\n","protected":false},"author":5,"featured_media":158288,"comment_status":"open","ping_status":"open","sticky":false,"template":"","format":"standard","meta":{"_monsterinsights_skip_tracking":false,"_monsterinsights_sitenote_active":false,"_monsterinsights_sitenote_note":"","_monsterinsights_sitenote_category":0,"footnotes":""},"categories":[17,7],"tags":[27954,29678],"class_list":["post-158287","post","type-post","status-publish","format-standard","has-post-thumbnail","hentry","category-especiales","category-seguridad","tag-autodefensas","tag-paracuaro"],"_links":{"self":[{"href":"https:\/\/www.diarioimagen.net\/index.php?rest_route=\/wp\/v2\/posts\/158287","targetHints":{"allow":["GET"]}}],"collection":[{"href":"https:\/\/www.diarioimagen.net\/index.php?rest_route=\/wp\/v2\/posts"}],"about":[{"href":"https:\/\/www.diarioimagen.net\/index.php?rest_route=\/wp\/v2\/types\/post"}],"author":[{"embeddable":true,"href":"https:\/\/www.diarioimagen.net\/index.php?rest_route=\/wp\/v2\/users\/5"}],"replies":[{"embeddable":true,"href":"https:\/\/www.diarioimagen.net\/index.php?rest_route=%2Fwp%2Fv2%2Fcomments&post=158287"}],"version-history":[{"count":0,"href":"https:\/\/www.diarioimagen.net\/index.php?rest_route=\/wp\/v2\/posts\/158287\/revisions"}],"wp:featuredmedia":[{"embeddable":true,"href":"https:\/\/www.diarioimagen.net\/index.php?rest_route=\/wp\/v2\/media\/158288"}],"wp:attachment":[{"href":"https:\/\/www.diarioimagen.net\/index.php?rest_route=%2Fwp%2Fv2%2Fmedia&parent=158287"}],"wp:term":[{"taxonomy":"category","embeddable":true,"href":"https:\/\/www.diarioimagen.net\/index.php?rest_route=%2Fwp%2Fv2%2Fcategories&post=158287"},{"taxonomy":"post_tag","embeddable":true,"href":"https:\/\/www.diarioimagen.net\/index.php?rest_route=%2Fwp%2Fv2%2Ftags&post=158287"}],"curies":[{"name":"wp","href":"https:\/\/api.w.org\/{rel}","templated":true}]}}