{"id":158293,"date":"2014-01-06T00:03:15","date_gmt":"2014-01-06T06:03:15","guid":{"rendered":"http:\/\/www.diarioimagen.net\/?p=158293"},"modified":"2014-01-07T03:21:01","modified_gmt":"2014-01-07T09:21:01","slug":"procesan-por-desercion-a-4-mil-543-militares-en-28-anos","status":"publish","type":"post","link":"https:\/\/www.diarioimagen.net\/?p=158293","title":{"rendered":"Procesan por deserci\u00f3n a 4 mil 543 militares en 28 a\u00f1os"},"content":{"rendered":"<ul>\n<li><em><strong>IFAI solicita a la Sedena precisar informaci\u00f3n sobre los soldados condenados en ese lapso<\/strong><\/em><\/li>\n<\/ul>\n<div id=\"attachment_158294\" style=\"width: 250px\" class=\"wp-caption alignleft\"><img loading=\"lazy\" decoding=\"async\" aria-describedby=\"caption-attachment-158294\" class=\"size-medium wp-image-158294  \" alt=\"Explic\u00f3 que debido a que las sentencias en cuesti\u00f3n podr\u00edan contener informaci\u00f3n de car\u00e1cter confidencial, tales como datos personales, la Sedena deber\u00e1 elaborar versi\u00f3n p\u00fablica de las mismas.\" src=\"http:\/\/www.diarioimagen.net\/wp-content\/uploads\/2014\/01\/SEDENA-portal-240x135.jpg\" width=\"240\" height=\"135\" srcset=\"https:\/\/www.diarioimagen.net\/wp-content\/uploads\/2014\/01\/SEDENA-portal-240x135.jpg 240w, https:\/\/www.diarioimagen.net\/wp-content\/uploads\/2014\/01\/SEDENA-portal-420x236.jpg 420w, https:\/\/www.diarioimagen.net\/wp-content\/uploads\/2014\/01\/SEDENA-portal-235x132.jpg 235w, https:\/\/www.diarioimagen.net\/wp-content\/uploads\/2014\/01\/SEDENA-portal-202x114.jpg 202w, https:\/\/www.diarioimagen.net\/wp-content\/uploads\/2014\/01\/SEDENA-portal-350x196.jpg 350w, https:\/\/www.diarioimagen.net\/wp-content\/uploads\/2014\/01\/SEDENA-portal-220x123.jpg 220w, https:\/\/www.diarioimagen.net\/wp-content\/uploads\/2014\/01\/SEDENA-portal-237x132.jpg 237w, https:\/\/www.diarioimagen.net\/wp-content\/uploads\/2014\/01\/SEDENA-portal.jpg 480w\" sizes=\"auto, (max-width: 240px) 100vw, 240px\" \/><p id=\"caption-attachment-158294\" class=\"wp-caption-text\">Los desertores son bajas en el Ej\u00e9rcito y como tales se han tratado a lo largo de las \u00faltimas tres d\u00e9cadas, inform\u00f3 la Sedena.<\/p><\/div>\n<p>En respuesta a la petici\u00f3n de un particular, el Instituto Federal de Acceso a la Informaci\u00f3n y Protecci\u00f3n de Datos solicit\u00f3 a la Secretar\u00eda de la Defensa Nacional informar sobre los militares que fueron condenados debido a presuntos actos de deserci\u00f3n entre 1985 y 2013. Al ciudadano se le dijo en principio que, en dicho periodo, fueron procesados 4 mil 543 militares por abandonar su cargo.<\/p>\n<p>El IFAI explic\u00f3 en un comunicado que el particular pidi\u00f3 esa informaci\u00f3n, incluida la relacionada con los rangos de los militares, pero la Sedena proporcion\u00f3 una tabla con los grados de los uniformados y el n\u00famero de quienes fueron sometidos a juicio.<\/p>\n<p>La Sedena tambi\u00e9n respondi\u00f3 que los nombres de ese personal se encontraban clasificados con fundamento en el art\u00edculo 13, fracci\u00f3n IV, y el 18, fracci\u00f3n II de la Ley Federal de Transparencia y Acceso a la Informaci\u00f3n P\u00fablica Gubernamental.<\/p>\n<p>El particular interpuso un recurso de revisi\u00f3n ante el IFAI, que fue turnado al comisionado presidente Gerardo Laveaga, en el que impugn\u00f3 la clasificaci\u00f3n de los nombres y manifest\u00f3 que en la solicitud diversa con n\u00famero de folio 0000700134913, el sujeto obligado puso a disposici\u00f3n informaci\u00f3n similar.<\/p>\n<p>Ante ello, la dependencia notific\u00f3 que la informaci\u00f3n requerida estaba disponible en la modalidad de consulta directa, toda vez que se encontraba en los libros de gobierno de cada una de las prisiones militares adscritas a la primera, tercera y quinta regi\u00f3n militar, en cada caso.<\/p>\n<p>La Sedena argument\u00f3 que no era posible dar acceso a toda la informaci\u00f3n requerida por el particular en virtud del volumen de la documentaci\u00f3n, sin embargo, el comisionado ponente consider\u00f3 que es posible advertir el delito por el que se juzg\u00f3 a un militar en concreto, los datos de identificaci\u00f3n de \u00e9ste y la fecha de emisi\u00f3n.<\/p>\n<p>Adem\u00e1s, Laveaga Rend\u00f3n se\u00f1al\u00f3 que se debe distinguir entre el nombre de los militares procesados y declarados culpables, de aquellos enjuiciados y absueltos.<\/p>\n<p>El IFAI tambi\u00e9n instruy\u00f3 al sujeto obligado poner a disposici\u00f3n del particular, las sentencias condenatorias de los militares juzgados por el delito de deserci\u00f3n, en el periodo referido. Lo anterior, en las modalidades de copia simple o copia certificada. Explic\u00f3 que debido a que las sentencias en cuesti\u00f3n podr\u00edan contener informaci\u00f3n de car\u00e1cter confidencial, tales como datos personales, la Sedena deber\u00e1 elaborar versi\u00f3n p\u00fablica de las mismas.<b><\/b><\/p>\n","protected":false},"excerpt":{"rendered":"<p>En respuesta a la petici\u00f3n de un particular, el Instituto Federal de Acceso a la Informaci\u00f3n y Protecci\u00f3n de Datos solicit\u00f3 a la Secretar\u00eda de la Defensa Nacional informar sobre los militares que fueron condenados debido a presuntos actos de deserci\u00f3n entre 1985 y 2013. Al ciudadano se le dijo en principio que, en dicho periodo, fueron procesados 4 mil 543 militares por abandonar su cargo.<\/p>\n","protected":false},"author":5,"featured_media":158294,"comment_status":"open","ping_status":"open","sticky":false,"template":"","format":"standard","meta":{"_monsterinsights_skip_tracking":false,"_monsterinsights_sitenote_active":false,"_monsterinsights_sitenote_note":"","_monsterinsights_sitenote_category":0,"footnotes":""},"categories":[17,3],"tags":[6745,24658,3353],"class_list":["post-158293","post","type-post","status-publish","format-standard","has-post-thumbnail","hentry","category-especiales","category-nacional","tag-ifai","tag-instituto-federal-de-acceso-a-la-informacion-y-proteccion-de-datos","tag-sedena"],"_links":{"self":[{"href":"https:\/\/www.diarioimagen.net\/index.php?rest_route=\/wp\/v2\/posts\/158293","targetHints":{"allow":["GET"]}}],"collection":[{"href":"https:\/\/www.diarioimagen.net\/index.php?rest_route=\/wp\/v2\/posts"}],"about":[{"href":"https:\/\/www.diarioimagen.net\/index.php?rest_route=\/wp\/v2\/types\/post"}],"author":[{"embeddable":true,"href":"https:\/\/www.diarioimagen.net\/index.php?rest_route=\/wp\/v2\/users\/5"}],"replies":[{"embeddable":true,"href":"https:\/\/www.diarioimagen.net\/index.php?rest_route=%2Fwp%2Fv2%2Fcomments&post=158293"}],"version-history":[{"count":0,"href":"https:\/\/www.diarioimagen.net\/index.php?rest_route=\/wp\/v2\/posts\/158293\/revisions"}],"wp:featuredmedia":[{"embeddable":true,"href":"https:\/\/www.diarioimagen.net\/index.php?rest_route=\/wp\/v2\/media\/158294"}],"wp:attachment":[{"href":"https:\/\/www.diarioimagen.net\/index.php?rest_route=%2Fwp%2Fv2%2Fmedia&parent=158293"}],"wp:term":[{"taxonomy":"category","embeddable":true,"href":"https:\/\/www.diarioimagen.net\/index.php?rest_route=%2Fwp%2Fv2%2Fcategories&post=158293"},{"taxonomy":"post_tag","embeddable":true,"href":"https:\/\/www.diarioimagen.net\/index.php?rest_route=%2Fwp%2Fv2%2Ftags&post=158293"}],"curies":[{"name":"wp","href":"https:\/\/api.w.org\/{rel}","templated":true}]}}