{"id":158299,"date":"2014-01-05T18:41:58","date_gmt":"2014-01-06T00:41:58","guid":{"rendered":"http:\/\/www.diarioimagen.net\/?p=158299"},"modified":"2014-01-06T02:36:02","modified_gmt":"2014-01-06T08:36:02","slug":"estable-estado-de-salud-del-lider-de-autodefensas","status":"publish","type":"post","link":"https:\/\/www.diarioimagen.net\/?p=158299","title":{"rendered":"Estable, estado de salud del l\u00edder de autodefensas"},"content":{"rendered":"<ul>\n<li><em><strong>Matan a un autodefensa tras toma de cabecera municipal de Par\u00e1cuaro, Michoac\u00e1n<\/strong><\/em><\/li>\n<\/ul>\n<div id=\"attachment_158300\" style=\"width: 250px\" class=\"wp-caption alignleft\"><img loading=\"lazy\" decoding=\"async\" aria-describedby=\"caption-attachment-158300\" class=\"size-medium wp-image-158300\" alt=\"Mireles result\u00f3 herido tras un presunto percance en el aterrizaje de la avioneta en que viajaba en la que muri\u00f3 una persona y cuatro m\u00e1s resultaron lesionadas. \" src=\"http:\/\/www.diarioimagen.net\/wp-content\/uploads\/2014\/01\/mireles-portal-240x135.jpg\" width=\"240\" height=\"135\" srcset=\"https:\/\/www.diarioimagen.net\/wp-content\/uploads\/2014\/01\/mireles-portal-240x135.jpg 240w, https:\/\/www.diarioimagen.net\/wp-content\/uploads\/2014\/01\/mireles-portal-420x236.jpg 420w, https:\/\/www.diarioimagen.net\/wp-content\/uploads\/2014\/01\/mireles-portal-235x132.jpg 235w, https:\/\/www.diarioimagen.net\/wp-content\/uploads\/2014\/01\/mireles-portal-202x114.jpg 202w, https:\/\/www.diarioimagen.net\/wp-content\/uploads\/2014\/01\/mireles-portal-350x196.jpg 350w, https:\/\/www.diarioimagen.net\/wp-content\/uploads\/2014\/01\/mireles-portal-220x123.jpg 220w, https:\/\/www.diarioimagen.net\/wp-content\/uploads\/2014\/01\/mireles-portal-237x132.jpg 237w, https:\/\/www.diarioimagen.net\/wp-content\/uploads\/2014\/01\/mireles-portal.jpg 480w\" sizes=\"auto, (max-width: 240px) 100vw, 240px\" \/><p id=\"caption-attachment-158300\" class=\"wp-caption-text\">Mireles result\u00f3 herido tras un presunto percance en el aterrizaje de la avioneta en que viajaba en la que muri\u00f3 una persona y cuatro m\u00e1s resultaron lesionadas.<\/p><\/div>\n<p>Luego de que la Procuradur\u00eda General de Justicia de Michoac\u00e1n asegur\u00f3 que su estado de salud de es estable, Jos\u00e9 Manuel Mireles Valverde coordinador de los grupos de autodefensa de la Sierra-Tierra Caliente fue trasladado sin que se dijera el nuevo lugar en el que ser\u00e1 hospitalizado.<\/p>\n<p><span style=\"line-height: 1.5em;\">Mireles result\u00f3 herido tras un presunto percance en el aterrizaje de la avioneta en que viajaba en la que muri\u00f3 una persona y cuatro m\u00e1s resultaron lesionadas. Al ser hospitalizado por primera vez, presentaba traumatismo craneoencef\u00e1lico leve y mand\u00edbula dislocada.<\/span><\/p>\n<p><span style=\"line-height: 1.5em;\">El jefe de las autodefensas ha permanecido consciente desde que ingres\u00f3 al Hospital Integral Comunitario de La Huacana y luego fue trasladado a Morelia. Posteriormente, en medio de un fuerte dispositivo de seguridad implementado por fuerzas federales, a las 11:30 horas de este domingo, el doctor Mireles fue llevado a un lugar a\u00fan no revelado por razones de seguridad, presumiblemente a un hospital en el Distrito Federal.<\/span><\/p>\n<p><span style=\"line-height: 1.5em;\">Fueron dos, las razones para el traslado de Mireles Valverde: una, por cuestiones de seguridad; la otra, para mejorar su atenci\u00f3n m\u00e9dica.<\/span><\/p>\n","protected":false},"excerpt":{"rendered":"<p>Luego de que la Procuradur\u00eda General de Justicia de Michoac\u00e1n asegur\u00f3 que su estado de salud de es estable, Jos\u00e9 Manuel Mireles Valverde coordinador de los grupos de autodefensa de la Sierra-Tierra Caliente fue trasladado sin que se dijera el nuevo lugar en el que ser\u00e1 hospitalizado.<\/p>\n","protected":false},"author":5,"featured_media":158300,"comment_status":"open","ping_status":"open","sticky":false,"template":"","format":"standard","meta":{"_monsterinsights_skip_tracking":false,"_monsterinsights_sitenote_active":false,"_monsterinsights_sitenote_note":"","_monsterinsights_sitenote_category":0,"footnotes":""},"categories":[17,7],"tags":[27954,29686,803,29678],"class_list":["post-158299","post","type-post","status-publish","format-standard","has-post-thumbnail","hentry","category-especiales","category-seguridad","tag-autodefensas","tag-jose-manuel-mireles-valverde","tag-michoacan","tag-paracuaro"],"_links":{"self":[{"href":"https:\/\/www.diarioimagen.net\/index.php?rest_route=\/wp\/v2\/posts\/158299","targetHints":{"allow":["GET"]}}],"collection":[{"href":"https:\/\/www.diarioimagen.net\/index.php?rest_route=\/wp\/v2\/posts"}],"about":[{"href":"https:\/\/www.diarioimagen.net\/index.php?rest_route=\/wp\/v2\/types\/post"}],"author":[{"embeddable":true,"href":"https:\/\/www.diarioimagen.net\/index.php?rest_route=\/wp\/v2\/users\/5"}],"replies":[{"embeddable":true,"href":"https:\/\/www.diarioimagen.net\/index.php?rest_route=%2Fwp%2Fv2%2Fcomments&post=158299"}],"version-history":[{"count":0,"href":"https:\/\/www.diarioimagen.net\/index.php?rest_route=\/wp\/v2\/posts\/158299\/revisions"}],"wp:featuredmedia":[{"embeddable":true,"href":"https:\/\/www.diarioimagen.net\/index.php?rest_route=\/wp\/v2\/media\/158300"}],"wp:attachment":[{"href":"https:\/\/www.diarioimagen.net\/index.php?rest_route=%2Fwp%2Fv2%2Fmedia&parent=158299"}],"wp:term":[{"taxonomy":"category","embeddable":true,"href":"https:\/\/www.diarioimagen.net\/index.php?rest_route=%2Fwp%2Fv2%2Fcategories&post=158299"},{"taxonomy":"post_tag","embeddable":true,"href":"https:\/\/www.diarioimagen.net\/index.php?rest_route=%2Fwp%2Fv2%2Ftags&post=158299"}],"curies":[{"name":"wp","href":"https:\/\/api.w.org\/{rel}","templated":true}]}}