{"id":158310,"date":"2014-01-06T00:13:14","date_gmt":"2014-01-06T06:13:14","guid":{"rendered":"http:\/\/www.diarioimagen.net\/?p=158310"},"modified":"2014-02-05T04:07:19","modified_gmt":"2014-02-05T10:07:19","slug":"salud-tema-prioritario-en-el-edomex","status":"publish","type":"post","link":"https:\/\/www.diarioimagen.net\/?p=158310","title":{"rendered":"Salud, tema prioritario en el Edomex"},"content":{"rendered":"<h2>Arco Norte<\/h2>\n<h5>Jos\u00e9 Luis Monta\u00f1ez Aguilar<\/h5>\n<p><span>\u00a0<\/span><\/p>\n<div id=\"attachment_158415\" style=\"width: 250px\" class=\"wp-caption alignleft\"><a href=\"http:\/\/www.diarioimagen.net\/wp-content\/uploads\/2014\/01\/edomex-2264.jpg\"><img loading=\"lazy\" decoding=\"async\" aria-describedby=\"caption-attachment-158415\" class=\"size-medium wp-image-158415\" alt=\"Centro M\u00e9dico Adolfo L\u00f3pez Mateos, en Toluca.\" src=\"http:\/\/www.diarioimagen.net\/wp-content\/uploads\/2014\/01\/edomex-2264-240x135.jpg\" width=\"240\" height=\"135\" srcset=\"https:\/\/www.diarioimagen.net\/wp-content\/uploads\/2014\/01\/edomex-2264-240x135.jpg 240w, https:\/\/www.diarioimagen.net\/wp-content\/uploads\/2014\/01\/edomex-2264-420x236.jpg 420w, https:\/\/www.diarioimagen.net\/wp-content\/uploads\/2014\/01\/edomex-2264-235x132.jpg 235w, https:\/\/www.diarioimagen.net\/wp-content\/uploads\/2014\/01\/edomex-2264-202x114.jpg 202w, https:\/\/www.diarioimagen.net\/wp-content\/uploads\/2014\/01\/edomex-2264-350x196.jpg 350w, https:\/\/www.diarioimagen.net\/wp-content\/uploads\/2014\/01\/edomex-2264-220x123.jpg 220w, https:\/\/www.diarioimagen.net\/wp-content\/uploads\/2014\/01\/edomex-2264-237x132.jpg 237w, https:\/\/www.diarioimagen.net\/wp-content\/uploads\/2014\/01\/edomex-2264.jpg 480w\" sizes=\"auto, (max-width: 240px) 100vw, 240px\" \/><\/a><p id=\"caption-attachment-158415\" class=\"wp-caption-text\">Centro M\u00e9dico Adolfo L\u00f3pez Mateos, en Toluca.<\/p><\/div>\n<p><span>Junto al centro m\u00e9dico \u201cAdolfo L\u00f3pez Mateos\u201d, en Toluca, se construye un banco de tejidos, primero en su tipo del sector p\u00fablico que colocar\u00e1 al Estado de M\u00e9xico a la vanguardia nacional, pues 90 por ciento de este tipo de infraestructura para la salud pertenece a la iniciativa privada, se\u00f1al\u00f3 el gobernador Eruviel \u00c1vila Villegas. El mandatario se\u00f1ala quie ser\u00e1 el primero en su tipo del sector p\u00fablico, que permitir\u00e1 no s\u00f3lo consolidar a la entidad en el primer lugar nacional en trasplantes de c\u00f3rneas, sino que se podr\u00e1n procesar tejidos, ligamentos, piel y huesos, que ser\u00e1n suministrados a bajo costo o, incluso, de manera gratuita para tener mexiquenses m\u00e1s sanos y adem\u00e1s apoyar a personas de otros estados. Explic\u00f3 que las instalaciones, en las que se invierten 37 millones de pesos, se edifican junto al centro m\u00e9dico \u201cAdolfo L\u00f3pez Mateos\u201d, en Toluca, lo que coloca al Estado de M\u00e9xico a la vanguardia nacional, pues 90 por ciento de los bancos de este tipo pertenecen a la iniciativa privada. El gobernador agreg\u00f3 que, adem\u00e1s, se contar\u00e1 con un laboratorio PCR con capacidad para realizar 600 estudios de tejidos por a\u00f1o y seleccionar s\u00f3lo los que se encuentren sanos para su procesamiento y sean \u00fatiles para trasplante, con lo cual los tiempos de diagn\u00f3stico pasar\u00e1n de seis meses a tan s\u00f3lo 72 horas, y disminuir\u00e1n los costos de los estudios. Eruviel \u00c1vila destac\u00f3 que con este centro, se incrementar\u00e1 en 25 por ciento el n\u00famero de trasplantes de c\u00f3rneas, al pasar de 50 a 75 por ciento del total a nivel nacional, con lo que la entidad seguir\u00e1 ocupando el primer lugar en este tipo de cirug\u00edas. Asimismo, este banco de tejidos tendr\u00e1 un gran impacto en la econom\u00eda de las familias, pues 60 por ciento de los tejidos que actualmente se utilizan en instituciones p\u00fablicas y privadas son importados.<\/span><\/p>\n<p><em><\/em><em><a href=\"mailto:montanezaguilar@gmail.com\" target=\"_blank\">montanezaguilar@gmail.com<\/a><\/em><\/p>\n","protected":false},"excerpt":{"rendered":"<p><span style=\"color: #005497;\"><strong>Jos\u00e9 Luis Monta\u00f1ez Aguilar<\/strong><\/span><br \/>\n<br \/>\nJunto al centro m\u00e9dico \u201cAdolfo L\u00f3pez Mateos\u201d, en Toluca, se construye un<\/p>\n","protected":false},"author":3,"featured_media":158415,"comment_status":"open","ping_status":"open","sticky":false,"template":"","format":"standard","meta":{"_monsterinsights_skip_tracking":false,"_monsterinsights_sitenote_active":false,"_monsterinsights_sitenote_note":"","_monsterinsights_sitenote_category":0,"footnotes":""},"categories":[11622],"tags":[13284,5828,43675,43704,43674],"class_list":["post-158310","post","type-post","status-publish","format-standard","has-post-thumbnail","hentry","category-jose-luis-montanez-aguilar","tag-arco-norte","tag-eruviel-avila-villegas","tag-estado-de-mexico","tag-jose-luis-montanez-aguilar","tag-opinion"],"_links":{"self":[{"href":"https:\/\/www.diarioimagen.net\/index.php?rest_route=\/wp\/v2\/posts\/158310","targetHints":{"allow":["GET"]}}],"collection":[{"href":"https:\/\/www.diarioimagen.net\/index.php?rest_route=\/wp\/v2\/posts"}],"about":[{"href":"https:\/\/www.diarioimagen.net\/index.php?rest_route=\/wp\/v2\/types\/post"}],"author":[{"embeddable":true,"href":"https:\/\/www.diarioimagen.net\/index.php?rest_route=\/wp\/v2\/users\/3"}],"replies":[{"embeddable":true,"href":"https:\/\/www.diarioimagen.net\/index.php?rest_route=%2Fwp%2Fv2%2Fcomments&post=158310"}],"version-history":[{"count":0,"href":"https:\/\/www.diarioimagen.net\/index.php?rest_route=\/wp\/v2\/posts\/158310\/revisions"}],"wp:featuredmedia":[{"embeddable":true,"href":"https:\/\/www.diarioimagen.net\/index.php?rest_route=\/wp\/v2\/media\/158415"}],"wp:attachment":[{"href":"https:\/\/www.diarioimagen.net\/index.php?rest_route=%2Fwp%2Fv2%2Fmedia&parent=158310"}],"wp:term":[{"taxonomy":"category","embeddable":true,"href":"https:\/\/www.diarioimagen.net\/index.php?rest_route=%2Fwp%2Fv2%2Fcategories&post=158310"},{"taxonomy":"post_tag","embeddable":true,"href":"https:\/\/www.diarioimagen.net\/index.php?rest_route=%2Fwp%2Fv2%2Ftags&post=158310"}],"curies":[{"name":"wp","href":"https:\/\/api.w.org\/{rel}","templated":true}]}}