{"id":158325,"date":"2014-01-06T00:06:42","date_gmt":"2014-01-06T06:06:42","guid":{"rendered":"http:\/\/www.diarioimagen.net\/?p=158325"},"modified":"2014-01-07T03:21:17","modified_gmt":"2014-01-07T09:21:17","slug":"profeco-clausura-casas-de-empeno","status":"publish","type":"post","link":"https:\/\/www.diarioimagen.net\/?p=158325","title":{"rendered":"Profeco clausura casas de empe\u00f1o"},"content":{"rendered":"<ul>\n<li><em><strong>La Fundaci\u00f3n Rafael Dond\u00e9 y el Montep\u00edo Luz Savi\u00f1\u00f3n infringieron la Ley del Consumidor y Normas Oficiales<\/strong><\/em><\/li>\n<li><em><strong>Tambi\u00e9n al Monte de Piedad<\/strong><\/em><\/li>\n<\/ul>\n<h6>Jos\u00e9 Luis Monta\u00f1ez<\/h6>\n<div id=\"attachment_158395\" style=\"width: 250px\" class=\"wp-caption alignleft\"><a href=\"http:\/\/www.diarioimagen.net\/wp-content\/uploads\/2014\/01\/monte-2264.jpg\"><img loading=\"lazy\" decoding=\"async\" aria-describedby=\"caption-attachment-158395\" class=\"size-medium wp-image-158395\" alt=\"Sucursales del Nacional Monte de Piedad de la capital del pa\u00eds fueron suspendidas por la Profeco, al encontrar irregularidades en su operaci\u00f3n.\" src=\"http:\/\/www.diarioimagen.net\/wp-content\/uploads\/2014\/01\/monte-2264-240x135.jpg\" width=\"240\" height=\"135\" srcset=\"https:\/\/www.diarioimagen.net\/wp-content\/uploads\/2014\/01\/monte-2264-240x135.jpg 240w, https:\/\/www.diarioimagen.net\/wp-content\/uploads\/2014\/01\/monte-2264-420x236.jpg 420w, https:\/\/www.diarioimagen.net\/wp-content\/uploads\/2014\/01\/monte-2264-235x132.jpg 235w, https:\/\/www.diarioimagen.net\/wp-content\/uploads\/2014\/01\/monte-2264-202x114.jpg 202w, https:\/\/www.diarioimagen.net\/wp-content\/uploads\/2014\/01\/monte-2264-350x196.jpg 350w, https:\/\/www.diarioimagen.net\/wp-content\/uploads\/2014\/01\/monte-2264-220x123.jpg 220w, https:\/\/www.diarioimagen.net\/wp-content\/uploads\/2014\/01\/monte-2264-237x132.jpg 237w, https:\/\/www.diarioimagen.net\/wp-content\/uploads\/2014\/01\/monte-2264.jpg 480w\" sizes=\"auto, (max-width: 240px) 100vw, 240px\" \/><\/a><p id=\"caption-attachment-158395\" class=\"wp-caption-text\">Sucursales del Nacional Monte de Piedad de la capital del pa\u00eds fueron suspendidas por la Profeco, al encontrar irregularidades en su operaci\u00f3n.<\/p><\/div>\n<p>La Procuradur\u00eda Federal del Consumidor (Profeco) coloc\u00f3 sellos de suspensi\u00f3n de actividades comerciales en sucursales capitalinas del Nacional Monte de Piedad y de la Fundaci\u00f3n Rafael Dond\u00e9, por infringir la Ley Federal de Protecci\u00f3n al Consumidor y Normas Oficiales Mexicanas.<\/p>\n<p>Expone en un comunicado que en las sucursales de ambas instituciones no se podr\u00e1n realizar nuevas operaciones de empe\u00f1o, pero los procedimientos administrativos no afectan a consumidores que tienen que refrendar o desempe\u00f1ar prendas. Refiere que adem\u00e1s se impondr\u00e1 una sanci\u00f3n a la instituci\u00f3n de asistencia privada (IAP) Montep\u00edo Luz Savi\u00f1\u00f3n por su negativa a la visita de verificaci\u00f3n.<\/p>\n<p>Entre las irregularidades detectadas est\u00e1n no contar con contrato de adhesi\u00f3n registrado ante la Profeco, y no proporcionar al consumidor de manera clara, visible y veraz informaci\u00f3n relativa al porcentaje del pr\u00e9stamo conforme al aval\u00fao de la prenda.<\/p>\n<p>Tampoco sobre el ramo de prendas aceptadas, la tasa de inter\u00e9s anualizada que se cobra sobre los saldos insolutos, el costo anual total, los gastos por almacenaje, plazo de pago, requisitos para el desempe\u00f1o de la prenda, la cantidad de refrendos a que tiene derecho el consumidor, los requisitos y condiciones de los mismos.<\/p>\n<p>De igual manera, no se informa el procedimiento de comercializaci\u00f3n de la prenda, requisitos y condiciones de la misma, gastos por almacenaje -en caso de no recoger la prenda desempe\u00f1ada-, as\u00ed como las condiciones de venta, entre otras.<\/p>\n<p>Personal de la Profeco realiz\u00f3 las acciones de verificaci\u00f3n en casas de empe\u00f1o e Instituciones de Asistencia Privada en las delegaciones Cuauht\u00e9moc, Miguel Hidalgo y Benito Ju\u00e1rez del Distrito Federal. Esto, como parte de su Programa Nacional de Verificaci\u00f3n de Casas de Empe\u00f1o 2014 y ante el incremento de la demanda en servicios que prestan dichas instituciones durante la llamada \u201ccuesta de enero\u201d.<\/p>\n","protected":false},"excerpt":{"rendered":"<p><span style=\"color: #005497;\"><strong>Jos\u00e9 Luis Monta\u00f1ez<\/strong><\/span><br \/>\n<br \/>\nLa Procuradur\u00eda Federal del Consumidor (Profeco) coloc\u00f3 sellos de suspensi\u00f3n de actividades comerciales en sucursales capitalinas del Nacional Monte de Piedad y de la Fundaci\u00f3n Rafael Dond\u00e9, por infringir la Ley Federal de Protecci\u00f3n al Consumidor y Normas Oficiales Mexicanas.<\/p>\n","protected":false},"author":3,"featured_media":158395,"comment_status":"open","ping_status":"open","sticky":false,"template":"","format":"standard","meta":{"_monsterinsights_skip_tracking":false,"_monsterinsights_sitenote_active":false,"_monsterinsights_sitenote_note":"","_monsterinsights_sitenote_category":0,"footnotes":""},"categories":[17,3],"tags":[15056,6731,43704,43673,29423,356],"class_list":["post-158325","post","type-post","status-publish","format-standard","has-post-thumbnail","hentry","category-especiales","category-nacional","tag-casas-de-empeno","tag-clausura","tag-jose-luis-montanez-aguilar","tag-nacional","tag-procuraduria-federal-del-consumidor","tag-profeco"],"_links":{"self":[{"href":"https:\/\/www.diarioimagen.net\/index.php?rest_route=\/wp\/v2\/posts\/158325","targetHints":{"allow":["GET"]}}],"collection":[{"href":"https:\/\/www.diarioimagen.net\/index.php?rest_route=\/wp\/v2\/posts"}],"about":[{"href":"https:\/\/www.diarioimagen.net\/index.php?rest_route=\/wp\/v2\/types\/post"}],"author":[{"embeddable":true,"href":"https:\/\/www.diarioimagen.net\/index.php?rest_route=\/wp\/v2\/users\/3"}],"replies":[{"embeddable":true,"href":"https:\/\/www.diarioimagen.net\/index.php?rest_route=%2Fwp%2Fv2%2Fcomments&post=158325"}],"version-history":[{"count":0,"href":"https:\/\/www.diarioimagen.net\/index.php?rest_route=\/wp\/v2\/posts\/158325\/revisions"}],"wp:featuredmedia":[{"embeddable":true,"href":"https:\/\/www.diarioimagen.net\/index.php?rest_route=\/wp\/v2\/media\/158395"}],"wp:attachment":[{"href":"https:\/\/www.diarioimagen.net\/index.php?rest_route=%2Fwp%2Fv2%2Fmedia&parent=158325"}],"wp:term":[{"taxonomy":"category","embeddable":true,"href":"https:\/\/www.diarioimagen.net\/index.php?rest_route=%2Fwp%2Fv2%2Fcategories&post=158325"},{"taxonomy":"post_tag","embeddable":true,"href":"https:\/\/www.diarioimagen.net\/index.php?rest_route=%2Fwp%2Fv2%2Ftags&post=158325"}],"curies":[{"name":"wp","href":"https:\/\/api.w.org\/{rel}","templated":true}]}}