{"id":158328,"date":"2014-01-06T00:02:49","date_gmt":"2014-01-06T06:02:49","guid":{"rendered":"http:\/\/www.diarioimagen.net\/?p=158328"},"modified":"2014-01-06T23:54:29","modified_gmt":"2014-01-07T05:54:29","slug":"otra-del-sat","status":"publish","type":"post","link":"https:\/\/www.diarioimagen.net\/?p=158328","title":{"rendered":"Otra del SAT"},"content":{"rendered":"<h2>Acta P\u00fablica<\/h2>\n<h5>Claudia Rodr\u00edguez<\/h5>\n<p><span><br \/>\nDice el jefe de la autoridad fiscal del pa\u00eds, Arist\u00f3teles N\u00fa\u00f1ez, que \u00a0a la Procuradur\u00eda para la Defensa del Contribuyente (Prodecon), no le corresponde hacer juicios de valor sobre si existe o no violaci\u00f3n de derechos humanos a los contribuyentes al publicar la lista de \u201calgunos\u201d morosos y que s\u00f3lo ser\u00e1n respetuosos de las instancias que s\u00ed est\u00e1n facultadas. As\u00ed o m\u00e1s soberbio el se\u00f1or N\u00fa\u00f1ez.<\/span><\/p>\n<p>Resulta pues que la defensor\u00eda del contribuyente de acuerdo a los par\u00e1metros del jefe m\u00e1ximo del SAT, nada tiene que hacer en sus terrenos.\u00a0Lo cual nos deja claro a los pagadores de impuestos que o nos las arreglamos directamente con la instancia recaudadora o mediante un abogado o no hay de otra.<\/p>\n<p>Otra incongruencia del SAT \u2014quiz\u00e1 hasta burla o cobijo para algunos\u2014, tal vez falta clara de buen oficio y no corrupci\u00f3n, es el se\u00f1alar que no todos los deudores aparecen en esta lista:\u00a0 La explicaci\u00f3n:\u00a0son muchos deudores.<\/p>\n<p>Y que ninguno de los que aparecen en dicho listado fue sorprendido, pues seg\u00fan se se\u00f1al\u00f3 desde el a\u00f1o pasado fueron notificados de sus adeudos.\u00a0Sin embargo, lo que el se\u00f1or N\u00fa\u00f1ez no entiende, son las consecuencias y el desconcierto de publicar un listado con acceso p\u00fablico.<\/p>\n<p>Pero el jefe del SAT, Arist\u00f3teles N\u00fa\u00f1ez, advierte que la publicaci\u00f3n de la relaci\u00f3n de los morosos en impuestos se hizo en estricto apego a las nuevas disposiciones del art\u00edculo 69 del C\u00f3digo Fiscal de la Federaci\u00f3n y que no hay ninguna violaci\u00f3n a los derechos humanos.<\/p>\n<p>M\u00e1s claro, ni el agua.\u00a0El principal objetivo de esta administraci\u00f3n es cobrar los impuestos a como d\u00e9 lugar para \u00bfsanear? sus finanzas, las de sus gobernados esas, pueden esperar.<\/p>\n<p>Pero el asunto no terminar\u00e1 aqu\u00ed, ya veremos que dice, el secretario de Hacienda, Luis Videgaray y alguna otra instancia que sea digna de tomar en cuenta por el cobrador del SAT.<\/p>\n<p><b><i>Acta Divina\u2026<\/i><\/b>El jefe del SAT se\u00f1al\u00f3 que el a\u00f1o pasado muchos de los que hoy aparecen en las listas de deudores de impuestos, pidieron la posibilidad de ponerse al corriente, a trav\u00e9s de un programa de condonaci\u00f3n que ofreci\u00f3 el\u00a0Poder Legislativo, y que los contribuyentes conocieron de esa situaci\u00f3n y tuvieron la oportunidad de pagar su cr\u00e9dito fiscal con una condonaci\u00f3n importante.<\/p>\n<p><b><i>Para advertir\u2026<\/i><\/b> La Secretar\u00eda de Hacienda prev\u00e9 que con las reformas estructurales el crecimiento del pa\u00eds sea de hasta 5.0 por ciento para 2018.<\/p>\n<p><em><a href=\"mailto:actapublica@gmail.com\" target=\"_blank\">actapublica@gmail.com<\/a><\/em><\/p>\n","protected":false},"excerpt":{"rendered":"<p><span style=\"color: #005497;\"><strong>Claudia Rodr\u00edguez<\/strong><\/span><\/p>\n","protected":false},"author":3,"featured_media":0,"comment_status":"open","ping_status":"open","sticky":false,"template":"","format":"standard","meta":{"_monsterinsights_skip_tracking":false,"_monsterinsights_sitenote_active":false,"_monsterinsights_sitenote_note":"","_monsterinsights_sitenote_category":0,"footnotes":""},"categories":[1281],"tags":[43674],"class_list":["post-158328","post","type-post","status-publish","format-standard","hentry","category-claudia-rodriguez","tag-opinion"],"_links":{"self":[{"href":"https:\/\/www.diarioimagen.net\/index.php?rest_route=\/wp\/v2\/posts\/158328","targetHints":{"allow":["GET"]}}],"collection":[{"href":"https:\/\/www.diarioimagen.net\/index.php?rest_route=\/wp\/v2\/posts"}],"about":[{"href":"https:\/\/www.diarioimagen.net\/index.php?rest_route=\/wp\/v2\/types\/post"}],"author":[{"embeddable":true,"href":"https:\/\/www.diarioimagen.net\/index.php?rest_route=\/wp\/v2\/users\/3"}],"replies":[{"embeddable":true,"href":"https:\/\/www.diarioimagen.net\/index.php?rest_route=%2Fwp%2Fv2%2Fcomments&post=158328"}],"version-history":[{"count":0,"href":"https:\/\/www.diarioimagen.net\/index.php?rest_route=\/wp\/v2\/posts\/158328\/revisions"}],"wp:attachment":[{"href":"https:\/\/www.diarioimagen.net\/index.php?rest_route=%2Fwp%2Fv2%2Fmedia&parent=158328"}],"wp:term":[{"taxonomy":"category","embeddable":true,"href":"https:\/\/www.diarioimagen.net\/index.php?rest_route=%2Fwp%2Fv2%2Fcategories&post=158328"},{"taxonomy":"post_tag","embeddable":true,"href":"https:\/\/www.diarioimagen.net\/index.php?rest_route=%2Fwp%2Fv2%2Ftags&post=158328"}],"curies":[{"name":"wp","href":"https:\/\/api.w.org\/{rel}","templated":true}]}}