{"id":158381,"date":"2014-01-06T00:08:41","date_gmt":"2014-01-06T06:08:41","guid":{"rendered":"http:\/\/www.diarioimagen.net\/?p=158381"},"modified":"2014-01-06T02:04:16","modified_gmt":"2014-01-06T08:04:16","slug":"muere-mexicano-en-accidente-de-aviacion","status":"publish","type":"post","link":"https:\/\/www.diarioimagen.net\/?p=158381","title":{"rendered":"Muere mexicano en accidente de aviaci\u00f3n"},"content":{"rendered":"<ul>\n<li><strong><em>Ocurrido en Colorado<\/em><\/strong><\/li>\n<\/ul>\n<div id=\"attachment_158412\" style=\"width: 250px\" class=\"wp-caption alignleft\"><a href=\"http:\/\/www.diarioimagen.net\/wp-content\/uploads\/2014\/01\/aspen-2264.jpg\"><img loading=\"lazy\" decoding=\"async\" aria-describedby=\"caption-attachment-158412\" class=\"size-medium wp-image-158412\" alt=\"El avi\u00f3n era un Bombardier Challenger 600 que despeg\u00f3 ayer de Toluca.\" src=\"http:\/\/www.diarioimagen.net\/wp-content\/uploads\/2014\/01\/aspen-2264-240x135.jpg\" width=\"240\" height=\"135\" srcset=\"https:\/\/www.diarioimagen.net\/wp-content\/uploads\/2014\/01\/aspen-2264-240x135.jpg 240w, https:\/\/www.diarioimagen.net\/wp-content\/uploads\/2014\/01\/aspen-2264-420x236.jpg 420w, https:\/\/www.diarioimagen.net\/wp-content\/uploads\/2014\/01\/aspen-2264-235x132.jpg 235w, https:\/\/www.diarioimagen.net\/wp-content\/uploads\/2014\/01\/aspen-2264-202x114.jpg 202w, https:\/\/www.diarioimagen.net\/wp-content\/uploads\/2014\/01\/aspen-2264-350x196.jpg 350w, https:\/\/www.diarioimagen.net\/wp-content\/uploads\/2014\/01\/aspen-2264-220x123.jpg 220w, https:\/\/www.diarioimagen.net\/wp-content\/uploads\/2014\/01\/aspen-2264-237x132.jpg 237w, https:\/\/www.diarioimagen.net\/wp-content\/uploads\/2014\/01\/aspen-2264.jpg 480w\" sizes=\"auto, (max-width: 240px) 100vw, 240px\" \/><\/a><p id=\"caption-attachment-158412\" class=\"wp-caption-text\">El avi\u00f3n era un Bombardier Challenger 600 que despeg\u00f3 ayer de Toluca.<\/p><\/div>\n<p><strong>Colorado, \u00a0Estados Unidos<\/strong>.-\u00a0 Un mexicano muri\u00f3 cuando un jet ejecutivo que sali\u00f3 de Toluca se estrell\u00f3 y se incendi\u00f3 al intentar aterrizar en el aeropuerto de Aspen, una exclusiva estaci\u00f3n de esqu\u00ed en Colorado, oeste de Estados Unidos.<\/p>\n<p>La oficina del sheriff del condado de Pitkin confirm\u00f3 que una persona muri\u00f3 y que otras dos quedaron heridas, una de ellas de gravedad, cuando el aparato se estrell\u00f3 sobre la pista del aeropuerto del condado de Aspen-Pitkin.<\/p>\n<p>\u201cTres a bordo: un muerto, uno grave y otro con heridas leves\u201d, inform\u00f3 Ron Ryan, Sheriff adjunto del condado.<\/p>\n<p>Autoridades locales en Aspen reportaron que el avi\u00f3n era tripulado por los mexicanos Sergio y Arturo Carranza Bravata, y un pasajero de nombre Miguel Angel Enr\u00edquez. La persona que falleci\u00f3 en el accidente es el copiloto Sergio, de 54 a\u00f1os.<\/p>\n<p>El avi\u00f3n era un Bombardier Challenger 600 que despeg\u00f3 ayer de Toluca e hizo escala en Tucson, Arizona, indic\u00f3 un portavoz de la Agencia Federal de Aviaci\u00f3n (FAA), seg\u00fan el Aspen Daily News.<\/p>\n<p>Aspen es un destino popular para los famosos en Estados Unidos y tanto el actor Kevin Nealon como la cantante LeAnn Rimes publicaron tuits en los que afirmaban haber presenciado el accidente.<\/p>\n<p>\u201cHorrible accidente de avi\u00f3n aqu\u00ed en el aeropuerto de Aspen. Explot\u00f3 en llamas cuando aterrizaba. Creo que era un jet privado\u201d, escribi\u00f3 Nealon, m\u00e1s conocido por su papel en la serie de televisi\u00f3n \u201cWeeds\u201d.<\/p>\n<p>\u201cCamiones de bomberos y otros veh\u00edculos de emergencia est\u00e1n en el lugar. No hay noticias de sobrevivientes o de quienes se encontraban en el jet, pero no puedo imaginar que existan sobrevivientes\u201d, escribi\u00f3 Nealon en la red social Twitter.<\/p>\n<p>\u201cMuy triste. Terrible accidente de avi\u00f3n el que acabamos de presenciar en el aeropuerto de Aspen\u201d, escribi\u00f3 por su parte Rimes.<\/p>\n","protected":false},"excerpt":{"rendered":"<p>Un mexicano muri\u00f3 cuando un jet ejecutivo que sali\u00f3 de Toluca se estrell\u00f3 y se incendi\u00f3 al intentar aterrizar en el aeropuerto de Aspen, una exclusiva estaci\u00f3n de esqu\u00ed en Colorado, oeste de Estados Unidos.<\/p>\n","protected":false},"author":3,"featured_media":158412,"comment_status":"open","ping_status":"open","sticky":false,"template":"","format":"standard","meta":{"_monsterinsights_skip_tracking":false,"_monsterinsights_sitenote_active":false,"_monsterinsights_sitenote_note":"","_monsterinsights_sitenote_category":0,"footnotes":""},"categories":[5],"tags":[1944,177,452],"class_list":["post-158381","post","type-post","status-publish","format-standard","has-post-thumbnail","hentry","category-estado-de-mexico","tag-colorado","tag-estados-unidos","tag-toluca"],"_links":{"self":[{"href":"https:\/\/www.diarioimagen.net\/index.php?rest_route=\/wp\/v2\/posts\/158381","targetHints":{"allow":["GET"]}}],"collection":[{"href":"https:\/\/www.diarioimagen.net\/index.php?rest_route=\/wp\/v2\/posts"}],"about":[{"href":"https:\/\/www.diarioimagen.net\/index.php?rest_route=\/wp\/v2\/types\/post"}],"author":[{"embeddable":true,"href":"https:\/\/www.diarioimagen.net\/index.php?rest_route=\/wp\/v2\/users\/3"}],"replies":[{"embeddable":true,"href":"https:\/\/www.diarioimagen.net\/index.php?rest_route=%2Fwp%2Fv2%2Fcomments&post=158381"}],"version-history":[{"count":0,"href":"https:\/\/www.diarioimagen.net\/index.php?rest_route=\/wp\/v2\/posts\/158381\/revisions"}],"wp:featuredmedia":[{"embeddable":true,"href":"https:\/\/www.diarioimagen.net\/index.php?rest_route=\/wp\/v2\/media\/158412"}],"wp:attachment":[{"href":"https:\/\/www.diarioimagen.net\/index.php?rest_route=%2Fwp%2Fv2%2Fmedia&parent=158381"}],"wp:term":[{"taxonomy":"category","embeddable":true,"href":"https:\/\/www.diarioimagen.net\/index.php?rest_route=%2Fwp%2Fv2%2Fcategories&post=158381"},{"taxonomy":"post_tag","embeddable":true,"href":"https:\/\/www.diarioimagen.net\/index.php?rest_route=%2Fwp%2Fv2%2Ftags&post=158381"}],"curies":[{"name":"wp","href":"https:\/\/api.w.org\/{rel}","templated":true}]}}