{"id":158605,"date":"2014-01-07T12:43:54","date_gmt":"2014-01-07T18:43:54","guid":{"rendered":"http:\/\/www.diarioimagen.net\/?p=158605"},"modified":"2014-01-08T03:01:36","modified_gmt":"2014-01-08T09:01:36","slug":"crece-la-tension-en-tierra-caliente-por-bloqueos-carreteros","status":"publish","type":"post","link":"https:\/\/www.diarioimagen.net\/?p=158605","title":{"rendered":"Crece la tensi\u00f3n en Tierra Caliente, por bloqueos carreteros"},"content":{"rendered":"<div id=\"attachment_158606\" style=\"width: 250px\" class=\"wp-caption alignleft\"><img loading=\"lazy\" decoding=\"async\" aria-describedby=\"caption-attachment-158606\" class=\"size-medium wp-image-158606\" alt=\"Habitantes del municipio de Par\u00e1cuaro se sienten amenazados por el avance de los grupos de autodefensa en la regi\u00f3n de Tierra Caliente.\" src=\"http:\/\/www.diarioimagen.net\/wp-content\/uploads\/2014\/01\/BLOQUEOS-PORTAL-240x135.jpg\" width=\"240\" height=\"135\" srcset=\"https:\/\/www.diarioimagen.net\/wp-content\/uploads\/2014\/01\/BLOQUEOS-PORTAL-240x135.jpg 240w, https:\/\/www.diarioimagen.net\/wp-content\/uploads\/2014\/01\/BLOQUEOS-PORTAL-420x236.jpg 420w, https:\/\/www.diarioimagen.net\/wp-content\/uploads\/2014\/01\/BLOQUEOS-PORTAL-235x132.jpg 235w, https:\/\/www.diarioimagen.net\/wp-content\/uploads\/2014\/01\/BLOQUEOS-PORTAL-202x114.jpg 202w, https:\/\/www.diarioimagen.net\/wp-content\/uploads\/2014\/01\/BLOQUEOS-PORTAL-350x196.jpg 350w, https:\/\/www.diarioimagen.net\/wp-content\/uploads\/2014\/01\/BLOQUEOS-PORTAL-220x123.jpg 220w, https:\/\/www.diarioimagen.net\/wp-content\/uploads\/2014\/01\/BLOQUEOS-PORTAL-237x132.jpg 237w, https:\/\/www.diarioimagen.net\/wp-content\/uploads\/2014\/01\/BLOQUEOS-PORTAL.jpg 480w\" sizes=\"auto, (max-width: 240px) 100vw, 240px\" \/><p id=\"caption-attachment-158606\" class=\"wp-caption-text\">Habitantes del municipio de Par\u00e1cuaro se sienten amenazados por el avance de los grupos de autodefensa en la regi\u00f3n de Tierra Caliente.<\/p><\/div>\n<p>Par\u00e1cuaro, Michoac\u00e1n.- Tras dos d\u00edas de bloqueos en la carretera Cuatro Caminos-Apatzing\u00e1n la tensi\u00f3n en la regi\u00f3n de Tierra Caliente va en aumento, pues habitantes de la zona protestan as\u00ed por el\u00a0 avance de los grupos de autodefensa.<\/p>\n<p>La presidenta municipal de Par\u00e1cuaro, Lucila Barajas, asegur\u00f3 que ella fue la primera \u201csorprendida\u201d con la presencia de autodefensas en su municipio; la funcionaria se aperson\u00f3 ayer en la carretera bloqueada y se quej\u00f3 por la falta de apoyo de los gobiernos federal y estatal para rescatar a los 11 polic\u00edas retenidos el domingo por los civiles.<\/p>\n<p><span style=\"line-height: 1.5em;\">Las acciones de quienes se resisten a la presencia de los civiles armados incluyeron la retenci\u00f3n de un coronel del Ej\u00e9rcito y 13 soldados, situaci\u00f3n que oblig\u00f3 a movilizar a m\u00e1s de 300 efectivos para rescatar al mando militar y sus compa\u00f1eros.<\/span><\/p>\n<p><span style=\"line-height: 1.5em;\">La Tierra Caliente enfrenta as\u00ed unas de sus peores crisis de inseguridad: corridas de autobuses suspendidas, la carretera principal bloqueada con veh\u00edculos incendiados y la amenaza latente de m\u00e1s enfrentamientos entre civiles armados.<\/span><\/p>\n<p><strong>Retenci\u00f3n de 14 militares sube tensi\u00f3n en Michoac\u00e1n<\/strong><\/p>\n<p>Son detenidos por algunas horas y rescatados por m\u00e1s de 300 soldados; cumple bloqueo 48 horas; participantes piden al gobierno federal desarmar a las autodefensas.<\/p>\n","protected":false},"excerpt":{"rendered":"<p>Tras dos d\u00edas de bloqueos en la carretera Cuatro Caminos-Apatzing\u00e1n la tensi\u00f3n en la regi\u00f3n de Tierra Caliente va en aumento, pues habitantes de la zona protestan as\u00ed por el  avance de los grupos de autodefensa.<\/p>\n","protected":false},"author":5,"featured_media":158606,"comment_status":"open","ping_status":"open","sticky":false,"template":"","format":"standard","meta":{"_monsterinsights_skip_tracking":false,"_monsterinsights_sitenote_active":false,"_monsterinsights_sitenote_note":"","_monsterinsights_sitenote_category":0,"footnotes":""},"categories":[17],"tags":[],"class_list":["post-158605","post","type-post","status-publish","format-standard","has-post-thumbnail","hentry","category-especiales"],"_links":{"self":[{"href":"https:\/\/www.diarioimagen.net\/index.php?rest_route=\/wp\/v2\/posts\/158605","targetHints":{"allow":["GET"]}}],"collection":[{"href":"https:\/\/www.diarioimagen.net\/index.php?rest_route=\/wp\/v2\/posts"}],"about":[{"href":"https:\/\/www.diarioimagen.net\/index.php?rest_route=\/wp\/v2\/types\/post"}],"author":[{"embeddable":true,"href":"https:\/\/www.diarioimagen.net\/index.php?rest_route=\/wp\/v2\/users\/5"}],"replies":[{"embeddable":true,"href":"https:\/\/www.diarioimagen.net\/index.php?rest_route=%2Fwp%2Fv2%2Fcomments&post=158605"}],"version-history":[{"count":0,"href":"https:\/\/www.diarioimagen.net\/index.php?rest_route=\/wp\/v2\/posts\/158605\/revisions"}],"wp:featuredmedia":[{"embeddable":true,"href":"https:\/\/www.diarioimagen.net\/index.php?rest_route=\/wp\/v2\/media\/158606"}],"wp:attachment":[{"href":"https:\/\/www.diarioimagen.net\/index.php?rest_route=%2Fwp%2Fv2%2Fmedia&parent=158605"}],"wp:term":[{"taxonomy":"category","embeddable":true,"href":"https:\/\/www.diarioimagen.net\/index.php?rest_route=%2Fwp%2Fv2%2Fcategories&post=158605"},{"taxonomy":"post_tag","embeddable":true,"href":"https:\/\/www.diarioimagen.net\/index.php?rest_route=%2Fwp%2Fv2%2Ftags&post=158605"}],"curies":[{"name":"wp","href":"https:\/\/api.w.org\/{rel}","templated":true}]}}