{"id":158611,"date":"2014-01-08T00:03:39","date_gmt":"2014-01-08T06:03:39","guid":{"rendered":"http:\/\/www.diarioimagen.net\/?p=158611"},"modified":"2014-01-09T03:44:49","modified_gmt":"2014-01-09T09:44:49","slug":"prd-busca-a-amlo-para-defender-mayorias-empobrecidas-barbosa","status":"publish","type":"post","link":"https:\/\/www.diarioimagen.net\/?p=158611","title":{"rendered":"PRD busca a AMLO \u201cpara defender a las mayor\u00edas empobrecidas\u201d: Barbosa"},"content":{"rendered":"<ul>\n<li><strong><em>A\u00fan no hay negociaciones en San L\u00e1zaro sobre leyes reglamentarias<\/em><\/strong><\/li>\n<\/ul>\n<div id=\"attachment_158612\" style=\"width: 250px\" class=\"wp-caption alignleft\"><img loading=\"lazy\" decoding=\"async\" aria-describedby=\"caption-attachment-158612\" class=\"size-medium wp-image-158612 \" alt=\"Andr\u00e9s Manuel L\u00f3pez Obrador.\" src=\"http:\/\/www.diarioimagen.net\/wp-content\/uploads\/2014\/01\/amlo-portal-240x135.jpg\" width=\"240\" height=\"135\" srcset=\"https:\/\/www.diarioimagen.net\/wp-content\/uploads\/2014\/01\/amlo-portal-240x135.jpg 240w, https:\/\/www.diarioimagen.net\/wp-content\/uploads\/2014\/01\/amlo-portal-420x236.jpg 420w, https:\/\/www.diarioimagen.net\/wp-content\/uploads\/2014\/01\/amlo-portal-235x132.jpg 235w, https:\/\/www.diarioimagen.net\/wp-content\/uploads\/2014\/01\/amlo-portal-202x114.jpg 202w, https:\/\/www.diarioimagen.net\/wp-content\/uploads\/2014\/01\/amlo-portal-350x196.jpg 350w, https:\/\/www.diarioimagen.net\/wp-content\/uploads\/2014\/01\/amlo-portal-220x123.jpg 220w, https:\/\/www.diarioimagen.net\/wp-content\/uploads\/2014\/01\/amlo-portal-237x132.jpg 237w, https:\/\/www.diarioimagen.net\/wp-content\/uploads\/2014\/01\/amlo-portal.jpg 480w\" sizes=\"auto, (max-width: 240px) 100vw, 240px\" \/><p id=\"caption-attachment-158612\" class=\"wp-caption-text\">El coordinador de los senadores del PRD, Miguel Barbosa Huerta, inform\u00f3 que anda en busca de Andr\u00e9s Manuel L\u00f3pez Obrador, para pedirle que apoye a las mayor\u00edas empobrecidas.<\/p><\/div>\n<p>Como \u00e9ste es un a\u00f1o de definiciones en el que se juega el futuro de la naci\u00f3n, \u201cvamos a buscar a Andr\u00e9s Manuel L\u00f3pez Obrador\u201d para apoyar a las grandes mayor\u00edas empobrecidas, manifest\u00f3 el coordinador de senadores perredistas, Luis Miguel Barbosa Huerta.<\/p>\n<p>Este a\u00f1o, dijo, est\u00e1n en juego las reformas secundarias de energ\u00eda y de telecomunicaciones, as\u00ed como la consulta popular, y por ello el PRD desarrollar\u00e1 una estrategia pol\u00edtica de vinculaci\u00f3n de todas las izquierdas.<\/p>\n<p>Acompa\u00f1ado por la senadora Dolores Padierna, vicecoordinadora del grupo parlamentario, y varios integrantes de la bancada, Miguel Barbosa insisti\u00f3 en que van a hablar con L\u00f3pez Obrador, no a buscarlo ni a convocarlo, insistiendo en la necesidad, hoy m\u00e1s que nunca, de reunificar a las izquierdas, ante los graves problemas nacionales que se encarar\u00e1n en este a\u00f1o que inicia.<\/p>\n<p>En su primera conferencia, luego de pasar por la amputaci\u00f3n de su pie derecho a causa de la diabetes, el senador poblano sostuvo que solamente hay dos posiciones ideol\u00f3gicas en este momento: Un gobierno de derecha aliado con el PAN y la izquierda, \u201cque debe reivindicarse\u201d.<\/p>\n<p>Del PRI, Barbosa opin\u00f3 que ya no le quedan los aires de presunto \u201cnacional revolucionario\u201d. Cuestion\u00f3: \u201c\u00bfQu\u00e9 van a festejar el 5 de febrero? \u00bfQu\u00e9 van a festejar el 18 de marzo? \u00bfQu\u00e9 van a festejar el 21 de marzo? \u00bfLa reina de la primavera?\u201d.<\/p>\n<p>Por su parte, el vicecoordinador de los diputados del PRD, Miguel Alonso Raya, subray\u00f3 que aun cuando hay una larga lista de leyes reglamentarias a las reformas a la Constituci\u00f3n aprobadas el a\u00f1o pasado, los grupos parlamentarios a\u00fan no han iniciado negociaciones para desahogarlas en el siguiente periodo de sesiones.<\/p>\n<p>Enumer\u00f3 que est\u00e1n pendientes las leyes secundarias sobre asuntos energ\u00e9ticos, telecomunicaciones, transparencia, candidaturas independientes, anticorrupci\u00f3n, de salarios m\u00e1ximos, deuda, y consulta popular.<\/p>\n<p>&nbsp;<\/p>\n","protected":false},"excerpt":{"rendered":"<p>Como \u00e9ste es un a\u00f1o de definiciones en el que se juega el futuro de la naci\u00f3n, \u201cvamos a buscar a Andr\u00e9s Manuel L\u00f3pez Obrador\u201d para apoyar a las grandes mayor\u00edas empobrecidas, manifest\u00f3 el coordinador de senadores perredistas, Luis Miguel Barbosa Huerta.<\/p>\n","protected":false},"author":5,"featured_media":158612,"comment_status":"open","ping_status":"open","sticky":false,"template":"","format":"standard","meta":{"_monsterinsights_skip_tracking":false,"_monsterinsights_sitenote_active":false,"_monsterinsights_sitenote_note":"","_monsterinsights_sitenote_category":0,"footnotes":""},"categories":[17,3],"tags":[2545,1352,43673,211],"class_list":["post-158611","post","type-post","status-publish","format-standard","has-post-thumbnail","hentry","category-especiales","category-nacional","tag-amlo","tag-andres-manuel-lopez-obrador","tag-nacional","tag-prd"],"_links":{"self":[{"href":"https:\/\/www.diarioimagen.net\/index.php?rest_route=\/wp\/v2\/posts\/158611","targetHints":{"allow":["GET"]}}],"collection":[{"href":"https:\/\/www.diarioimagen.net\/index.php?rest_route=\/wp\/v2\/posts"}],"about":[{"href":"https:\/\/www.diarioimagen.net\/index.php?rest_route=\/wp\/v2\/types\/post"}],"author":[{"embeddable":true,"href":"https:\/\/www.diarioimagen.net\/index.php?rest_route=\/wp\/v2\/users\/5"}],"replies":[{"embeddable":true,"href":"https:\/\/www.diarioimagen.net\/index.php?rest_route=%2Fwp%2Fv2%2Fcomments&post=158611"}],"version-history":[{"count":0,"href":"https:\/\/www.diarioimagen.net\/index.php?rest_route=\/wp\/v2\/posts\/158611\/revisions"}],"wp:featuredmedia":[{"embeddable":true,"href":"https:\/\/www.diarioimagen.net\/index.php?rest_route=\/wp\/v2\/media\/158612"}],"wp:attachment":[{"href":"https:\/\/www.diarioimagen.net\/index.php?rest_route=%2Fwp%2Fv2%2Fmedia&parent=158611"}],"wp:term":[{"taxonomy":"category","embeddable":true,"href":"https:\/\/www.diarioimagen.net\/index.php?rest_route=%2Fwp%2Fv2%2Fcategories&post=158611"},{"taxonomy":"post_tag","embeddable":true,"href":"https:\/\/www.diarioimagen.net\/index.php?rest_route=%2Fwp%2Fv2%2Ftags&post=158611"}],"curies":[{"name":"wp","href":"https:\/\/api.w.org\/{rel}","templated":true}]}}